{"id":4917,"date":"2019-09-16T00:00:00","date_gmt":"2019-09-15T22:00:00","guid":{"rendered":"https:\/\/preweb.artyplan.com\/sin-categorizar\/decoracio-despais-interiors\/"},"modified":"2025-09-07T16:07:17","modified_gmt":"2025-09-07T14:07:17","slug":"decoracio-despais-interiors","status":"publish","type":"post","link":"https:\/\/artyplanevents.com\/ca\/blog\/decoracio-despais-interiors\/","title":{"rendered":"DECORACI\u00d3 D\u2019ESPAIS INTERIORS"},"content":{"rendered":"<p>A Artyplan som conscients de la import\u00e0ncia de la decoraci\u00f3 d&#8217;espais interiors, els nostres professionals poden assessorar arquitectes, interioristes i particulars, garantint un proc\u00e9s 360\u00ba, des de l&#8217;an\u00e0lisi de l&#8217;espai fins a la implantaci\u00f3 de les peces creatives confeccionades.<\/p>\n<p>Treballem amb materials de qualitat per poder oferir un servei \u00f2ptim, resistents per a tota mena de decoracions, tant a paret com a terra, sostres, finestres o portes.<\/p>\n<p>Imprimim sobre un ampli ventall de suports, tant r\u00edgids com flexibles, que sens dubte podran embellir comer\u00e7os, oficines, hotels, restaurants i establiments d&#8217;oci i equipaments culturals o esportius&#8230; i les vostres llars.<\/p>\n<p>Apliquem tintes l\u00e0tex de base aquosa que no desprenen cap olor i a m\u00e9s no generen residus de tipus contaminant, el que les fa indicades per a decorar espais interiors, gr\u00e0cies a la impressi\u00f3 digital podem oferir un ampli ventalls de possibilitats per dotar el teu establiment d&#8217;identitat pr\u00f2pia.<\/p>\n<p>La decoraci\u00f3 d\u2019espais interiors, pot influir positivament en el nostre estat d\u2019\u00e0nim, la nostra comoditat, i incrementa la sensaci\u00f3 de confort.<\/p>\n<p>A m\u00e9s a m\u00e9s, no \u00e9s necessari pintar ni endinsar-se en una gran reforma per tal de decorar l\u2019espai, amb els nostres vinils adhesius, t\u2019ho posem d\u2019all\u00f2 m\u00e9s f\u00e0cil.<\/p>\n\n","protected":false},"excerpt":{"rendered":"<p>A Artyplan som conscients de la import\u00e0ncia de la decoraci\u00f3 d&#8217;espais interiors, els nostres professionals poden assessorar arquitectes, interioristes i particulars, garantint un proc\u00e9s 360\u00ba, des de l&#8217;an\u00e0lisi de l&#8217;espai fins a la implantaci\u00f3 de les peces creatives confeccionades. Treballem amb materials de qualitat per poder oferir un servei \u00f2ptim, resistents per a tota mena [&hellip;]<\/p>\n","protected":false},"author":1,"featured_media":6890,"comment_status":"closed","ping_status":"closed","sticky":false,"template":"","format":"standard","meta":{"footnotes":""},"categories":[33],"tags":[],"class_list":["post-4917","post","type-post","status-publish","format-standard","has-post-thumbnail","hentry","category-noticies"],"yoast_head":"<!-- This site is optimized with the Yoast SEO plugin v27.4 - https:\/\/yoast.com\/product\/yoast-seo-wordpress\/ -->\n<title>DECORACI\u00d3 D\u2019ESPAIS INTERIORS | Artyplan<\/title>\n<meta name=\"description\" content=\"Ens encarreguem de la impressi\u00f3 i decoraci\u00f3 d&#039;espais interiors per a aconseguir espais m\u00e9s amens, concorde a cada necessitat.\" \/>\n<meta name=\"robots\" content=\"noindex, follow, max-snippet:-1, max-image-preview:large, max-video-preview:-1\" \/>\n<meta property=\"og:locale\" content=\"ca_ES\" \/>\n<meta property=\"og:type\" content=\"article\" \/>\n<meta property=\"og:title\" content=\"DECORACI\u00d3 D\u2019ESPAIS INTERIORS | Artyplan\" \/>\n<meta property=\"og:description\" content=\"Ens encarreguem de la impressi\u00f3 i decoraci\u00f3 d&#039;espais interiors per a aconseguir espais m\u00e9s amens, concorde a cada necessitat.\" \/>\n<meta property=\"og:url\" content=\"https:\/\/artyplanevents.com\/ca\/blog\/decoracio-despais-interiors\/\" \/>\n<meta property=\"og:site_name\" content=\"Artyplan\" \/>\n<meta property=\"article:publisher\" content=\"https:\/\/www.facebook.com\/artyplan\" \/>\n<meta property=\"article:published_time\" content=\"2019-09-15T22:00:00+00:00\" \/>\n<meta property=\"article:modified_time\" content=\"2025-09-07T14:07:17+00:00\" \/>\n<meta property=\"og:image\" content=\"https:\/\/artyplanevents.com\/wp-content\/uploads\/2025\/09\/decoracion-interiores.jpg\" \/>\n\t<meta property=\"og:image:width\" content=\"800\" \/>\n\t<meta property=\"og:image:height\" content=\"800\" \/>\n\t<meta property=\"og:image:type\" content=\"image\/jpeg\" \/>\n<meta name=\"author\" content=\"jcartagena\" \/>\n<meta name=\"twitter:card\" content=\"summary_large_image\" \/>\n<meta name=\"twitter:creator\" content=\"@artyplan\" \/>\n<meta name=\"twitter:site\" content=\"@artyplan\" \/>\n<meta name=\"twitter:label1\" content=\"Escrit per\" \/>\n\t<meta name=\"twitter:data1\" content=\"jcartagena\" \/>\n\t<meta name=\"twitter:label2\" content=\"Temps estimat de lectura\" \/>\n\t<meta name=\"twitter:data2\" content=\"1 minut\" \/>\n<script type=\"application\/ld+json\" class=\"yoast-schema-graph\">{\"@context\":\"https:\\\/\\\/schema.org\",\"@graph\":[{\"@type\":\"Article\",\"@id\":\"https:\\\/\\\/artyplanevents.com\\\/ca\\\/blog\\\/decoracio-despais-interiors\\\/#article\",\"isPartOf\":{\"@id\":\"https:\\\/\\\/artyplanevents.com\\\/ca\\\/blog\\\/decoracio-despais-interiors\\\/\"},\"author\":{\"name\":\"jcartagena\",\"@id\":\"https:\\\/\\\/artyplanevents.com\\\/ca\\\/#\\\/schema\\\/person\\\/7e099d8fb4e2e75f604bce6a0026fc08\"},\"headline\":\"DECORACI\u00d3 D\u2019ESPAIS INTERIORS\",\"datePublished\":\"2019-09-15T22:00:00+00:00\",\"dateModified\":\"2025-09-07T14:07:17+00:00\",\"mainEntityOfPage\":{\"@id\":\"https:\\\/\\\/artyplanevents.com\\\/ca\\\/blog\\\/decoracio-despais-interiors\\\/\"},\"wordCount\":304,\"publisher\":{\"@id\":\"https:\\\/\\\/artyplanevents.com\\\/ca\\\/#organization\"},\"image\":{\"@id\":\"https:\\\/\\\/artyplanevents.com\\\/ca\\\/blog\\\/decoracio-despais-interiors\\\/#primaryimage\"},\"thumbnailUrl\":\"https:\\\/\\\/artyplanevents.com\\\/wp-content\\\/uploads\\\/2025\\\/09\\\/decoracion-interiores.jpg\",\"articleSection\":[\"Noticies\"],\"inLanguage\":\"ca\"},{\"@type\":\"WebPage\",\"@id\":\"https:\\\/\\\/artyplanevents.com\\\/ca\\\/blog\\\/decoracio-despais-interiors\\\/\",\"url\":\"https:\\\/\\\/artyplanevents.com\\\/ca\\\/blog\\\/decoracio-despais-interiors\\\/\",\"name\":\"DECORACI\u00d3 D\u2019ESPAIS INTERIORS | Artyplan\",\"isPartOf\":{\"@id\":\"https:\\\/\\\/artyplanevents.com\\\/ca\\\/#website\"},\"primaryImageOfPage\":{\"@id\":\"https:\\\/\\\/artyplanevents.com\\\/ca\\\/blog\\\/decoracio-despais-interiors\\\/#primaryimage\"},\"image\":{\"@id\":\"https:\\\/\\\/artyplanevents.com\\\/ca\\\/blog\\\/decoracio-despais-interiors\\\/#primaryimage\"},\"thumbnailUrl\":\"https:\\\/\\\/artyplanevents.com\\\/wp-content\\\/uploads\\\/2025\\\/09\\\/decoracion-interiores.jpg\",\"datePublished\":\"2019-09-15T22:00:00+00:00\",\"dateModified\":\"2025-09-07T14:07:17+00:00\",\"description\":\"Ens encarreguem de la impressi\u00f3 i decoraci\u00f3 d'espais interiors per a aconseguir espais m\u00e9s amens, concorde a cada necessitat.\",\"breadcrumb\":{\"@id\":\"https:\\\/\\\/artyplanevents.com\\\/ca\\\/blog\\\/decoracio-despais-interiors\\\/#breadcrumb\"},\"inLanguage\":\"ca\",\"potentialAction\":[{\"@type\":\"ReadAction\",\"target\":[\"https:\\\/\\\/artyplanevents.com\\\/ca\\\/blog\\\/decoracio-despais-interiors\\\/\"]}]},{\"@type\":\"ImageObject\",\"inLanguage\":\"ca\",\"@id\":\"https:\\\/\\\/artyplanevents.com\\\/ca\\\/blog\\\/decoracio-despais-interiors\\\/#primaryimage\",\"url\":\"https:\\\/\\\/artyplanevents.com\\\/wp-content\\\/uploads\\\/2025\\\/09\\\/decoracion-interiores.jpg\",\"contentUrl\":\"https:\\\/\\\/artyplanevents.com\\\/wp-content\\\/uploads\\\/2025\\\/09\\\/decoracion-interiores.jpg\",\"width\":800,\"height\":800,\"caption\":\"decoraci\u00f3 d'espais interiors\"},{\"@type\":\"BreadcrumbList\",\"@id\":\"https:\\\/\\\/artyplanevents.com\\\/ca\\\/blog\\\/decoracio-despais-interiors\\\/#breadcrumb\",\"itemListElement\":[{\"@type\":\"ListItem\",\"position\":1,\"name\":\"Artyplan\",\"item\":\"https:\\\/\\\/artyplanevents.com\\\/ca\\\/\"},{\"@type\":\"ListItem\",\"position\":2,\"name\":\"DECORACI\u00d3 D\u2019ESPAIS INTERIORS\"}]},{\"@type\":\"WebSite\",\"@id\":\"https:\\\/\\\/artyplanevents.com\\\/ca\\\/#website\",\"url\":\"https:\\\/\\\/artyplanevents.com\\\/ca\\\/\",\"name\":\"Artyplan\",\"description\":\"\",\"publisher\":{\"@id\":\"https:\\\/\\\/artyplanevents.com\\\/ca\\\/#organization\"},\"potentialAction\":[{\"@type\":\"SearchAction\",\"target\":{\"@type\":\"EntryPoint\",\"urlTemplate\":\"https:\\\/\\\/artyplanevents.com\\\/ca\\\/?s={search_term_string}\"},\"query-input\":{\"@type\":\"PropertyValueSpecification\",\"valueRequired\":true,\"valueName\":\"search_term_string\"}}],\"inLanguage\":\"ca\"},{\"@type\":\"Organization\",\"@id\":\"https:\\\/\\\/artyplanevents.com\\\/ca\\\/#organization\",\"name\":\"Artyplan\",\"url\":\"https:\\\/\\\/artyplanevents.com\\\/ca\\\/\",\"logo\":{\"@type\":\"ImageObject\",\"inLanguage\":\"ca\",\"@id\":\"https:\\\/\\\/artyplanevents.com\\\/ca\\\/#\\\/schema\\\/logo\\\/image\\\/\",\"url\":\"https:\\\/\\\/preweb.artyplan.com\\\/wp-content\\\/uploads\\\/2025\\\/11\\\/Logo-artyplan-690x690-1.png\",\"contentUrl\":\"https:\\\/\\\/preweb.artyplan.com\\\/wp-content\\\/uploads\\\/2025\\\/11\\\/Logo-artyplan-690x690-1.png\",\"width\":690,\"height\":690,\"caption\":\"Artyplan\"},\"image\":{\"@id\":\"https:\\\/\\\/artyplanevents.com\\\/ca\\\/#\\\/schema\\\/logo\\\/image\\\/\"},\"sameAs\":[\"https:\\\/\\\/www.facebook.com\\\/artyplan\",\"https:\\\/\\\/x.com\\\/artyplan\"]},{\"@type\":\"Person\",\"@id\":\"https:\\\/\\\/artyplanevents.com\\\/ca\\\/#\\\/schema\\\/person\\\/7e099d8fb4e2e75f604bce6a0026fc08\",\"name\":\"jcartagena\",\"image\":{\"@type\":\"ImageObject\",\"inLanguage\":\"ca\",\"@id\":\"https:\\\/\\\/secure.gravatar.com\\\/avatar\\\/74b6898d9dd18bcd06e733678b696165da09bb7631730fd9477d49273abe408c?s=96&d=mm&r=g\",\"url\":\"https:\\\/\\\/secure.gravatar.com\\\/avatar\\\/74b6898d9dd18bcd06e733678b696165da09bb7631730fd9477d49273abe408c?s=96&d=mm&r=g\",\"contentUrl\":\"https:\\\/\\\/secure.gravatar.com\\\/avatar\\\/74b6898d9dd18bcd06e733678b696165da09bb7631730fd9477d49273abe408c?s=96&d=mm&r=g\",\"caption\":\"jcartagena\"},\"sameAs\":[\"https:\\\/\\\/preweb.artyplan.com\"],\"url\":\"https:\\\/\\\/artyplanevents.com\\\/ca\\\/author\\\/jcartagena\\\/\"}]}<\/script>\n<!-- \/ Yoast SEO plugin. -->","yoast_head_json":{"title":"DECORACI\u00d3 D\u2019ESPAIS INTERIORS | Artyplan","description":"Ens encarreguem de la impressi\u00f3 i decoraci\u00f3 d'espais interiors per a aconseguir espais m\u00e9s amens, concorde a cada necessitat.","robots":{"index":"noindex","follow":"follow","max-snippet":"max-snippet:-1","max-image-preview":"max-image-preview:large","max-video-preview":"max-video-preview:-1"},"og_locale":"ca_ES","og_type":"article","og_title":"DECORACI\u00d3 D\u2019ESPAIS INTERIORS | Artyplan","og_description":"Ens encarreguem de la impressi\u00f3 i decoraci\u00f3 d'espais interiors per a aconseguir espais m\u00e9s amens, concorde a cada necessitat.","og_url":"https:\/\/artyplanevents.com\/ca\/blog\/decoracio-despais-interiors\/","og_site_name":"Artyplan","article_publisher":"https:\/\/www.facebook.com\/artyplan","article_published_time":"2019-09-15T22:00:00+00:00","article_modified_time":"2025-09-07T14:07:17+00:00","og_image":[{"width":800,"height":800,"url":"https:\/\/artyplanevents.com\/wp-content\/uploads\/2025\/09\/decoracion-interiores.jpg","type":"image\/jpeg"}],"author":"jcartagena","twitter_card":"summary_large_image","twitter_creator":"@artyplan","twitter_site":"@artyplan","twitter_misc":{"Escrit per":"jcartagena","Temps estimat de lectura":"1 minut"},"schema":{"@context":"https:\/\/schema.org","@graph":[{"@type":"Article","@id":"https:\/\/artyplanevents.com\/ca\/blog\/decoracio-despais-interiors\/#article","isPartOf":{"@id":"https:\/\/artyplanevents.com\/ca\/blog\/decoracio-despais-interiors\/"},"author":{"name":"jcartagena","@id":"https:\/\/artyplanevents.com\/ca\/#\/schema\/person\/7e099d8fb4e2e75f604bce6a0026fc08"},"headline":"DECORACI\u00d3 D\u2019ESPAIS INTERIORS","datePublished":"2019-09-15T22:00:00+00:00","dateModified":"2025-09-07T14:07:17+00:00","mainEntityOfPage":{"@id":"https:\/\/artyplanevents.com\/ca\/blog\/decoracio-despais-interiors\/"},"wordCount":304,"publisher":{"@id":"https:\/\/artyplanevents.com\/ca\/#organization"},"image":{"@id":"https:\/\/artyplanevents.com\/ca\/blog\/decoracio-despais-interiors\/#primaryimage"},"thumbnailUrl":"https:\/\/artyplanevents.com\/wp-content\/uploads\/2025\/09\/decoracion-interiores.jpg","articleSection":["Noticies"],"inLanguage":"ca"},{"@type":"WebPage","@id":"https:\/\/artyplanevents.com\/ca\/blog\/decoracio-despais-interiors\/","url":"https:\/\/artyplanevents.com\/ca\/blog\/decoracio-despais-interiors\/","name":"DECORACI\u00d3 D\u2019ESPAIS INTERIORS | Artyplan","isPartOf":{"@id":"https:\/\/artyplanevents.com\/ca\/#website"},"primaryImageOfPage":{"@id":"https:\/\/artyplanevents.com\/ca\/blog\/decoracio-despais-interiors\/#primaryimage"},"image":{"@id":"https:\/\/artyplanevents.com\/ca\/blog\/decoracio-despais-interiors\/#primaryimage"},"thumbnailUrl":"https:\/\/artyplanevents.com\/wp-content\/uploads\/2025\/09\/decoracion-interiores.jpg","datePublished":"2019-09-15T22:00:00+00:00","dateModified":"2025-09-07T14:07:17+00:00","description":"Ens encarreguem de la impressi\u00f3 i decoraci\u00f3 d'espais interiors per a aconseguir espais m\u00e9s amens, concorde a cada necessitat.","breadcrumb":{"@id":"https:\/\/artyplanevents.com\/ca\/blog\/decoracio-despais-interiors\/#breadcrumb"},"inLanguage":"ca","potentialAction":[{"@type":"ReadAction","target":["https:\/\/artyplanevents.com\/ca\/blog\/decoracio-despais-interiors\/"]}]},{"@type":"ImageObject","inLanguage":"ca","@id":"https:\/\/artyplanevents.com\/ca\/blog\/decoracio-despais-interiors\/#primaryimage","url":"https:\/\/artyplanevents.com\/wp-content\/uploads\/2025\/09\/decoracion-interiores.jpg","contentUrl":"https:\/\/artyplanevents.com\/wp-content\/uploads\/2025\/09\/decoracion-interiores.jpg","width":800,"height":800,"caption":"decoraci\u00f3 d'espais interiors"},{"@type":"BreadcrumbList","@id":"https:\/\/artyplanevents.com\/ca\/blog\/decoracio-despais-interiors\/#breadcrumb","itemListElement":[{"@type":"ListItem","position":1,"name":"Artyplan","item":"https:\/\/artyplanevents.com\/ca\/"},{"@type":"ListItem","position":2,"name":"DECORACI\u00d3 D\u2019ESPAIS INTERIORS"}]},{"@type":"WebSite","@id":"https:\/\/artyplanevents.com\/ca\/#website","url":"https:\/\/artyplanevents.com\/ca\/","name":"Artyplan","description":"","publisher":{"@id":"https:\/\/artyplanevents.com\/ca\/#organization"},"potentialAction":[{"@type":"SearchAction","target":{"@type":"EntryPoint","urlTemplate":"https:\/\/artyplanevents.com\/ca\/?s={search_term_string}"},"query-input":{"@type":"PropertyValueSpecification","valueRequired":true,"valueName":"search_term_string"}}],"inLanguage":"ca"},{"@type":"Organization","@id":"https:\/\/artyplanevents.com\/ca\/#organization","name":"Artyplan","url":"https:\/\/artyplanevents.com\/ca\/","logo":{"@type":"ImageObject","inLanguage":"ca","@id":"https:\/\/artyplanevents.com\/ca\/#\/schema\/logo\/image\/","url":"https:\/\/preweb.artyplan.com\/wp-content\/uploads\/2025\/11\/Logo-artyplan-690x690-1.png","contentUrl":"https:\/\/preweb.artyplan.com\/wp-content\/uploads\/2025\/11\/Logo-artyplan-690x690-1.png","width":690,"height":690,"caption":"Artyplan"},"image":{"@id":"https:\/\/artyplanevents.com\/ca\/#\/schema\/logo\/image\/"},"sameAs":["https:\/\/www.facebook.com\/artyplan","https:\/\/x.com\/artyplan"]},{"@type":"Person","@id":"https:\/\/artyplanevents.com\/ca\/#\/schema\/person\/7e099d8fb4e2e75f604bce6a0026fc08","name":"jcartagena","image":{"@type":"ImageObject","inLanguage":"ca","@id":"https:\/\/secure.gravatar.com\/avatar\/74b6898d9dd18bcd06e733678b696165da09bb7631730fd9477d49273abe408c?s=96&d=mm&r=g","url":"https:\/\/secure.gravatar.com\/avatar\/74b6898d9dd18bcd06e733678b696165da09bb7631730fd9477d49273abe408c?s=96&d=mm&r=g","contentUrl":"https:\/\/secure.gravatar.com\/avatar\/74b6898d9dd18bcd06e733678b696165da09bb7631730fd9477d49273abe408c?s=96&d=mm&r=g","caption":"jcartagena"},"sameAs":["https:\/\/preweb.artyplan.com"],"url":"https:\/\/artyplanevents.com\/ca\/author\/jcartagena\/"}]}},"_links":{"self":[{"href":"https:\/\/artyplanevents.com\/ca\/wp-json\/wp\/v2\/posts\/4917","targetHints":{"allow":["GET"]}}],"collection":[{"href":"https:\/\/artyplanevents.com\/ca\/wp-json\/wp\/v2\/posts"}],"about":[{"href":"https:\/\/artyplanevents.com\/ca\/wp-json\/wp\/v2\/types\/post"}],"author":[{"embeddable":true,"href":"https:\/\/artyplanevents.com\/ca\/wp-json\/wp\/v2\/users\/1"}],"replies":[{"embeddable":true,"href":"https:\/\/artyplanevents.com\/ca\/wp-json\/wp\/v2\/comments?post=4917"}],"version-history":[{"count":1,"href":"https:\/\/artyplanevents.com\/ca\/wp-json\/wp\/v2\/posts\/4917\/revisions"}],"predecessor-version":[{"id":4918,"href":"https:\/\/artyplanevents.com\/ca\/wp-json\/wp\/v2\/posts\/4917\/revisions\/4918"}],"wp:featuredmedia":[{"embeddable":true,"href":"https:\/\/artyplanevents.com\/ca\/wp-json\/wp\/v2\/media\/6890"}],"wp:attachment":[{"href":"https:\/\/artyplanevents.com\/ca\/wp-json\/wp\/v2\/media?parent=4917"}],"wp:term":[{"taxonomy":"category","embeddable":true,"href":"https:\/\/artyplanevents.com\/ca\/wp-json\/wp\/v2\/categories?post=4917"},{"taxonomy":"post_tag","embeddable":true,"href":"https:\/\/artyplanevents.com\/ca\/wp-json\/wp\/v2\/tags?post=4917"}],"curies":[{"name":"wp","href":"https:\/\/api.w.org\/{rel}","templated":true}]}}