{"id":4920,"date":"2019-10-30T00:00:00","date_gmt":"2019-10-29T22:00:00","guid":{"rendered":"https:\/\/preweb.artyplan.com\/sin-categorizar\/instal%c2%b7lacio-de-vinils-ultra-tack-al-concessionari-oficial-daudi-mogauto\/"},"modified":"2025-09-07T16:07:25","modified_gmt":"2025-09-07T14:07:25","slug":"instal%c2%b7lacio-de-vinils-ultra-tack-al-concessionari-oficial-daudi-mogauto","status":"publish","type":"post","link":"https:\/\/artyplanevents.com\/ca\/blog\/installacio-de-vinils-ultra-tack-al-concessionari-oficial-daudi-mogauto\/","title":{"rendered":"Audi Mogauto, decoraci\u00f3 amb vinils de gran format"},"content":{"rendered":"<p>Ens adaptem a l\u2019espai del qual disposes i aprofitem cada detall. Hem instal\u00b7lat <strong>vinils ultra tack<\/strong> al concessionari oficial d\u2019Audi Mogauto a Passeig Guayaquil n5, a Barcelona!<\/p>\n<p>Aquest tipus de vinil, \u00e9s el m\u00e9s adequat per aplicar sobre parets dif\u00edcils, amb baixa adher\u00e8ncia o rugositats.<\/p>\n<p>Comunicar a trav\u00e9s de la personalitzaci\u00f3 d\u2019espais afavoreix la compra dels clients. Des d\u2019Artyplan hem intervingut a la zona principal, a la planta baixa creant diversos ambients, al garatge, i a les diferents zones d\u2019exposici\u00f3 de cotxes a la part superior de l\u2019edifici creant climes de treball integrats a l\u2019entorn.<\/p>\n<p>Podem ajudar-te! T\u2019oferim una experi\u00e8ncia global, des de la preparaci\u00f3 del disseny, propostes de diverses solucions de suports i materials, fins a la instal\u00b7laci\u00f3.<\/p>\n\n","protected":false},"excerpt":{"rendered":"<p>Ens adaptem a l\u2019espai del qual disposes i aprofitem cada detall. Hem instal\u00b7lat vinils ultra tack al concessionari oficial d\u2019Audi Mogauto a Passeig Guayaquil n5, a Barcelona! Aquest tipus de vinil, \u00e9s el m\u00e9s adequat per aplicar sobre parets dif\u00edcils, amb baixa adher\u00e8ncia o rugositats. Comunicar a trav\u00e9s de la personalitzaci\u00f3 d\u2019espais afavoreix la compra [&hellip;]<\/p>\n","protected":false},"author":1,"featured_media":4922,"comment_status":"closed","ping_status":"closed","sticky":false,"template":"","format":"standard","meta":{"footnotes":""},"categories":[33],"tags":[],"class_list":["post-4920","post","type-post","status-publish","format-standard","has-post-thumbnail","hentry","category-noticies"],"yoast_head":"<!-- This site is optimized with the Yoast SEO plugin v27.4 - https:\/\/yoast.com\/product\/yoast-seo-wordpress\/ -->\n<title>Audi Mogauto, decoraci\u00f3 amb vinils de gran format | Artyplan<\/title>\n<meta name=\"description\" content=\"Hem instal\u00b7lat vinils ultres tack en el concessionari Audi Mogauto. Aquest vinil \u00e9s adequat per a parets amb baixa adher\u00e8ncia o rugositats.\" \/>\n<meta name=\"robots\" content=\"noindex, follow, max-snippet:-1, max-image-preview:large, max-video-preview:-1\" \/>\n<meta property=\"og:locale\" content=\"ca_ES\" \/>\n<meta property=\"og:type\" content=\"article\" \/>\n<meta property=\"og:title\" content=\"Audi Mogauto, decoraci\u00f3 amb vinils de gran format | Artyplan\" \/>\n<meta property=\"og:description\" content=\"Hem instal\u00b7lat vinils ultres tack en el concessionari Audi Mogauto. Aquest vinil \u00e9s adequat per a parets amb baixa adher\u00e8ncia o rugositats.\" \/>\n<meta property=\"og:url\" content=\"https:\/\/artyplanevents.com\/ca\/blog\/installacio-de-vinils-ultra-tack-al-concessionari-oficial-daudi-mogauto\/\" \/>\n<meta property=\"og:site_name\" content=\"Artyplan\" \/>\n<meta property=\"article:publisher\" content=\"https:\/\/www.facebook.com\/artyplan\" \/>\n<meta property=\"article:published_time\" content=\"2019-10-29T22:00:00+00:00\" \/>\n<meta property=\"article:modified_time\" content=\"2025-09-07T14:07:25+00:00\" \/>\n<meta property=\"og:image\" content=\"https:\/\/artyplanevents.com\/wp-content\/uploads\/2025\/09\/audi-decoracion-gran-formato.jpg\" \/>\n\t<meta property=\"og:image:width\" content=\"888\" \/>\n\t<meta property=\"og:image:height\" content=\"594\" \/>\n\t<meta property=\"og:image:type\" content=\"image\/jpeg\" \/>\n<meta name=\"author\" content=\"jcartagena\" \/>\n<meta name=\"twitter:card\" content=\"summary_large_image\" \/>\n<meta name=\"twitter:creator\" content=\"@artyplan\" \/>\n<meta name=\"twitter:site\" content=\"@artyplan\" \/>\n<meta name=\"twitter:label1\" content=\"Escrit per\" \/>\n\t<meta name=\"twitter:data1\" content=\"jcartagena\" \/>\n\t<meta name=\"twitter:label2\" content=\"Temps estimat de lectura\" \/>\n\t<meta name=\"twitter:data2\" content=\"1 minut\" \/>\n<script type=\"application\/ld+json\" class=\"yoast-schema-graph\">{\"@context\":\"https:\\\/\\\/schema.org\",\"@graph\":[{\"@type\":\"Article\",\"@id\":\"https:\\\/\\\/artyplanevents.com\\\/ca\\\/blog\\\/installacio-de-vinils-ultra-tack-al-concessionari-oficial-daudi-mogauto\\\/#article\",\"isPartOf\":{\"@id\":\"https:\\\/\\\/artyplanevents.com\\\/ca\\\/blog\\\/installacio-de-vinils-ultra-tack-al-concessionari-oficial-daudi-mogauto\\\/\"},\"author\":{\"name\":\"jcartagena\",\"@id\":\"https:\\\/\\\/artyplanevents.com\\\/ca\\\/#\\\/schema\\\/person\\\/7e099d8fb4e2e75f604bce6a0026fc08\"},\"headline\":\"Audi Mogauto, decoraci\u00f3 amb vinils de gran format\",\"datePublished\":\"2019-10-29T22:00:00+00:00\",\"dateModified\":\"2025-09-07T14:07:25+00:00\",\"mainEntityOfPage\":{\"@id\":\"https:\\\/\\\/artyplanevents.com\\\/ca\\\/blog\\\/installacio-de-vinils-ultra-tack-al-concessionari-oficial-daudi-mogauto\\\/\"},\"wordCount\":151,\"publisher\":{\"@id\":\"https:\\\/\\\/artyplanevents.com\\\/ca\\\/#organization\"},\"image\":{\"@id\":\"https:\\\/\\\/artyplanevents.com\\\/ca\\\/blog\\\/installacio-de-vinils-ultra-tack-al-concessionari-oficial-daudi-mogauto\\\/#primaryimage\"},\"thumbnailUrl\":\"https:\\\/\\\/artyplanevents.com\\\/wp-content\\\/uploads\\\/2025\\\/09\\\/audi-decoracion-gran-formato.jpg\",\"articleSection\":[\"Noticies\"],\"inLanguage\":\"ca\"},{\"@type\":\"WebPage\",\"@id\":\"https:\\\/\\\/artyplanevents.com\\\/ca\\\/blog\\\/installacio-de-vinils-ultra-tack-al-concessionari-oficial-daudi-mogauto\\\/\",\"url\":\"https:\\\/\\\/artyplanevents.com\\\/ca\\\/blog\\\/installacio-de-vinils-ultra-tack-al-concessionari-oficial-daudi-mogauto\\\/\",\"name\":\"Audi Mogauto, decoraci\u00f3 amb vinils de gran format | Artyplan\",\"isPartOf\":{\"@id\":\"https:\\\/\\\/artyplanevents.com\\\/ca\\\/#website\"},\"primaryImageOfPage\":{\"@id\":\"https:\\\/\\\/artyplanevents.com\\\/ca\\\/blog\\\/installacio-de-vinils-ultra-tack-al-concessionari-oficial-daudi-mogauto\\\/#primaryimage\"},\"image\":{\"@id\":\"https:\\\/\\\/artyplanevents.com\\\/ca\\\/blog\\\/installacio-de-vinils-ultra-tack-al-concessionari-oficial-daudi-mogauto\\\/#primaryimage\"},\"thumbnailUrl\":\"https:\\\/\\\/artyplanevents.com\\\/wp-content\\\/uploads\\\/2025\\\/09\\\/audi-decoracion-gran-formato.jpg\",\"datePublished\":\"2019-10-29T22:00:00+00:00\",\"dateModified\":\"2025-09-07T14:07:25+00:00\",\"description\":\"Hem instal\u00b7lat vinils ultres tack en el concessionari Audi Mogauto. Aquest vinil \u00e9s adequat per a parets amb baixa adher\u00e8ncia o rugositats.\",\"breadcrumb\":{\"@id\":\"https:\\\/\\\/artyplanevents.com\\\/ca\\\/blog\\\/installacio-de-vinils-ultra-tack-al-concessionari-oficial-daudi-mogauto\\\/#breadcrumb\"},\"inLanguage\":\"ca\",\"potentialAction\":[{\"@type\":\"ReadAction\",\"target\":[\"https:\\\/\\\/artyplanevents.com\\\/ca\\\/blog\\\/installacio-de-vinils-ultra-tack-al-concessionari-oficial-daudi-mogauto\\\/\"]}]},{\"@type\":\"ImageObject\",\"inLanguage\":\"ca\",\"@id\":\"https:\\\/\\\/artyplanevents.com\\\/ca\\\/blog\\\/installacio-de-vinils-ultra-tack-al-concessionari-oficial-daudi-mogauto\\\/#primaryimage\",\"url\":\"https:\\\/\\\/artyplanevents.com\\\/wp-content\\\/uploads\\\/2025\\\/09\\\/audi-decoracion-gran-formato.jpg\",\"contentUrl\":\"https:\\\/\\\/artyplanevents.com\\\/wp-content\\\/uploads\\\/2025\\\/09\\\/audi-decoracion-gran-formato.jpg\",\"width\":888,\"height\":594,\"caption\":\"Ejemplo de decoraci\u00f3n en gran formato\"},{\"@type\":\"BreadcrumbList\",\"@id\":\"https:\\\/\\\/artyplanevents.com\\\/ca\\\/blog\\\/installacio-de-vinils-ultra-tack-al-concessionari-oficial-daudi-mogauto\\\/#breadcrumb\",\"itemListElement\":[{\"@type\":\"ListItem\",\"position\":1,\"name\":\"Artyplan\",\"item\":\"https:\\\/\\\/artyplanevents.com\\\/ca\\\/\"},{\"@type\":\"ListItem\",\"position\":2,\"name\":\"Audi Mogauto, decoraci\u00f3 amb vinils de gran format\"}]},{\"@type\":\"WebSite\",\"@id\":\"https:\\\/\\\/artyplanevents.com\\\/ca\\\/#website\",\"url\":\"https:\\\/\\\/artyplanevents.com\\\/ca\\\/\",\"name\":\"Artyplan\",\"description\":\"\",\"publisher\":{\"@id\":\"https:\\\/\\\/artyplanevents.com\\\/ca\\\/#organization\"},\"potentialAction\":[{\"@type\":\"SearchAction\",\"target\":{\"@type\":\"EntryPoint\",\"urlTemplate\":\"https:\\\/\\\/artyplanevents.com\\\/ca\\\/?s={search_term_string}\"},\"query-input\":{\"@type\":\"PropertyValueSpecification\",\"valueRequired\":true,\"valueName\":\"search_term_string\"}}],\"inLanguage\":\"ca\"},{\"@type\":\"Organization\",\"@id\":\"https:\\\/\\\/artyplanevents.com\\\/ca\\\/#organization\",\"name\":\"Artyplan\",\"url\":\"https:\\\/\\\/artyplanevents.com\\\/ca\\\/\",\"logo\":{\"@type\":\"ImageObject\",\"inLanguage\":\"ca\",\"@id\":\"https:\\\/\\\/artyplanevents.com\\\/ca\\\/#\\\/schema\\\/logo\\\/image\\\/\",\"url\":\"https:\\\/\\\/preweb.artyplan.com\\\/wp-content\\\/uploads\\\/2025\\\/11\\\/Logo-artyplan-690x690-1.png\",\"contentUrl\":\"https:\\\/\\\/preweb.artyplan.com\\\/wp-content\\\/uploads\\\/2025\\\/11\\\/Logo-artyplan-690x690-1.png\",\"width\":690,\"height\":690,\"caption\":\"Artyplan\"},\"image\":{\"@id\":\"https:\\\/\\\/artyplanevents.com\\\/ca\\\/#\\\/schema\\\/logo\\\/image\\\/\"},\"sameAs\":[\"https:\\\/\\\/www.facebook.com\\\/artyplan\",\"https:\\\/\\\/x.com\\\/artyplan\"]},{\"@type\":\"Person\",\"@id\":\"https:\\\/\\\/artyplanevents.com\\\/ca\\\/#\\\/schema\\\/person\\\/7e099d8fb4e2e75f604bce6a0026fc08\",\"name\":\"jcartagena\",\"image\":{\"@type\":\"ImageObject\",\"inLanguage\":\"ca\",\"@id\":\"https:\\\/\\\/secure.gravatar.com\\\/avatar\\\/74b6898d9dd18bcd06e733678b696165da09bb7631730fd9477d49273abe408c?s=96&d=mm&r=g\",\"url\":\"https:\\\/\\\/secure.gravatar.com\\\/avatar\\\/74b6898d9dd18bcd06e733678b696165da09bb7631730fd9477d49273abe408c?s=96&d=mm&r=g\",\"contentUrl\":\"https:\\\/\\\/secure.gravatar.com\\\/avatar\\\/74b6898d9dd18bcd06e733678b696165da09bb7631730fd9477d49273abe408c?s=96&d=mm&r=g\",\"caption\":\"jcartagena\"},\"sameAs\":[\"https:\\\/\\\/preweb.artyplan.com\"],\"url\":\"https:\\\/\\\/artyplanevents.com\\\/ca\\\/author\\\/jcartagena\\\/\"}]}<\/script>\n<!-- \/ Yoast SEO plugin. -->","yoast_head_json":{"title":"Audi Mogauto, decoraci\u00f3 amb vinils de gran format | Artyplan","description":"Hem instal\u00b7lat vinils ultres tack en el concessionari Audi Mogauto. Aquest vinil \u00e9s adequat per a parets amb baixa adher\u00e8ncia o rugositats.","robots":{"index":"noindex","follow":"follow","max-snippet":"max-snippet:-1","max-image-preview":"max-image-preview:large","max-video-preview":"max-video-preview:-1"},"og_locale":"ca_ES","og_type":"article","og_title":"Audi Mogauto, decoraci\u00f3 amb vinils de gran format | Artyplan","og_description":"Hem instal\u00b7lat vinils ultres tack en el concessionari Audi Mogauto. Aquest vinil \u00e9s adequat per a parets amb baixa adher\u00e8ncia o rugositats.","og_url":"https:\/\/artyplanevents.com\/ca\/blog\/installacio-de-vinils-ultra-tack-al-concessionari-oficial-daudi-mogauto\/","og_site_name":"Artyplan","article_publisher":"https:\/\/www.facebook.com\/artyplan","article_published_time":"2019-10-29T22:00:00+00:00","article_modified_time":"2025-09-07T14:07:25+00:00","og_image":[{"width":888,"height":594,"url":"https:\/\/artyplanevents.com\/wp-content\/uploads\/2025\/09\/audi-decoracion-gran-formato.jpg","type":"image\/jpeg"}],"author":"jcartagena","twitter_card":"summary_large_image","twitter_creator":"@artyplan","twitter_site":"@artyplan","twitter_misc":{"Escrit per":"jcartagena","Temps estimat de lectura":"1 minut"},"schema":{"@context":"https:\/\/schema.org","@graph":[{"@type":"Article","@id":"https:\/\/artyplanevents.com\/ca\/blog\/installacio-de-vinils-ultra-tack-al-concessionari-oficial-daudi-mogauto\/#article","isPartOf":{"@id":"https:\/\/artyplanevents.com\/ca\/blog\/installacio-de-vinils-ultra-tack-al-concessionari-oficial-daudi-mogauto\/"},"author":{"name":"jcartagena","@id":"https:\/\/artyplanevents.com\/ca\/#\/schema\/person\/7e099d8fb4e2e75f604bce6a0026fc08"},"headline":"Audi Mogauto, decoraci\u00f3 amb vinils de gran format","datePublished":"2019-10-29T22:00:00+00:00","dateModified":"2025-09-07T14:07:25+00:00","mainEntityOfPage":{"@id":"https:\/\/artyplanevents.com\/ca\/blog\/installacio-de-vinils-ultra-tack-al-concessionari-oficial-daudi-mogauto\/"},"wordCount":151,"publisher":{"@id":"https:\/\/artyplanevents.com\/ca\/#organization"},"image":{"@id":"https:\/\/artyplanevents.com\/ca\/blog\/installacio-de-vinils-ultra-tack-al-concessionari-oficial-daudi-mogauto\/#primaryimage"},"thumbnailUrl":"https:\/\/artyplanevents.com\/wp-content\/uploads\/2025\/09\/audi-decoracion-gran-formato.jpg","articleSection":["Noticies"],"inLanguage":"ca"},{"@type":"WebPage","@id":"https:\/\/artyplanevents.com\/ca\/blog\/installacio-de-vinils-ultra-tack-al-concessionari-oficial-daudi-mogauto\/","url":"https:\/\/artyplanevents.com\/ca\/blog\/installacio-de-vinils-ultra-tack-al-concessionari-oficial-daudi-mogauto\/","name":"Audi Mogauto, decoraci\u00f3 amb vinils de gran format | Artyplan","isPartOf":{"@id":"https:\/\/artyplanevents.com\/ca\/#website"},"primaryImageOfPage":{"@id":"https:\/\/artyplanevents.com\/ca\/blog\/installacio-de-vinils-ultra-tack-al-concessionari-oficial-daudi-mogauto\/#primaryimage"},"image":{"@id":"https:\/\/artyplanevents.com\/ca\/blog\/installacio-de-vinils-ultra-tack-al-concessionari-oficial-daudi-mogauto\/#primaryimage"},"thumbnailUrl":"https:\/\/artyplanevents.com\/wp-content\/uploads\/2025\/09\/audi-decoracion-gran-formato.jpg","datePublished":"2019-10-29T22:00:00+00:00","dateModified":"2025-09-07T14:07:25+00:00","description":"Hem instal\u00b7lat vinils ultres tack en el concessionari Audi Mogauto. Aquest vinil \u00e9s adequat per a parets amb baixa adher\u00e8ncia o rugositats.","breadcrumb":{"@id":"https:\/\/artyplanevents.com\/ca\/blog\/installacio-de-vinils-ultra-tack-al-concessionari-oficial-daudi-mogauto\/#breadcrumb"},"inLanguage":"ca","potentialAction":[{"@type":"ReadAction","target":["https:\/\/artyplanevents.com\/ca\/blog\/installacio-de-vinils-ultra-tack-al-concessionari-oficial-daudi-mogauto\/"]}]},{"@type":"ImageObject","inLanguage":"ca","@id":"https:\/\/artyplanevents.com\/ca\/blog\/installacio-de-vinils-ultra-tack-al-concessionari-oficial-daudi-mogauto\/#primaryimage","url":"https:\/\/artyplanevents.com\/wp-content\/uploads\/2025\/09\/audi-decoracion-gran-formato.jpg","contentUrl":"https:\/\/artyplanevents.com\/wp-content\/uploads\/2025\/09\/audi-decoracion-gran-formato.jpg","width":888,"height":594,"caption":"Ejemplo de decoraci\u00f3n en gran formato"},{"@type":"BreadcrumbList","@id":"https:\/\/artyplanevents.com\/ca\/blog\/installacio-de-vinils-ultra-tack-al-concessionari-oficial-daudi-mogauto\/#breadcrumb","itemListElement":[{"@type":"ListItem","position":1,"name":"Artyplan","item":"https:\/\/artyplanevents.com\/ca\/"},{"@type":"ListItem","position":2,"name":"Audi Mogauto, decoraci\u00f3 amb vinils de gran format"}]},{"@type":"WebSite","@id":"https:\/\/artyplanevents.com\/ca\/#website","url":"https:\/\/artyplanevents.com\/ca\/","name":"Artyplan","description":"","publisher":{"@id":"https:\/\/artyplanevents.com\/ca\/#organization"},"potentialAction":[{"@type":"SearchAction","target":{"@type":"EntryPoint","urlTemplate":"https:\/\/artyplanevents.com\/ca\/?s={search_term_string}"},"query-input":{"@type":"PropertyValueSpecification","valueRequired":true,"valueName":"search_term_string"}}],"inLanguage":"ca"},{"@type":"Organization","@id":"https:\/\/artyplanevents.com\/ca\/#organization","name":"Artyplan","url":"https:\/\/artyplanevents.com\/ca\/","logo":{"@type":"ImageObject","inLanguage":"ca","@id":"https:\/\/artyplanevents.com\/ca\/#\/schema\/logo\/image\/","url":"https:\/\/preweb.artyplan.com\/wp-content\/uploads\/2025\/11\/Logo-artyplan-690x690-1.png","contentUrl":"https:\/\/preweb.artyplan.com\/wp-content\/uploads\/2025\/11\/Logo-artyplan-690x690-1.png","width":690,"height":690,"caption":"Artyplan"},"image":{"@id":"https:\/\/artyplanevents.com\/ca\/#\/schema\/logo\/image\/"},"sameAs":["https:\/\/www.facebook.com\/artyplan","https:\/\/x.com\/artyplan"]},{"@type":"Person","@id":"https:\/\/artyplanevents.com\/ca\/#\/schema\/person\/7e099d8fb4e2e75f604bce6a0026fc08","name":"jcartagena","image":{"@type":"ImageObject","inLanguage":"ca","@id":"https:\/\/secure.gravatar.com\/avatar\/74b6898d9dd18bcd06e733678b696165da09bb7631730fd9477d49273abe408c?s=96&d=mm&r=g","url":"https:\/\/secure.gravatar.com\/avatar\/74b6898d9dd18bcd06e733678b696165da09bb7631730fd9477d49273abe408c?s=96&d=mm&r=g","contentUrl":"https:\/\/secure.gravatar.com\/avatar\/74b6898d9dd18bcd06e733678b696165da09bb7631730fd9477d49273abe408c?s=96&d=mm&r=g","caption":"jcartagena"},"sameAs":["https:\/\/preweb.artyplan.com"],"url":"https:\/\/artyplanevents.com\/ca\/author\/jcartagena\/"}]}},"_links":{"self":[{"href":"https:\/\/artyplanevents.com\/ca\/wp-json\/wp\/v2\/posts\/4920","targetHints":{"allow":["GET"]}}],"collection":[{"href":"https:\/\/artyplanevents.com\/ca\/wp-json\/wp\/v2\/posts"}],"about":[{"href":"https:\/\/artyplanevents.com\/ca\/wp-json\/wp\/v2\/types\/post"}],"author":[{"embeddable":true,"href":"https:\/\/artyplanevents.com\/ca\/wp-json\/wp\/v2\/users\/1"}],"replies":[{"embeddable":true,"href":"https:\/\/artyplanevents.com\/ca\/wp-json\/wp\/v2\/comments?post=4920"}],"version-history":[{"count":1,"href":"https:\/\/artyplanevents.com\/ca\/wp-json\/wp\/v2\/posts\/4920\/revisions"}],"predecessor-version":[{"id":4921,"href":"https:\/\/artyplanevents.com\/ca\/wp-json\/wp\/v2\/posts\/4920\/revisions\/4921"}],"wp:featuredmedia":[{"embeddable":true,"href":"https:\/\/artyplanevents.com\/ca\/wp-json\/wp\/v2\/media\/4922"}],"wp:attachment":[{"href":"https:\/\/artyplanevents.com\/ca\/wp-json\/wp\/v2\/media?parent=4920"}],"wp:term":[{"taxonomy":"category","embeddable":true,"href":"https:\/\/artyplanevents.com\/ca\/wp-json\/wp\/v2\/categories?post=4920"},{"taxonomy":"post_tag","embeddable":true,"href":"https:\/\/artyplanevents.com\/ca\/wp-json\/wp\/v2\/tags?post=4920"}],"curies":[{"name":"wp","href":"https:\/\/api.w.org\/{rel}","templated":true}]}}