{"id":5001,"date":"2020-08-04T00:00:00","date_gmt":"2020-08-03T22:00:00","guid":{"rendered":"https:\/\/preweb.artyplan.com\/sin-categorizar\/sostenibilitat-impressio-de-que-estan-fetes-les-tintes\/"},"modified":"2025-09-07T16:08:11","modified_gmt":"2025-09-07T14:08:11","slug":"sostenibilitat-impressio-de-que-estan-fetes-les-tintes","status":"publish","type":"post","link":"https:\/\/artyplanevents.com\/ca\/blog\/sostenibilitat-impressio-de-que-estan-fetes-les-tintes\/","title":{"rendered":"Sostenibilitat en la impressi\u00f3: de qu\u00e8 estan fetes les tintes?"},"content":{"rendered":"<p>No totes les <strong>tintes comporten la impressi\u00f3 ecol\u00f2gica<\/strong>. Gr\u00e0cies a les nostres tintes HP l\u00e0ser, a la fi podem oferir-te una <a href=\"http:\/\/artyplan.com\/ca\/sostenibilitat-medioambiental\/\" target=\"_blank\" rel=\"noopener\"><strong>impressi\u00f3 sostenible<\/strong><\/a> amb el segell verd\u00a0FSC\u00ae\u00a0per a la protecci\u00f3 dels boscos, aix\u00ed com la certificaci\u00f3 indexo energia que certifica que el 100% del nostre consum el\u00e8ctric prov\u00e9 d&#8217;energies renovables.<\/p>\n<h2>Per qu\u00e8 les tintes convencionals d&#8217;impressora no s\u00f3n ecol\u00f2giques?<\/h2>\n<p>La major part de les impressores d&#8217;avui dia utilitzen <strong>pols de t\u00f2ner sec, que consisteix en petites part\u00edcules de pl\u00e0stic. Com saps, el pl\u00e0stic<\/strong> es fabrica a partir de combustibles f\u00f2ssils no renovables. A m\u00e9s, quan s&#8217;imprimeix cal escalfar les part\u00edcules fins que es fonen, la qual cosa <strong>consumeix energia<\/strong>. I, finalment, <strong>el pl\u00e0stic que es fon sobre el paper limita el seu reciclatge<\/strong>, amb la qual cosa tampoc estem fent gens bo pels boscos.<\/p>\n<h2>Les tintes ecol\u00f2giques<\/h2>\n<p>Vivim una <strong>cont\u00ednua revoluci\u00f3 digital<\/strong> en la qual gaireb\u00e9 tots els nostres treballs i documents estan informatitzats. Aix\u00f2 \u00e9s una cosa molt positiva pel medi ambient, per\u00f2 deixa de ser-ho en el moment en qu\u00e8 els imprimim. Com ja has vist en l&#8217;apartat anterior, la tinta d&#8217;impressora no ecol\u00f2gica fa que l&#8217;era de la informatitzaci\u00f3 sembli ser incompatible amb una altra revoluci\u00f3 que estem vivint: la <strong>revoluci\u00f3 ecol\u00f2gica<\/strong>.<\/p>\n<p>Aix\u00f2 no \u00e9s una simple moda: <strong>obeeix a criteris que estableixen els governs i les noves reglamentacions, cada vegada m\u00e9s necess\u00e0ries davant els imminents efectes en el clima de l&#8217;efecte d&#8217;hivernacle<\/strong>, la desforestaci\u00f3, els pl\u00e0stics i micropl\u00e0stics en els oceans&#8230; aviat \u00e9s possible que ja nom\u00e9s utilitzem tinta ecol\u00f2gica.<\/p>\n<h2>Tintes sostenibles LATEX<\/h2>\n<p>Les<strong> tintes<\/strong>\u00a0<strong>LATEX<\/strong> que usem en les nostres impressores estan compostes de resina (pol\u00edmers) i pigments suspesos en una soluci\u00f3 d&#8217;aigua a la qual s&#8217;han addicionat humectants. Gr\u00e0cies a aix\u00f2, la tinta s&#8217;adhereix al suport d&#8217;impressi\u00f3, i quan aquesta s&#8217;asseca, la resina forma una pel\u00b7l\u00edcula flexible i resistent.<\/p>\n<p>Les tintes basades en aigua ofereixen molts avantatges. Entre elles, que <strong>no generen contaminants atmosf\u00e8rics perillosos<\/strong> ni residus de cap mena, de manera que els requisits de ventilaci\u00f3, emmagatzematge i transport s\u00f3n menys complexos.<\/p>\n<p>Com estan <strong>compostes principalment per aigua<\/strong>, en assecar-se no generen olors ni residus t\u00f2xics. Aix\u00ed, amb les <strong>tintes ecol\u00f2giques<\/strong>\u00a0\u00e9s possible obtenir resultats amb la mateixa qualitat i durabilitat que les convencionals, nom\u00e9s que <strong>sense perjudicar el medi ambient, la seguretat i la salut<\/strong>.<\/p>\n<h3>Aplicacions de la tinta ecol\u00f2gica<\/h3>\n<p>Com veus, la tinta ecol\u00f2gica pot utilitzar-se com la tinta convencional i permetre la impressi\u00f3 de:<\/p>\n<p>&#8211; R\u00e8tols d&#8217;exteriors i per a esdeveniments<\/p>\n<p>&#8211; T\u00e8xtils<\/p>\n<p>&#8211; P\u00f2sters i publicitat<\/p>\n<p>&#8211; Gr\u00e0fics d&#8217;impressi\u00f3 i tall<\/p>\n<p>&#8211; Retroiluminats<\/p>\n<p>I molt m\u00e9s.<\/p>\n<p>T&#8217;apuntes a la <strong>impressi\u00f3 ecol\u00f2gica<\/strong>? Protegir la vida al nostre planeta \u00e9s molt senzill, i tu pots continuar treballant i imprimint les teves creacions i ser al mateix temps &#8220;eco&#8221;.<\/p>\n","protected":false},"excerpt":{"rendered":"<p>No totes les tintes comporten la impressi\u00f3 ecol\u00f2gica. Gr\u00e0cies a les nostres tintes HP l\u00e0ser, a la fi podem oferir-te una impressi\u00f3 sostenible amb el segell verd\u00a0FSC\u00ae\u00a0per a la protecci\u00f3 dels boscos, aix\u00ed com la certificaci\u00f3 indexo energia que certifica que el 100% del nostre consum el\u00e8ctric prov\u00e9 d&#8217;energies renovables. Per qu\u00e8 les tintes convencionals [&hellip;]<\/p>\n","protected":false},"author":1,"featured_media":5000,"comment_status":"closed","ping_status":"closed","sticky":false,"template":"","format":"standard","meta":{"footnotes":""},"categories":[34,33],"tags":[],"class_list":["post-5001","post","type-post","status-publish","format-standard","has-post-thumbnail","hentry","category-ecologic","category-noticies"],"yoast_head":"<!-- This site is optimized with the Yoast SEO plugin v27.4 - https:\/\/yoast.com\/product\/yoast-seo-wordpress\/ -->\n<title>De qu\u00e8 estan fetes les tintes sostenibles? | Artyplan<\/title>\n<meta name=\"description\" content=\"Avui dia la sostenibilitat en l&#039;impressi\u00f3 \u00e9s un tema molt parlat, descobreix ara mateix de qu\u00e8 estan fetes les tintes!\" \/>\n<meta name=\"robots\" content=\"noindex, follow, max-snippet:-1, max-image-preview:large, max-video-preview:-1\" \/>\n<meta property=\"og:locale\" content=\"ca_ES\" \/>\n<meta property=\"og:type\" content=\"article\" \/>\n<meta property=\"og:title\" content=\"De qu\u00e8 estan fetes les tintes sostenibles? | Artyplan\" \/>\n<meta property=\"og:description\" content=\"Avui dia la sostenibilitat en l&#039;impressi\u00f3 \u00e9s un tema molt parlat, descobreix ara mateix de qu\u00e8 estan fetes les tintes!\" \/>\n<meta property=\"og:url\" content=\"https:\/\/artyplanevents.com\/ca\/blog\/sostenibilitat-impressio-de-que-estan-fetes-les-tintes\/\" \/>\n<meta property=\"og:site_name\" content=\"Artyplan\" \/>\n<meta property=\"article:publisher\" content=\"https:\/\/www.facebook.com\/artyplan\" \/>\n<meta property=\"article:published_time\" content=\"2020-08-03T22:00:00+00:00\" \/>\n<meta property=\"article:modified_time\" content=\"2025-09-07T14:08:11+00:00\" \/>\n<meta property=\"og:image\" content=\"https:\/\/artyplanevents.com\/wp-content\/uploads\/2025\/09\/tinta-sostenible.png\" \/>\n\t<meta property=\"og:image:width\" content=\"952\" \/>\n\t<meta property=\"og:image:height\" content=\"632\" \/>\n\t<meta property=\"og:image:type\" content=\"image\/png\" \/>\n<meta name=\"author\" content=\"jcartagena\" \/>\n<meta name=\"twitter:card\" content=\"summary_large_image\" \/>\n<meta name=\"twitter:creator\" content=\"@artyplan\" \/>\n<meta name=\"twitter:site\" content=\"@artyplan\" \/>\n<meta name=\"twitter:label1\" content=\"Escrit per\" \/>\n\t<meta name=\"twitter:data1\" content=\"jcartagena\" \/>\n\t<meta name=\"twitter:label2\" content=\"Temps estimat de lectura\" \/>\n\t<meta name=\"twitter:data2\" content=\"2 minuts\" \/>\n<script type=\"application\/ld+json\" class=\"yoast-schema-graph\">{\"@context\":\"https:\\\/\\\/schema.org\",\"@graph\":[{\"@type\":\"Article\",\"@id\":\"https:\\\/\\\/artyplanevents.com\\\/ca\\\/blog\\\/sostenibilitat-impressio-de-que-estan-fetes-les-tintes\\\/#article\",\"isPartOf\":{\"@id\":\"https:\\\/\\\/artyplanevents.com\\\/ca\\\/blog\\\/sostenibilitat-impressio-de-que-estan-fetes-les-tintes\\\/\"},\"author\":{\"name\":\"jcartagena\",\"@id\":\"https:\\\/\\\/artyplanevents.com\\\/ca\\\/#\\\/schema\\\/person\\\/7e099d8fb4e2e75f604bce6a0026fc08\"},\"headline\":\"Sostenibilitat en la impressi\u00f3: de qu\u00e8 estan fetes les tintes?\",\"datePublished\":\"2020-08-03T22:00:00+00:00\",\"dateModified\":\"2025-09-07T14:08:11+00:00\",\"mainEntityOfPage\":{\"@id\":\"https:\\\/\\\/artyplanevents.com\\\/ca\\\/blog\\\/sostenibilitat-impressio-de-que-estan-fetes-les-tintes\\\/\"},\"wordCount\":526,\"publisher\":{\"@id\":\"https:\\\/\\\/artyplanevents.com\\\/ca\\\/#organization\"},\"image\":{\"@id\":\"https:\\\/\\\/artyplanevents.com\\\/ca\\\/blog\\\/sostenibilitat-impressio-de-que-estan-fetes-les-tintes\\\/#primaryimage\"},\"thumbnailUrl\":\"https:\\\/\\\/artyplanevents.com\\\/wp-content\\\/uploads\\\/2025\\\/09\\\/tinta-sostenible.png\",\"articleSection\":[\"Ecol\u00f2gic\",\"Noticies\"],\"inLanguage\":\"ca\"},{\"@type\":\"WebPage\",\"@id\":\"https:\\\/\\\/artyplanevents.com\\\/ca\\\/blog\\\/sostenibilitat-impressio-de-que-estan-fetes-les-tintes\\\/\",\"url\":\"https:\\\/\\\/artyplanevents.com\\\/ca\\\/blog\\\/sostenibilitat-impressio-de-que-estan-fetes-les-tintes\\\/\",\"name\":\"De qu\u00e8 estan fetes les tintes sostenibles? | Artyplan\",\"isPartOf\":{\"@id\":\"https:\\\/\\\/artyplanevents.com\\\/ca\\\/#website\"},\"primaryImageOfPage\":{\"@id\":\"https:\\\/\\\/artyplanevents.com\\\/ca\\\/blog\\\/sostenibilitat-impressio-de-que-estan-fetes-les-tintes\\\/#primaryimage\"},\"image\":{\"@id\":\"https:\\\/\\\/artyplanevents.com\\\/ca\\\/blog\\\/sostenibilitat-impressio-de-que-estan-fetes-les-tintes\\\/#primaryimage\"},\"thumbnailUrl\":\"https:\\\/\\\/artyplanevents.com\\\/wp-content\\\/uploads\\\/2025\\\/09\\\/tinta-sostenible.png\",\"datePublished\":\"2020-08-03T22:00:00+00:00\",\"dateModified\":\"2025-09-07T14:08:11+00:00\",\"description\":\"Avui dia la sostenibilitat en l'impressi\u00f3 \u00e9s un tema molt parlat, descobreix ara mateix de qu\u00e8 estan fetes les tintes!\",\"breadcrumb\":{\"@id\":\"https:\\\/\\\/artyplanevents.com\\\/ca\\\/blog\\\/sostenibilitat-impressio-de-que-estan-fetes-les-tintes\\\/#breadcrumb\"},\"inLanguage\":\"ca\",\"potentialAction\":[{\"@type\":\"ReadAction\",\"target\":[\"https:\\\/\\\/artyplanevents.com\\\/ca\\\/blog\\\/sostenibilitat-impressio-de-que-estan-fetes-les-tintes\\\/\"]}]},{\"@type\":\"ImageObject\",\"inLanguage\":\"ca\",\"@id\":\"https:\\\/\\\/artyplanevents.com\\\/ca\\\/blog\\\/sostenibilitat-impressio-de-que-estan-fetes-les-tintes\\\/#primaryimage\",\"url\":\"https:\\\/\\\/artyplanevents.com\\\/wp-content\\\/uploads\\\/2025\\\/09\\\/tinta-sostenible.png\",\"contentUrl\":\"https:\\\/\\\/artyplanevents.com\\\/wp-content\\\/uploads\\\/2025\\\/09\\\/tinta-sostenible.png\",\"width\":952,\"height\":632,\"caption\":\"tintas latex sostenibles\"},{\"@type\":\"BreadcrumbList\",\"@id\":\"https:\\\/\\\/artyplanevents.com\\\/ca\\\/blog\\\/sostenibilitat-impressio-de-que-estan-fetes-les-tintes\\\/#breadcrumb\",\"itemListElement\":[{\"@type\":\"ListItem\",\"position\":1,\"name\":\"Artyplan\",\"item\":\"https:\\\/\\\/artyplanevents.com\\\/ca\\\/\"},{\"@type\":\"ListItem\",\"position\":2,\"name\":\"Sostenibilitat en la impressi\u00f3: de qu\u00e8 estan fetes les tintes?\"}]},{\"@type\":\"WebSite\",\"@id\":\"https:\\\/\\\/artyplanevents.com\\\/ca\\\/#website\",\"url\":\"https:\\\/\\\/artyplanevents.com\\\/ca\\\/\",\"name\":\"Artyplan\",\"description\":\"\",\"publisher\":{\"@id\":\"https:\\\/\\\/artyplanevents.com\\\/ca\\\/#organization\"},\"potentialAction\":[{\"@type\":\"SearchAction\",\"target\":{\"@type\":\"EntryPoint\",\"urlTemplate\":\"https:\\\/\\\/artyplanevents.com\\\/ca\\\/?s={search_term_string}\"},\"query-input\":{\"@type\":\"PropertyValueSpecification\",\"valueRequired\":true,\"valueName\":\"search_term_string\"}}],\"inLanguage\":\"ca\"},{\"@type\":\"Organization\",\"@id\":\"https:\\\/\\\/artyplanevents.com\\\/ca\\\/#organization\",\"name\":\"Artyplan\",\"url\":\"https:\\\/\\\/artyplanevents.com\\\/ca\\\/\",\"logo\":{\"@type\":\"ImageObject\",\"inLanguage\":\"ca\",\"@id\":\"https:\\\/\\\/artyplanevents.com\\\/ca\\\/#\\\/schema\\\/logo\\\/image\\\/\",\"url\":\"https:\\\/\\\/preweb.artyplan.com\\\/wp-content\\\/uploads\\\/2025\\\/11\\\/Logo-artyplan-690x690-1.png\",\"contentUrl\":\"https:\\\/\\\/preweb.artyplan.com\\\/wp-content\\\/uploads\\\/2025\\\/11\\\/Logo-artyplan-690x690-1.png\",\"width\":690,\"height\":690,\"caption\":\"Artyplan\"},\"image\":{\"@id\":\"https:\\\/\\\/artyplanevents.com\\\/ca\\\/#\\\/schema\\\/logo\\\/image\\\/\"},\"sameAs\":[\"https:\\\/\\\/www.facebook.com\\\/artyplan\",\"https:\\\/\\\/x.com\\\/artyplan\"]},{\"@type\":\"Person\",\"@id\":\"https:\\\/\\\/artyplanevents.com\\\/ca\\\/#\\\/schema\\\/person\\\/7e099d8fb4e2e75f604bce6a0026fc08\",\"name\":\"jcartagena\",\"image\":{\"@type\":\"ImageObject\",\"inLanguage\":\"ca\",\"@id\":\"https:\\\/\\\/secure.gravatar.com\\\/avatar\\\/74b6898d9dd18bcd06e733678b696165da09bb7631730fd9477d49273abe408c?s=96&d=mm&r=g\",\"url\":\"https:\\\/\\\/secure.gravatar.com\\\/avatar\\\/74b6898d9dd18bcd06e733678b696165da09bb7631730fd9477d49273abe408c?s=96&d=mm&r=g\",\"contentUrl\":\"https:\\\/\\\/secure.gravatar.com\\\/avatar\\\/74b6898d9dd18bcd06e733678b696165da09bb7631730fd9477d49273abe408c?s=96&d=mm&r=g\",\"caption\":\"jcartagena\"},\"sameAs\":[\"https:\\\/\\\/preweb.artyplan.com\"],\"url\":\"https:\\\/\\\/artyplanevents.com\\\/ca\\\/author\\\/jcartagena\\\/\"}]}<\/script>\n<!-- \/ Yoast SEO plugin. -->","yoast_head_json":{"title":"De qu\u00e8 estan fetes les tintes sostenibles? | Artyplan","description":"Avui dia la sostenibilitat en l'impressi\u00f3 \u00e9s un tema molt parlat, descobreix ara mateix de qu\u00e8 estan fetes les tintes!","robots":{"index":"noindex","follow":"follow","max-snippet":"max-snippet:-1","max-image-preview":"max-image-preview:large","max-video-preview":"max-video-preview:-1"},"og_locale":"ca_ES","og_type":"article","og_title":"De qu\u00e8 estan fetes les tintes sostenibles? | Artyplan","og_description":"Avui dia la sostenibilitat en l'impressi\u00f3 \u00e9s un tema molt parlat, descobreix ara mateix de qu\u00e8 estan fetes les tintes!","og_url":"https:\/\/artyplanevents.com\/ca\/blog\/sostenibilitat-impressio-de-que-estan-fetes-les-tintes\/","og_site_name":"Artyplan","article_publisher":"https:\/\/www.facebook.com\/artyplan","article_published_time":"2020-08-03T22:00:00+00:00","article_modified_time":"2025-09-07T14:08:11+00:00","og_image":[{"width":952,"height":632,"url":"https:\/\/artyplanevents.com\/wp-content\/uploads\/2025\/09\/tinta-sostenible.png","type":"image\/png"}],"author":"jcartagena","twitter_card":"summary_large_image","twitter_creator":"@artyplan","twitter_site":"@artyplan","twitter_misc":{"Escrit per":"jcartagena","Temps estimat de lectura":"2 minuts"},"schema":{"@context":"https:\/\/schema.org","@graph":[{"@type":"Article","@id":"https:\/\/artyplanevents.com\/ca\/blog\/sostenibilitat-impressio-de-que-estan-fetes-les-tintes\/#article","isPartOf":{"@id":"https:\/\/artyplanevents.com\/ca\/blog\/sostenibilitat-impressio-de-que-estan-fetes-les-tintes\/"},"author":{"name":"jcartagena","@id":"https:\/\/artyplanevents.com\/ca\/#\/schema\/person\/7e099d8fb4e2e75f604bce6a0026fc08"},"headline":"Sostenibilitat en la impressi\u00f3: de qu\u00e8 estan fetes les tintes?","datePublished":"2020-08-03T22:00:00+00:00","dateModified":"2025-09-07T14:08:11+00:00","mainEntityOfPage":{"@id":"https:\/\/artyplanevents.com\/ca\/blog\/sostenibilitat-impressio-de-que-estan-fetes-les-tintes\/"},"wordCount":526,"publisher":{"@id":"https:\/\/artyplanevents.com\/ca\/#organization"},"image":{"@id":"https:\/\/artyplanevents.com\/ca\/blog\/sostenibilitat-impressio-de-que-estan-fetes-les-tintes\/#primaryimage"},"thumbnailUrl":"https:\/\/artyplanevents.com\/wp-content\/uploads\/2025\/09\/tinta-sostenible.png","articleSection":["Ecol\u00f2gic","Noticies"],"inLanguage":"ca"},{"@type":"WebPage","@id":"https:\/\/artyplanevents.com\/ca\/blog\/sostenibilitat-impressio-de-que-estan-fetes-les-tintes\/","url":"https:\/\/artyplanevents.com\/ca\/blog\/sostenibilitat-impressio-de-que-estan-fetes-les-tintes\/","name":"De qu\u00e8 estan fetes les tintes sostenibles? | Artyplan","isPartOf":{"@id":"https:\/\/artyplanevents.com\/ca\/#website"},"primaryImageOfPage":{"@id":"https:\/\/artyplanevents.com\/ca\/blog\/sostenibilitat-impressio-de-que-estan-fetes-les-tintes\/#primaryimage"},"image":{"@id":"https:\/\/artyplanevents.com\/ca\/blog\/sostenibilitat-impressio-de-que-estan-fetes-les-tintes\/#primaryimage"},"thumbnailUrl":"https:\/\/artyplanevents.com\/wp-content\/uploads\/2025\/09\/tinta-sostenible.png","datePublished":"2020-08-03T22:00:00+00:00","dateModified":"2025-09-07T14:08:11+00:00","description":"Avui dia la sostenibilitat en l'impressi\u00f3 \u00e9s un tema molt parlat, descobreix ara mateix de qu\u00e8 estan fetes les tintes!","breadcrumb":{"@id":"https:\/\/artyplanevents.com\/ca\/blog\/sostenibilitat-impressio-de-que-estan-fetes-les-tintes\/#breadcrumb"},"inLanguage":"ca","potentialAction":[{"@type":"ReadAction","target":["https:\/\/artyplanevents.com\/ca\/blog\/sostenibilitat-impressio-de-que-estan-fetes-les-tintes\/"]}]},{"@type":"ImageObject","inLanguage":"ca","@id":"https:\/\/artyplanevents.com\/ca\/blog\/sostenibilitat-impressio-de-que-estan-fetes-les-tintes\/#primaryimage","url":"https:\/\/artyplanevents.com\/wp-content\/uploads\/2025\/09\/tinta-sostenible.png","contentUrl":"https:\/\/artyplanevents.com\/wp-content\/uploads\/2025\/09\/tinta-sostenible.png","width":952,"height":632,"caption":"tintas latex sostenibles"},{"@type":"BreadcrumbList","@id":"https:\/\/artyplanevents.com\/ca\/blog\/sostenibilitat-impressio-de-que-estan-fetes-les-tintes\/#breadcrumb","itemListElement":[{"@type":"ListItem","position":1,"name":"Artyplan","item":"https:\/\/artyplanevents.com\/ca\/"},{"@type":"ListItem","position":2,"name":"Sostenibilitat en la impressi\u00f3: de qu\u00e8 estan fetes les tintes?"}]},{"@type":"WebSite","@id":"https:\/\/artyplanevents.com\/ca\/#website","url":"https:\/\/artyplanevents.com\/ca\/","name":"Artyplan","description":"","publisher":{"@id":"https:\/\/artyplanevents.com\/ca\/#organization"},"potentialAction":[{"@type":"SearchAction","target":{"@type":"EntryPoint","urlTemplate":"https:\/\/artyplanevents.com\/ca\/?s={search_term_string}"},"query-input":{"@type":"PropertyValueSpecification","valueRequired":true,"valueName":"search_term_string"}}],"inLanguage":"ca"},{"@type":"Organization","@id":"https:\/\/artyplanevents.com\/ca\/#organization","name":"Artyplan","url":"https:\/\/artyplanevents.com\/ca\/","logo":{"@type":"ImageObject","inLanguage":"ca","@id":"https:\/\/artyplanevents.com\/ca\/#\/schema\/logo\/image\/","url":"https:\/\/preweb.artyplan.com\/wp-content\/uploads\/2025\/11\/Logo-artyplan-690x690-1.png","contentUrl":"https:\/\/preweb.artyplan.com\/wp-content\/uploads\/2025\/11\/Logo-artyplan-690x690-1.png","width":690,"height":690,"caption":"Artyplan"},"image":{"@id":"https:\/\/artyplanevents.com\/ca\/#\/schema\/logo\/image\/"},"sameAs":["https:\/\/www.facebook.com\/artyplan","https:\/\/x.com\/artyplan"]},{"@type":"Person","@id":"https:\/\/artyplanevents.com\/ca\/#\/schema\/person\/7e099d8fb4e2e75f604bce6a0026fc08","name":"jcartagena","image":{"@type":"ImageObject","inLanguage":"ca","@id":"https:\/\/secure.gravatar.com\/avatar\/74b6898d9dd18bcd06e733678b696165da09bb7631730fd9477d49273abe408c?s=96&d=mm&r=g","url":"https:\/\/secure.gravatar.com\/avatar\/74b6898d9dd18bcd06e733678b696165da09bb7631730fd9477d49273abe408c?s=96&d=mm&r=g","contentUrl":"https:\/\/secure.gravatar.com\/avatar\/74b6898d9dd18bcd06e733678b696165da09bb7631730fd9477d49273abe408c?s=96&d=mm&r=g","caption":"jcartagena"},"sameAs":["https:\/\/preweb.artyplan.com"],"url":"https:\/\/artyplanevents.com\/ca\/author\/jcartagena\/"}]}},"_links":{"self":[{"href":"https:\/\/artyplanevents.com\/ca\/wp-json\/wp\/v2\/posts\/5001","targetHints":{"allow":["GET"]}}],"collection":[{"href":"https:\/\/artyplanevents.com\/ca\/wp-json\/wp\/v2\/posts"}],"about":[{"href":"https:\/\/artyplanevents.com\/ca\/wp-json\/wp\/v2\/types\/post"}],"author":[{"embeddable":true,"href":"https:\/\/artyplanevents.com\/ca\/wp-json\/wp\/v2\/users\/1"}],"replies":[{"embeddable":true,"href":"https:\/\/artyplanevents.com\/ca\/wp-json\/wp\/v2\/comments?post=5001"}],"version-history":[{"count":1,"href":"https:\/\/artyplanevents.com\/ca\/wp-json\/wp\/v2\/posts\/5001\/revisions"}],"predecessor-version":[{"id":6196,"href":"https:\/\/artyplanevents.com\/ca\/wp-json\/wp\/v2\/posts\/5001\/revisions\/6196"}],"wp:featuredmedia":[{"embeddable":true,"href":"https:\/\/artyplanevents.com\/ca\/wp-json\/wp\/v2\/media\/5000"}],"wp:attachment":[{"href":"https:\/\/artyplanevents.com\/ca\/wp-json\/wp\/v2\/media?parent=5001"}],"wp:term":[{"taxonomy":"category","embeddable":true,"href":"https:\/\/artyplanevents.com\/ca\/wp-json\/wp\/v2\/categories?post=5001"},{"taxonomy":"post_tag","embeddable":true,"href":"https:\/\/artyplanevents.com\/ca\/wp-json\/wp\/v2\/tags?post=5001"}],"curies":[{"name":"wp","href":"https:\/\/api.w.org\/{rel}","templated":true}]}}