{"id":5017,"date":"2020-09-03T00:00:00","date_gmt":"2020-09-02T22:00:00","guid":{"rendered":"https:\/\/preweb.artyplan.com\/sin-categorizar\/artyplan-concedeix-un-ajut-a-lestudi-per-a-estudiants-de-cicles-formatius-de-grau-superior-de-la-uvic-ucc\/"},"modified":"2025-09-07T16:08:18","modified_gmt":"2025-09-07T14:08:18","slug":"artyplan-concedeix-un-ajut-a-lestudi-per-a-estudiants-de-cicles-formatius-de-grau-superior-de-la-uvic-ucc","status":"publish","type":"post","link":"https:\/\/artyplanevents.com\/ca\/blog\/artyplan-concedeix-un-ajut-a-lestudi-per-a-estudiants-de-cicles-formatius-de-grau-superior-de-la-uvic-ucc\/","title":{"rendered":"Artyplan concedeix un ajut a l\u2019estudi per a estudiants de cicles formatius de grau superior de la UVic-UCC"},"content":{"rendered":"<p class=\"h1 head-black mb-1\"><span style=\"font-size: 16px;\">El nostre director general, Ignasi Pietx, i el rector de la <a href=\"http:\/\/www.uvic.cat\">Universitat de Vic &#8211; Universitat Central de Catalunya<\/a>, Josep-Eladi Ba\u00f1os, han signat una<\/span><span style=\"font-size: 16px;\"> beca d\u2019ajut a l\u2019estudi,\u00a0 entre l&#8217;entitat i l&#8217;empresa amb l&#8217;objectiu de &#8220;potenciar la formaci\u00f3 professional universit\u00e0ria\u201d.<\/span><\/p>\n<p class=\"h1 head-black mb-1\"><span style=\"font-size: 16px;\">La voluntat de la nostra empresa \u00e9s<\/span><span style=\"font-size: 16px;\"> de \u201cseguir vinculada al projecte universitari de Vic i tamb\u00e9 a la comarca d\u2019Osona, potenciant l\u2019acc\u00e9s a la formaci\u00f3 professional. <\/span><\/p>\n<p class=\"h1 head-black mb-1\"><span style=\"font-size: 16px;\">El rector de la UVic-UCC ha agra\u00eft aquest ajut que contribuir\u00e0 \u201ca refor\u00e7ar la formaci\u00f3 professional universit\u00e0ria\u201d i ha reivindicat la formaci\u00f3 dual \u201ccom a una eina per combatre l\u2019allunyament entre la formaci\u00f3 i el m\u00f3n laboral real\u201d.<\/span><\/p>\n<p class=\"h1 head-black mb-1\"><span style=\"font-size: 16px;\">La beca <\/span><span style=\"font-size: 16px;\">consisteix en un descompte en l\u2019import de la matr\u00edcula de primer curs del Campus Professional de la UVic-UCC.<\/span><\/p>\n","protected":false},"excerpt":{"rendered":"<p>El nostre director general, Ignasi Pietx, i el rector de la Universitat de Vic &#8211; Universitat Central de Catalunya, Josep-Eladi Ba\u00f1os, han signat una beca d\u2019ajut a l\u2019estudi,\u00a0 entre l&#8217;entitat i l&#8217;empresa amb l&#8217;objectiu de &#8220;potenciar la formaci\u00f3 professional universit\u00e0ria\u201d. La voluntat de la nostra empresa \u00e9s de \u201cseguir vinculada al projecte universitari de Vic [&hellip;]<\/p>\n","protected":false},"author":1,"featured_media":5018,"comment_status":"closed","ping_status":"closed","sticky":false,"template":"","format":"standard","meta":{"footnotes":""},"categories":[33],"tags":[],"class_list":["post-5017","post","type-post","status-publish","format-standard","has-post-thumbnail","hentry","category-noticies"],"yoast_head":"<!-- This site is optimized with the Yoast SEO plugin v27.4 - https:\/\/yoast.com\/product\/yoast-seo-wordpress\/ -->\n<title>Artyplan concedeix un ajut a l\u2019estudi per a estudiants de cicles formatius de grau superior de la UVic-UCC - Artyplan<\/title>\n<meta name=\"robots\" content=\"noindex, follow, max-snippet:-1, max-image-preview:large, max-video-preview:-1\" \/>\n<meta property=\"og:locale\" content=\"ca_ES\" \/>\n<meta property=\"og:type\" content=\"article\" \/>\n<meta property=\"og:title\" content=\"Artyplan concedeix un ajut a l\u2019estudi per a estudiants de cicles formatius de grau superior de la UVic-UCC - Artyplan\" \/>\n<meta property=\"og:description\" content=\"El nostre director general, Ignasi Pietx, i el rector de la Universitat de Vic &#8211; Universitat Central de Catalunya, Josep-Eladi Ba\u00f1os, han signat una beca d\u2019ajut a l\u2019estudi,\u00a0 entre l&#8217;entitat i l&#8217;empresa amb l&#8217;objectiu de &#8220;potenciar la formaci\u00f3 professional universit\u00e0ria\u201d. La voluntat de la nostra empresa \u00e9s de \u201cseguir vinculada al projecte universitari de Vic [&hellip;]\" \/>\n<meta property=\"og:url\" content=\"https:\/\/artyplanevents.com\/ca\/blog\/artyplan-concedeix-un-ajut-a-lestudi-per-a-estudiants-de-cicles-formatius-de-grau-superior-de-la-uvic-ucc\/\" \/>\n<meta property=\"og:site_name\" content=\"Artyplan\" \/>\n<meta property=\"article:publisher\" content=\"https:\/\/www.facebook.com\/artyplan\" \/>\n<meta property=\"article:published_time\" content=\"2020-09-02T22:00:00+00:00\" \/>\n<meta property=\"article:modified_time\" content=\"2025-09-07T14:08:18+00:00\" \/>\n<meta property=\"og:image\" content=\"https:\/\/artyplanevents.com\/wp-content\/uploads\/2025\/09\/WhatsApp-Image-2020-09-03-at-16.21.36.jpeg\" \/>\n\t<meta property=\"og:image:width\" content=\"1024\" \/>\n\t<meta property=\"og:image:height\" content=\"683\" \/>\n\t<meta property=\"og:image:type\" content=\"image\/jpeg\" \/>\n<meta name=\"author\" content=\"jcartagena\" \/>\n<meta name=\"twitter:card\" content=\"summary_large_image\" \/>\n<meta name=\"twitter:creator\" content=\"@artyplan\" \/>\n<meta name=\"twitter:site\" content=\"@artyplan\" \/>\n<meta name=\"twitter:label1\" content=\"Escrit per\" \/>\n\t<meta name=\"twitter:data1\" content=\"jcartagena\" \/>\n\t<meta name=\"twitter:label2\" content=\"Temps estimat de lectura\" \/>\n\t<meta name=\"twitter:data2\" content=\"1 minut\" \/>\n<script type=\"application\/ld+json\" class=\"yoast-schema-graph\">{\"@context\":\"https:\\\/\\\/schema.org\",\"@graph\":[{\"@type\":\"Article\",\"@id\":\"https:\\\/\\\/artyplanevents.com\\\/ca\\\/blog\\\/artyplan-concedeix-un-ajut-a-lestudi-per-a-estudiants-de-cicles-formatius-de-grau-superior-de-la-uvic-ucc\\\/#article\",\"isPartOf\":{\"@id\":\"https:\\\/\\\/artyplanevents.com\\\/ca\\\/blog\\\/artyplan-concedeix-un-ajut-a-lestudi-per-a-estudiants-de-cicles-formatius-de-grau-superior-de-la-uvic-ucc\\\/\"},\"author\":{\"name\":\"jcartagena\",\"@id\":\"https:\\\/\\\/artyplanevents.com\\\/ca\\\/#\\\/schema\\\/person\\\/7e099d8fb4e2e75f604bce6a0026fc08\"},\"headline\":\"Artyplan concedeix un ajut a l\u2019estudi per a estudiants de cicles formatius de grau superior de la UVic-UCC\",\"datePublished\":\"2020-09-02T22:00:00+00:00\",\"dateModified\":\"2025-09-07T14:08:18+00:00\",\"mainEntityOfPage\":{\"@id\":\"https:\\\/\\\/artyplanevents.com\\\/ca\\\/blog\\\/artyplan-concedeix-un-ajut-a-lestudi-per-a-estudiants-de-cicles-formatius-de-grau-superior-de-la-uvic-ucc\\\/\"},\"wordCount\":161,\"publisher\":{\"@id\":\"https:\\\/\\\/artyplanevents.com\\\/ca\\\/#organization\"},\"image\":{\"@id\":\"https:\\\/\\\/artyplanevents.com\\\/ca\\\/blog\\\/artyplan-concedeix-un-ajut-a-lestudi-per-a-estudiants-de-cicles-formatius-de-grau-superior-de-la-uvic-ucc\\\/#primaryimage\"},\"thumbnailUrl\":\"https:\\\/\\\/artyplanevents.com\\\/wp-content\\\/uploads\\\/2025\\\/09\\\/WhatsApp-Image-2020-09-03-at-16.21.36.jpeg\",\"articleSection\":[\"Noticies\"],\"inLanguage\":\"ca\"},{\"@type\":\"WebPage\",\"@id\":\"https:\\\/\\\/artyplanevents.com\\\/ca\\\/blog\\\/artyplan-concedeix-un-ajut-a-lestudi-per-a-estudiants-de-cicles-formatius-de-grau-superior-de-la-uvic-ucc\\\/\",\"url\":\"https:\\\/\\\/artyplanevents.com\\\/ca\\\/blog\\\/artyplan-concedeix-un-ajut-a-lestudi-per-a-estudiants-de-cicles-formatius-de-grau-superior-de-la-uvic-ucc\\\/\",\"name\":\"Artyplan concedeix un ajut a l\u2019estudi per a estudiants de cicles formatius de grau superior de la UVic-UCC - Artyplan\",\"isPartOf\":{\"@id\":\"https:\\\/\\\/artyplanevents.com\\\/ca\\\/#website\"},\"primaryImageOfPage\":{\"@id\":\"https:\\\/\\\/artyplanevents.com\\\/ca\\\/blog\\\/artyplan-concedeix-un-ajut-a-lestudi-per-a-estudiants-de-cicles-formatius-de-grau-superior-de-la-uvic-ucc\\\/#primaryimage\"},\"image\":{\"@id\":\"https:\\\/\\\/artyplanevents.com\\\/ca\\\/blog\\\/artyplan-concedeix-un-ajut-a-lestudi-per-a-estudiants-de-cicles-formatius-de-grau-superior-de-la-uvic-ucc\\\/#primaryimage\"},\"thumbnailUrl\":\"https:\\\/\\\/artyplanevents.com\\\/wp-content\\\/uploads\\\/2025\\\/09\\\/WhatsApp-Image-2020-09-03-at-16.21.36.jpeg\",\"datePublished\":\"2020-09-02T22:00:00+00:00\",\"dateModified\":\"2025-09-07T14:08:18+00:00\",\"breadcrumb\":{\"@id\":\"https:\\\/\\\/artyplanevents.com\\\/ca\\\/blog\\\/artyplan-concedeix-un-ajut-a-lestudi-per-a-estudiants-de-cicles-formatius-de-grau-superior-de-la-uvic-ucc\\\/#breadcrumb\"},\"inLanguage\":\"ca\",\"potentialAction\":[{\"@type\":\"ReadAction\",\"target\":[\"https:\\\/\\\/artyplanevents.com\\\/ca\\\/blog\\\/artyplan-concedeix-un-ajut-a-lestudi-per-a-estudiants-de-cicles-formatius-de-grau-superior-de-la-uvic-ucc\\\/\"]}]},{\"@type\":\"ImageObject\",\"inLanguage\":\"ca\",\"@id\":\"https:\\\/\\\/artyplanevents.com\\\/ca\\\/blog\\\/artyplan-concedeix-un-ajut-a-lestudi-per-a-estudiants-de-cicles-formatius-de-grau-superior-de-la-uvic-ucc\\\/#primaryimage\",\"url\":\"https:\\\/\\\/artyplanevents.com\\\/wp-content\\\/uploads\\\/2025\\\/09\\\/WhatsApp-Image-2020-09-03-at-16.21.36.jpeg\",\"contentUrl\":\"https:\\\/\\\/artyplanevents.com\\\/wp-content\\\/uploads\\\/2025\\\/09\\\/WhatsApp-Image-2020-09-03-at-16.21.36.jpeg\",\"width\":1024,\"height\":683,\"caption\":\"|\"},{\"@type\":\"BreadcrumbList\",\"@id\":\"https:\\\/\\\/artyplanevents.com\\\/ca\\\/blog\\\/artyplan-concedeix-un-ajut-a-lestudi-per-a-estudiants-de-cicles-formatius-de-grau-superior-de-la-uvic-ucc\\\/#breadcrumb\",\"itemListElement\":[{\"@type\":\"ListItem\",\"position\":1,\"name\":\"Artyplan\",\"item\":\"https:\\\/\\\/artyplanevents.com\\\/ca\\\/\"},{\"@type\":\"ListItem\",\"position\":2,\"name\":\"Artyplan concedeix un ajut a l\u2019estudi per a estudiants de cicles formatius de grau superior de la UVic-UCC\"}]},{\"@type\":\"WebSite\",\"@id\":\"https:\\\/\\\/artyplanevents.com\\\/ca\\\/#website\",\"url\":\"https:\\\/\\\/artyplanevents.com\\\/ca\\\/\",\"name\":\"Artyplan\",\"description\":\"\",\"publisher\":{\"@id\":\"https:\\\/\\\/artyplanevents.com\\\/ca\\\/#organization\"},\"potentialAction\":[{\"@type\":\"SearchAction\",\"target\":{\"@type\":\"EntryPoint\",\"urlTemplate\":\"https:\\\/\\\/artyplanevents.com\\\/ca\\\/?s={search_term_string}\"},\"query-input\":{\"@type\":\"PropertyValueSpecification\",\"valueRequired\":true,\"valueName\":\"search_term_string\"}}],\"inLanguage\":\"ca\"},{\"@type\":\"Organization\",\"@id\":\"https:\\\/\\\/artyplanevents.com\\\/ca\\\/#organization\",\"name\":\"Artyplan\",\"url\":\"https:\\\/\\\/artyplanevents.com\\\/ca\\\/\",\"logo\":{\"@type\":\"ImageObject\",\"inLanguage\":\"ca\",\"@id\":\"https:\\\/\\\/artyplanevents.com\\\/ca\\\/#\\\/schema\\\/logo\\\/image\\\/\",\"url\":\"https:\\\/\\\/preweb.artyplan.com\\\/wp-content\\\/uploads\\\/2025\\\/11\\\/Logo-artyplan-690x690-1.png\",\"contentUrl\":\"https:\\\/\\\/preweb.artyplan.com\\\/wp-content\\\/uploads\\\/2025\\\/11\\\/Logo-artyplan-690x690-1.png\",\"width\":690,\"height\":690,\"caption\":\"Artyplan\"},\"image\":{\"@id\":\"https:\\\/\\\/artyplanevents.com\\\/ca\\\/#\\\/schema\\\/logo\\\/image\\\/\"},\"sameAs\":[\"https:\\\/\\\/www.facebook.com\\\/artyplan\",\"https:\\\/\\\/x.com\\\/artyplan\"]},{\"@type\":\"Person\",\"@id\":\"https:\\\/\\\/artyplanevents.com\\\/ca\\\/#\\\/schema\\\/person\\\/7e099d8fb4e2e75f604bce6a0026fc08\",\"name\":\"jcartagena\",\"image\":{\"@type\":\"ImageObject\",\"inLanguage\":\"ca\",\"@id\":\"https:\\\/\\\/secure.gravatar.com\\\/avatar\\\/74b6898d9dd18bcd06e733678b696165da09bb7631730fd9477d49273abe408c?s=96&d=mm&r=g\",\"url\":\"https:\\\/\\\/secure.gravatar.com\\\/avatar\\\/74b6898d9dd18bcd06e733678b696165da09bb7631730fd9477d49273abe408c?s=96&d=mm&r=g\",\"contentUrl\":\"https:\\\/\\\/secure.gravatar.com\\\/avatar\\\/74b6898d9dd18bcd06e733678b696165da09bb7631730fd9477d49273abe408c?s=96&d=mm&r=g\",\"caption\":\"jcartagena\"},\"sameAs\":[\"https:\\\/\\\/preweb.artyplan.com\"],\"url\":\"https:\\\/\\\/artyplanevents.com\\\/ca\\\/author\\\/jcartagena\\\/\"}]}<\/script>\n<!-- \/ Yoast SEO plugin. -->","yoast_head_json":{"title":"Artyplan concedeix un ajut a l\u2019estudi per a estudiants de cicles formatius de grau superior de la UVic-UCC - Artyplan","robots":{"index":"noindex","follow":"follow","max-snippet":"max-snippet:-1","max-image-preview":"max-image-preview:large","max-video-preview":"max-video-preview:-1"},"og_locale":"ca_ES","og_type":"article","og_title":"Artyplan concedeix un ajut a l\u2019estudi per a estudiants de cicles formatius de grau superior de la UVic-UCC - Artyplan","og_description":"El nostre director general, Ignasi Pietx, i el rector de la Universitat de Vic &#8211; Universitat Central de Catalunya, Josep-Eladi Ba\u00f1os, han signat una beca d\u2019ajut a l\u2019estudi,\u00a0 entre l&#8217;entitat i l&#8217;empresa amb l&#8217;objectiu de &#8220;potenciar la formaci\u00f3 professional universit\u00e0ria\u201d. La voluntat de la nostra empresa \u00e9s de \u201cseguir vinculada al projecte universitari de Vic [&hellip;]","og_url":"https:\/\/artyplanevents.com\/ca\/blog\/artyplan-concedeix-un-ajut-a-lestudi-per-a-estudiants-de-cicles-formatius-de-grau-superior-de-la-uvic-ucc\/","og_site_name":"Artyplan","article_publisher":"https:\/\/www.facebook.com\/artyplan","article_published_time":"2020-09-02T22:00:00+00:00","article_modified_time":"2025-09-07T14:08:18+00:00","og_image":[{"width":1024,"height":683,"url":"https:\/\/artyplanevents.com\/wp-content\/uploads\/2025\/09\/WhatsApp-Image-2020-09-03-at-16.21.36.jpeg","type":"image\/jpeg"}],"author":"jcartagena","twitter_card":"summary_large_image","twitter_creator":"@artyplan","twitter_site":"@artyplan","twitter_misc":{"Escrit per":"jcartagena","Temps estimat de lectura":"1 minut"},"schema":{"@context":"https:\/\/schema.org","@graph":[{"@type":"Article","@id":"https:\/\/artyplanevents.com\/ca\/blog\/artyplan-concedeix-un-ajut-a-lestudi-per-a-estudiants-de-cicles-formatius-de-grau-superior-de-la-uvic-ucc\/#article","isPartOf":{"@id":"https:\/\/artyplanevents.com\/ca\/blog\/artyplan-concedeix-un-ajut-a-lestudi-per-a-estudiants-de-cicles-formatius-de-grau-superior-de-la-uvic-ucc\/"},"author":{"name":"jcartagena","@id":"https:\/\/artyplanevents.com\/ca\/#\/schema\/person\/7e099d8fb4e2e75f604bce6a0026fc08"},"headline":"Artyplan concedeix un ajut a l\u2019estudi per a estudiants de cicles formatius de grau superior de la UVic-UCC","datePublished":"2020-09-02T22:00:00+00:00","dateModified":"2025-09-07T14:08:18+00:00","mainEntityOfPage":{"@id":"https:\/\/artyplanevents.com\/ca\/blog\/artyplan-concedeix-un-ajut-a-lestudi-per-a-estudiants-de-cicles-formatius-de-grau-superior-de-la-uvic-ucc\/"},"wordCount":161,"publisher":{"@id":"https:\/\/artyplanevents.com\/ca\/#organization"},"image":{"@id":"https:\/\/artyplanevents.com\/ca\/blog\/artyplan-concedeix-un-ajut-a-lestudi-per-a-estudiants-de-cicles-formatius-de-grau-superior-de-la-uvic-ucc\/#primaryimage"},"thumbnailUrl":"https:\/\/artyplanevents.com\/wp-content\/uploads\/2025\/09\/WhatsApp-Image-2020-09-03-at-16.21.36.jpeg","articleSection":["Noticies"],"inLanguage":"ca"},{"@type":"WebPage","@id":"https:\/\/artyplanevents.com\/ca\/blog\/artyplan-concedeix-un-ajut-a-lestudi-per-a-estudiants-de-cicles-formatius-de-grau-superior-de-la-uvic-ucc\/","url":"https:\/\/artyplanevents.com\/ca\/blog\/artyplan-concedeix-un-ajut-a-lestudi-per-a-estudiants-de-cicles-formatius-de-grau-superior-de-la-uvic-ucc\/","name":"Artyplan concedeix un ajut a l\u2019estudi per a estudiants de cicles formatius de grau superior de la UVic-UCC - Artyplan","isPartOf":{"@id":"https:\/\/artyplanevents.com\/ca\/#website"},"primaryImageOfPage":{"@id":"https:\/\/artyplanevents.com\/ca\/blog\/artyplan-concedeix-un-ajut-a-lestudi-per-a-estudiants-de-cicles-formatius-de-grau-superior-de-la-uvic-ucc\/#primaryimage"},"image":{"@id":"https:\/\/artyplanevents.com\/ca\/blog\/artyplan-concedeix-un-ajut-a-lestudi-per-a-estudiants-de-cicles-formatius-de-grau-superior-de-la-uvic-ucc\/#primaryimage"},"thumbnailUrl":"https:\/\/artyplanevents.com\/wp-content\/uploads\/2025\/09\/WhatsApp-Image-2020-09-03-at-16.21.36.jpeg","datePublished":"2020-09-02T22:00:00+00:00","dateModified":"2025-09-07T14:08:18+00:00","breadcrumb":{"@id":"https:\/\/artyplanevents.com\/ca\/blog\/artyplan-concedeix-un-ajut-a-lestudi-per-a-estudiants-de-cicles-formatius-de-grau-superior-de-la-uvic-ucc\/#breadcrumb"},"inLanguage":"ca","potentialAction":[{"@type":"ReadAction","target":["https:\/\/artyplanevents.com\/ca\/blog\/artyplan-concedeix-un-ajut-a-lestudi-per-a-estudiants-de-cicles-formatius-de-grau-superior-de-la-uvic-ucc\/"]}]},{"@type":"ImageObject","inLanguage":"ca","@id":"https:\/\/artyplanevents.com\/ca\/blog\/artyplan-concedeix-un-ajut-a-lestudi-per-a-estudiants-de-cicles-formatius-de-grau-superior-de-la-uvic-ucc\/#primaryimage","url":"https:\/\/artyplanevents.com\/wp-content\/uploads\/2025\/09\/WhatsApp-Image-2020-09-03-at-16.21.36.jpeg","contentUrl":"https:\/\/artyplanevents.com\/wp-content\/uploads\/2025\/09\/WhatsApp-Image-2020-09-03-at-16.21.36.jpeg","width":1024,"height":683,"caption":"|"},{"@type":"BreadcrumbList","@id":"https:\/\/artyplanevents.com\/ca\/blog\/artyplan-concedeix-un-ajut-a-lestudi-per-a-estudiants-de-cicles-formatius-de-grau-superior-de-la-uvic-ucc\/#breadcrumb","itemListElement":[{"@type":"ListItem","position":1,"name":"Artyplan","item":"https:\/\/artyplanevents.com\/ca\/"},{"@type":"ListItem","position":2,"name":"Artyplan concedeix un ajut a l\u2019estudi per a estudiants de cicles formatius de grau superior de la UVic-UCC"}]},{"@type":"WebSite","@id":"https:\/\/artyplanevents.com\/ca\/#website","url":"https:\/\/artyplanevents.com\/ca\/","name":"Artyplan","description":"","publisher":{"@id":"https:\/\/artyplanevents.com\/ca\/#organization"},"potentialAction":[{"@type":"SearchAction","target":{"@type":"EntryPoint","urlTemplate":"https:\/\/artyplanevents.com\/ca\/?s={search_term_string}"},"query-input":{"@type":"PropertyValueSpecification","valueRequired":true,"valueName":"search_term_string"}}],"inLanguage":"ca"},{"@type":"Organization","@id":"https:\/\/artyplanevents.com\/ca\/#organization","name":"Artyplan","url":"https:\/\/artyplanevents.com\/ca\/","logo":{"@type":"ImageObject","inLanguage":"ca","@id":"https:\/\/artyplanevents.com\/ca\/#\/schema\/logo\/image\/","url":"https:\/\/preweb.artyplan.com\/wp-content\/uploads\/2025\/11\/Logo-artyplan-690x690-1.png","contentUrl":"https:\/\/preweb.artyplan.com\/wp-content\/uploads\/2025\/11\/Logo-artyplan-690x690-1.png","width":690,"height":690,"caption":"Artyplan"},"image":{"@id":"https:\/\/artyplanevents.com\/ca\/#\/schema\/logo\/image\/"},"sameAs":["https:\/\/www.facebook.com\/artyplan","https:\/\/x.com\/artyplan"]},{"@type":"Person","@id":"https:\/\/artyplanevents.com\/ca\/#\/schema\/person\/7e099d8fb4e2e75f604bce6a0026fc08","name":"jcartagena","image":{"@type":"ImageObject","inLanguage":"ca","@id":"https:\/\/secure.gravatar.com\/avatar\/74b6898d9dd18bcd06e733678b696165da09bb7631730fd9477d49273abe408c?s=96&d=mm&r=g","url":"https:\/\/secure.gravatar.com\/avatar\/74b6898d9dd18bcd06e733678b696165da09bb7631730fd9477d49273abe408c?s=96&d=mm&r=g","contentUrl":"https:\/\/secure.gravatar.com\/avatar\/74b6898d9dd18bcd06e733678b696165da09bb7631730fd9477d49273abe408c?s=96&d=mm&r=g","caption":"jcartagena"},"sameAs":["https:\/\/preweb.artyplan.com"],"url":"https:\/\/artyplanevents.com\/ca\/author\/jcartagena\/"}]}},"_links":{"self":[{"href":"https:\/\/artyplanevents.com\/ca\/wp-json\/wp\/v2\/posts\/5017","targetHints":{"allow":["GET"]}}],"collection":[{"href":"https:\/\/artyplanevents.com\/ca\/wp-json\/wp\/v2\/posts"}],"about":[{"href":"https:\/\/artyplanevents.com\/ca\/wp-json\/wp\/v2\/types\/post"}],"author":[{"embeddable":true,"href":"https:\/\/artyplanevents.com\/ca\/wp-json\/wp\/v2\/users\/1"}],"replies":[{"embeddable":true,"href":"https:\/\/artyplanevents.com\/ca\/wp-json\/wp\/v2\/comments?post=5017"}],"version-history":[{"count":1,"href":"https:\/\/artyplanevents.com\/ca\/wp-json\/wp\/v2\/posts\/5017\/revisions"}],"predecessor-version":[{"id":6207,"href":"https:\/\/artyplanevents.com\/ca\/wp-json\/wp\/v2\/posts\/5017\/revisions\/6207"}],"wp:featuredmedia":[{"embeddable":true,"href":"https:\/\/artyplanevents.com\/ca\/wp-json\/wp\/v2\/media\/5018"}],"wp:attachment":[{"href":"https:\/\/artyplanevents.com\/ca\/wp-json\/wp\/v2\/media?parent=5017"}],"wp:term":[{"taxonomy":"category","embeddable":true,"href":"https:\/\/artyplanevents.com\/ca\/wp-json\/wp\/v2\/categories?post=5017"},{"taxonomy":"post_tag","embeddable":true,"href":"https:\/\/artyplanevents.com\/ca\/wp-json\/wp\/v2\/tags?post=5017"}],"curies":[{"name":"wp","href":"https:\/\/api.w.org\/{rel}","templated":true}]}}