{"id":5024,"date":"2020-10-05T00:00:00","date_gmt":"2020-10-04T22:00:00","guid":{"rendered":"https:\/\/preweb.artyplan.com\/sin-categorizar\/destacar-amb-targetes-de-visita\/"},"modified":"2025-09-07T16:08:22","modified_gmt":"2025-09-07T14:08:22","slug":"destacar-amb-targetes-de-visita","status":"publish","type":"post","link":"https:\/\/artyplanevents.com\/ca\/blog\/destacar-amb-targetes-de-visita\/","title":{"rendered":"Com destacar amb les targetes de visita?"},"content":{"rendered":"<p>Cada empresa t\u00e9 unes necessitats espec\u00edfiques a l&#8217;hora de presentar-se als clients. En aquest sentit, saber com <strong>destacar amb les targetes de visita<\/strong> t&#8217;ajudar\u00e0 a <strong>diferenciar-te<\/strong> de la teva compet\u00e8ncia i a aconseguir un millor posicionament.<\/p>\n<h2>Consells per a destacar amb les teves targetes de visita<\/h2>\n<p>Perqu\u00e8 les teves targetes siguin reeixides, han d&#8217;estar dissenyades correctament i contenir la <strong>informaci\u00f3 de contacte<\/strong> de la teva empresa. Tamb\u00e9 \u00e9s important que incloguin els <strong>colors corporatius<\/strong> de la teva companyia.<\/p>\n<p>Per\u00f2 el fonamental \u00e9s que la <a href=\"http:\/\/artyplan.com\/ca\/productes-impressio\/serveis-dimpressio-de-petit-format\/papereria-corporativa\/targetes\/\" target=\"_blank\" rel=\"noopener\">impressi\u00f3 de les targetes de visita<\/a> sigui de <strong>qualitat<\/strong>. Tingues en compte els <strong>acabats de les targetes de visita<\/strong>, ja que s\u00f3n determinants perqu\u00e8 es vegi una aparen\u00e7a professional. Per aquest motiu, \u00e9s important que trobis una impremta que s\u00e0piga adaptar-se totalment a les teves peticions.<\/p>\n<h3>A m\u00e9s, has de tenir en compte una s\u00e8rie d&#8217;aspectes que influeixen en l&#8217;aparen\u00e7a de la targeta.<\/h3>\n<p>1. Compta amb diverses opcions de <strong>disseny<\/strong>. D&#8217;aquesta manera, podr\u00e0s triar la que compleixi amb tots els teus requisits.<\/p>\n<p>2. Assegura&#8217;t que l&#8217;embalatge est\u00e0 dissenyat d&#8217;acord amb les <strong>targetes de visita <\/strong>\u00a0i que aquest crida l&#8217;atenci\u00f3 per la seva <strong>eleg\u00e0ncia i minimalisme<\/strong>.<\/p>\n<p>3. Adapta l&#8217;estil de les teves targetes al teu <strong>model de negoci<\/strong>. Ha de servir de carta de presentaci\u00f3 dels teus valors, missi\u00f3, visi\u00f3, productes, serveis&#8230;<\/p>\n<p>4. Para esment al paper que s&#8217;usar\u00e0 per a la impressi\u00f3. Sobretot, que el <strong>gramatge<\/strong> sigui l&#8217;adequat. Aconsellem que estigui entre els 250 i 400 grams.<\/p>\n<p>5. Aposta per una mena de <strong>disseny<\/strong> disruptiu, creatiu i <strong>personalitzat<\/strong>. Recorda que ser\u00e0 el que determinar\u00e0 l&#8217;impacte que tingui el teu material corporatiu en el teu p\u00fablic objectiu.<\/p>\n<p>6. Que les teves targetes mantinguin una <strong>coher\u00e8ncia<\/strong> amb la resta de material que utilitzis per a la comunicaci\u00f3.<\/p>\n<p>7. Afegeix la <strong>informaci\u00f3 m\u00e9s rellevant<\/strong> i que defineixi a la teva empresa: qui ets, xarxes socials i p\u00e0gina web, a qu\u00e8 et dediques, nom de la companyia, serveis, n\u00famero de tel\u00e8fon i correu electr\u00f2nic.<\/p>\n<p>8. Tria una <strong>tipografia<\/strong> que es pugui llegir f\u00e0cil, sense dificultats. A part de ser atractiva, ha de tenir una grand\u00e0ria adequada i col\u00b7locar-se estrat\u00e8gicament.<\/p>\n<p>9. La <strong>grand\u00e0ria<\/strong> de la targeta ha de ser l&#8217;<strong>est\u00e0ndard (85mm x 55mm)<\/strong>, ni massa gran ni massa petita. \u00c9s cert que dep\u00e8n del que pretenguis aconseguir, per\u00f2 no oblidis que ha de ser f\u00e0cilment guardada en un targeter.<\/p>\n<p>\u00c9s molt important que la targeta sigui revisada i impresa amb els millors <strong>sistemes d&#8217;impressi\u00f3 digital<\/strong> i la millor tecnologia. D&#8217;aquesta manera, aconseguir\u00e0s els resultats esperats.<\/p>\n<p>Ara que ja saps <strong>com destacar amb les targetes de visita<\/strong>, \u00e9s el moment de posar-te a la feina i de dissenyar la teva amb la nostra ajuda i assessorament personalitzat.<\/p>\n","protected":false},"excerpt":{"rendered":"<p>Cada empresa t\u00e9 unes necessitats espec\u00edfiques a l&#8217;hora de presentar-se als clients. En aquest sentit, saber com destacar amb les targetes de visita t&#8217;ajudar\u00e0 a diferenciar-te de la teva compet\u00e8ncia i a aconseguir un millor posicionament. Consells per a destacar amb les teves targetes de visita Perqu\u00e8 les teves targetes siguin reeixides, han d&#8217;estar dissenyades [&hellip;]<\/p>\n","protected":false},"author":1,"featured_media":6929,"comment_status":"closed","ping_status":"closed","sticky":false,"template":"","format":"standard","meta":{"footnotes":""},"categories":[33],"tags":[],"class_list":["post-5024","post","type-post","status-publish","format-standard","has-post-thumbnail","hentry","category-noticies"],"yoast_head":"<!-- This site is optimized with the Yoast SEO plugin v27.4 - https:\/\/yoast.com\/product\/yoast-seo-wordpress\/ -->\n<title>Consells per destacar amb les targetes de visita | Artyplan<\/title>\n<meta name=\"description\" content=\"Com destacar amb les targetes de visita per diferenciarte? Has de parar atenci\u00f3 a factors com el disseny, tipografia, grand\u00e0ria i informaci\u00f3 a incloure.\" \/>\n<meta name=\"robots\" content=\"noindex, follow, max-snippet:-1, max-image-preview:large, max-video-preview:-1\" \/>\n<meta property=\"og:locale\" content=\"ca_ES\" \/>\n<meta property=\"og:type\" content=\"article\" \/>\n<meta property=\"og:title\" content=\"Consells per destacar amb les targetes de visita | Artyplan\" \/>\n<meta property=\"og:description\" content=\"Com destacar amb les targetes de visita per diferenciarte? Has de parar atenci\u00f3 a factors com el disseny, tipografia, grand\u00e0ria i informaci\u00f3 a incloure.\" \/>\n<meta property=\"og:url\" content=\"https:\/\/artyplanevents.com\/ca\/blog\/destacar-amb-targetes-de-visita\/\" \/>\n<meta property=\"og:site_name\" content=\"Artyplan\" \/>\n<meta property=\"article:publisher\" content=\"https:\/\/www.facebook.com\/artyplan\" \/>\n<meta property=\"article:published_time\" content=\"2020-10-04T22:00:00+00:00\" \/>\n<meta property=\"article:modified_time\" content=\"2025-09-07T14:08:22+00:00\" \/>\n<meta property=\"og:image\" content=\"https:\/\/artyplanevents.com\/wp-content\/uploads\/2025\/09\/tarjeta-visita-calidad-scaled-1.jpg\" \/>\n\t<meta property=\"og:image:width\" content=\"2221\" \/>\n\t<meta property=\"og:image:height\" content=\"2560\" \/>\n\t<meta property=\"og:image:type\" content=\"image\/jpeg\" \/>\n<meta name=\"author\" content=\"jcartagena\" \/>\n<meta name=\"twitter:card\" content=\"summary_large_image\" \/>\n<meta name=\"twitter:creator\" content=\"@artyplan\" \/>\n<meta name=\"twitter:site\" content=\"@artyplan\" \/>\n<meta name=\"twitter:label1\" content=\"Escrit per\" \/>\n\t<meta name=\"twitter:data1\" content=\"jcartagena\" \/>\n\t<meta name=\"twitter:label2\" content=\"Temps estimat de lectura\" \/>\n\t<meta name=\"twitter:data2\" content=\"2 minuts\" \/>\n<script type=\"application\/ld+json\" class=\"yoast-schema-graph\">{\"@context\":\"https:\\\/\\\/schema.org\",\"@graph\":[{\"@type\":\"Article\",\"@id\":\"https:\\\/\\\/artyplanevents.com\\\/ca\\\/blog\\\/destacar-amb-targetes-de-visita\\\/#article\",\"isPartOf\":{\"@id\":\"https:\\\/\\\/artyplanevents.com\\\/ca\\\/blog\\\/destacar-amb-targetes-de-visita\\\/\"},\"author\":{\"name\":\"jcartagena\",\"@id\":\"https:\\\/\\\/artyplanevents.com\\\/ca\\\/#\\\/schema\\\/person\\\/7e099d8fb4e2e75f604bce6a0026fc08\"},\"headline\":\"Com destacar amb les targetes de visita?\",\"datePublished\":\"2020-10-04T22:00:00+00:00\",\"dateModified\":\"2025-09-07T14:08:22+00:00\",\"mainEntityOfPage\":{\"@id\":\"https:\\\/\\\/artyplanevents.com\\\/ca\\\/blog\\\/destacar-amb-targetes-de-visita\\\/\"},\"wordCount\":484,\"publisher\":{\"@id\":\"https:\\\/\\\/artyplanevents.com\\\/ca\\\/#organization\"},\"image\":{\"@id\":\"https:\\\/\\\/artyplanevents.com\\\/ca\\\/blog\\\/destacar-amb-targetes-de-visita\\\/#primaryimage\"},\"thumbnailUrl\":\"https:\\\/\\\/artyplanevents.com\\\/wp-content\\\/uploads\\\/2025\\\/09\\\/tarjeta-visita-calidad-scaled-1.jpg\",\"articleSection\":[\"Noticies\"],\"inLanguage\":\"ca\"},{\"@type\":\"WebPage\",\"@id\":\"https:\\\/\\\/artyplanevents.com\\\/ca\\\/blog\\\/destacar-amb-targetes-de-visita\\\/\",\"url\":\"https:\\\/\\\/artyplanevents.com\\\/ca\\\/blog\\\/destacar-amb-targetes-de-visita\\\/\",\"name\":\"Consells per destacar amb les targetes de visita | Artyplan\",\"isPartOf\":{\"@id\":\"https:\\\/\\\/artyplanevents.com\\\/ca\\\/#website\"},\"primaryImageOfPage\":{\"@id\":\"https:\\\/\\\/artyplanevents.com\\\/ca\\\/blog\\\/destacar-amb-targetes-de-visita\\\/#primaryimage\"},\"image\":{\"@id\":\"https:\\\/\\\/artyplanevents.com\\\/ca\\\/blog\\\/destacar-amb-targetes-de-visita\\\/#primaryimage\"},\"thumbnailUrl\":\"https:\\\/\\\/artyplanevents.com\\\/wp-content\\\/uploads\\\/2025\\\/09\\\/tarjeta-visita-calidad-scaled-1.jpg\",\"datePublished\":\"2020-10-04T22:00:00+00:00\",\"dateModified\":\"2025-09-07T14:08:22+00:00\",\"description\":\"Com destacar amb les targetes de visita per diferenciarte? Has de parar atenci\u00f3 a factors com el disseny, tipografia, grand\u00e0ria i informaci\u00f3 a incloure.\",\"breadcrumb\":{\"@id\":\"https:\\\/\\\/artyplanevents.com\\\/ca\\\/blog\\\/destacar-amb-targetes-de-visita\\\/#breadcrumb\"},\"inLanguage\":\"ca\",\"potentialAction\":[{\"@type\":\"ReadAction\",\"target\":[\"https:\\\/\\\/artyplanevents.com\\\/ca\\\/blog\\\/destacar-amb-targetes-de-visita\\\/\"]}]},{\"@type\":\"ImageObject\",\"inLanguage\":\"ca\",\"@id\":\"https:\\\/\\\/artyplanevents.com\\\/ca\\\/blog\\\/destacar-amb-targetes-de-visita\\\/#primaryimage\",\"url\":\"https:\\\/\\\/artyplanevents.com\\\/wp-content\\\/uploads\\\/2025\\\/09\\\/tarjeta-visita-calidad-scaled-1.jpg\",\"contentUrl\":\"https:\\\/\\\/artyplanevents.com\\\/wp-content\\\/uploads\\\/2025\\\/09\\\/tarjeta-visita-calidad-scaled-1.jpg\",\"width\":2221,\"height\":2560,\"caption\":\"tarjeta de visita de calidad\"},{\"@type\":\"BreadcrumbList\",\"@id\":\"https:\\\/\\\/artyplanevents.com\\\/ca\\\/blog\\\/destacar-amb-targetes-de-visita\\\/#breadcrumb\",\"itemListElement\":[{\"@type\":\"ListItem\",\"position\":1,\"name\":\"Artyplan\",\"item\":\"https:\\\/\\\/artyplanevents.com\\\/ca\\\/\"},{\"@type\":\"ListItem\",\"position\":2,\"name\":\"Com destacar amb les targetes de visita?\"}]},{\"@type\":\"WebSite\",\"@id\":\"https:\\\/\\\/artyplanevents.com\\\/ca\\\/#website\",\"url\":\"https:\\\/\\\/artyplanevents.com\\\/ca\\\/\",\"name\":\"Artyplan\",\"description\":\"\",\"publisher\":{\"@id\":\"https:\\\/\\\/artyplanevents.com\\\/ca\\\/#organization\"},\"potentialAction\":[{\"@type\":\"SearchAction\",\"target\":{\"@type\":\"EntryPoint\",\"urlTemplate\":\"https:\\\/\\\/artyplanevents.com\\\/ca\\\/?s={search_term_string}\"},\"query-input\":{\"@type\":\"PropertyValueSpecification\",\"valueRequired\":true,\"valueName\":\"search_term_string\"}}],\"inLanguage\":\"ca\"},{\"@type\":\"Organization\",\"@id\":\"https:\\\/\\\/artyplanevents.com\\\/ca\\\/#organization\",\"name\":\"Artyplan\",\"url\":\"https:\\\/\\\/artyplanevents.com\\\/ca\\\/\",\"logo\":{\"@type\":\"ImageObject\",\"inLanguage\":\"ca\",\"@id\":\"https:\\\/\\\/artyplanevents.com\\\/ca\\\/#\\\/schema\\\/logo\\\/image\\\/\",\"url\":\"https:\\\/\\\/preweb.artyplan.com\\\/wp-content\\\/uploads\\\/2025\\\/11\\\/Logo-artyplan-690x690-1.png\",\"contentUrl\":\"https:\\\/\\\/preweb.artyplan.com\\\/wp-content\\\/uploads\\\/2025\\\/11\\\/Logo-artyplan-690x690-1.png\",\"width\":690,\"height\":690,\"caption\":\"Artyplan\"},\"image\":{\"@id\":\"https:\\\/\\\/artyplanevents.com\\\/ca\\\/#\\\/schema\\\/logo\\\/image\\\/\"},\"sameAs\":[\"https:\\\/\\\/www.facebook.com\\\/artyplan\",\"https:\\\/\\\/x.com\\\/artyplan\"]},{\"@type\":\"Person\",\"@id\":\"https:\\\/\\\/artyplanevents.com\\\/ca\\\/#\\\/schema\\\/person\\\/7e099d8fb4e2e75f604bce6a0026fc08\",\"name\":\"jcartagena\",\"image\":{\"@type\":\"ImageObject\",\"inLanguage\":\"ca\",\"@id\":\"https:\\\/\\\/secure.gravatar.com\\\/avatar\\\/74b6898d9dd18bcd06e733678b696165da09bb7631730fd9477d49273abe408c?s=96&d=mm&r=g\",\"url\":\"https:\\\/\\\/secure.gravatar.com\\\/avatar\\\/74b6898d9dd18bcd06e733678b696165da09bb7631730fd9477d49273abe408c?s=96&d=mm&r=g\",\"contentUrl\":\"https:\\\/\\\/secure.gravatar.com\\\/avatar\\\/74b6898d9dd18bcd06e733678b696165da09bb7631730fd9477d49273abe408c?s=96&d=mm&r=g\",\"caption\":\"jcartagena\"},\"sameAs\":[\"https:\\\/\\\/preweb.artyplan.com\"],\"url\":\"https:\\\/\\\/artyplanevents.com\\\/ca\\\/author\\\/jcartagena\\\/\"}]}<\/script>\n<!-- \/ Yoast SEO plugin. -->","yoast_head_json":{"title":"Consells per destacar amb les targetes de visita | Artyplan","description":"Com destacar amb les targetes de visita per diferenciarte? Has de parar atenci\u00f3 a factors com el disseny, tipografia, grand\u00e0ria i informaci\u00f3 a incloure.","robots":{"index":"noindex","follow":"follow","max-snippet":"max-snippet:-1","max-image-preview":"max-image-preview:large","max-video-preview":"max-video-preview:-1"},"og_locale":"ca_ES","og_type":"article","og_title":"Consells per destacar amb les targetes de visita | Artyplan","og_description":"Com destacar amb les targetes de visita per diferenciarte? Has de parar atenci\u00f3 a factors com el disseny, tipografia, grand\u00e0ria i informaci\u00f3 a incloure.","og_url":"https:\/\/artyplanevents.com\/ca\/blog\/destacar-amb-targetes-de-visita\/","og_site_name":"Artyplan","article_publisher":"https:\/\/www.facebook.com\/artyplan","article_published_time":"2020-10-04T22:00:00+00:00","article_modified_time":"2025-09-07T14:08:22+00:00","og_image":[{"width":2221,"height":2560,"url":"https:\/\/artyplanevents.com\/wp-content\/uploads\/2025\/09\/tarjeta-visita-calidad-scaled-1.jpg","type":"image\/jpeg"}],"author":"jcartagena","twitter_card":"summary_large_image","twitter_creator":"@artyplan","twitter_site":"@artyplan","twitter_misc":{"Escrit per":"jcartagena","Temps estimat de lectura":"2 minuts"},"schema":{"@context":"https:\/\/schema.org","@graph":[{"@type":"Article","@id":"https:\/\/artyplanevents.com\/ca\/blog\/destacar-amb-targetes-de-visita\/#article","isPartOf":{"@id":"https:\/\/artyplanevents.com\/ca\/blog\/destacar-amb-targetes-de-visita\/"},"author":{"name":"jcartagena","@id":"https:\/\/artyplanevents.com\/ca\/#\/schema\/person\/7e099d8fb4e2e75f604bce6a0026fc08"},"headline":"Com destacar amb les targetes de visita?","datePublished":"2020-10-04T22:00:00+00:00","dateModified":"2025-09-07T14:08:22+00:00","mainEntityOfPage":{"@id":"https:\/\/artyplanevents.com\/ca\/blog\/destacar-amb-targetes-de-visita\/"},"wordCount":484,"publisher":{"@id":"https:\/\/artyplanevents.com\/ca\/#organization"},"image":{"@id":"https:\/\/artyplanevents.com\/ca\/blog\/destacar-amb-targetes-de-visita\/#primaryimage"},"thumbnailUrl":"https:\/\/artyplanevents.com\/wp-content\/uploads\/2025\/09\/tarjeta-visita-calidad-scaled-1.jpg","articleSection":["Noticies"],"inLanguage":"ca"},{"@type":"WebPage","@id":"https:\/\/artyplanevents.com\/ca\/blog\/destacar-amb-targetes-de-visita\/","url":"https:\/\/artyplanevents.com\/ca\/blog\/destacar-amb-targetes-de-visita\/","name":"Consells per destacar amb les targetes de visita | Artyplan","isPartOf":{"@id":"https:\/\/artyplanevents.com\/ca\/#website"},"primaryImageOfPage":{"@id":"https:\/\/artyplanevents.com\/ca\/blog\/destacar-amb-targetes-de-visita\/#primaryimage"},"image":{"@id":"https:\/\/artyplanevents.com\/ca\/blog\/destacar-amb-targetes-de-visita\/#primaryimage"},"thumbnailUrl":"https:\/\/artyplanevents.com\/wp-content\/uploads\/2025\/09\/tarjeta-visita-calidad-scaled-1.jpg","datePublished":"2020-10-04T22:00:00+00:00","dateModified":"2025-09-07T14:08:22+00:00","description":"Com destacar amb les targetes de visita per diferenciarte? Has de parar atenci\u00f3 a factors com el disseny, tipografia, grand\u00e0ria i informaci\u00f3 a incloure.","breadcrumb":{"@id":"https:\/\/artyplanevents.com\/ca\/blog\/destacar-amb-targetes-de-visita\/#breadcrumb"},"inLanguage":"ca","potentialAction":[{"@type":"ReadAction","target":["https:\/\/artyplanevents.com\/ca\/blog\/destacar-amb-targetes-de-visita\/"]}]},{"@type":"ImageObject","inLanguage":"ca","@id":"https:\/\/artyplanevents.com\/ca\/blog\/destacar-amb-targetes-de-visita\/#primaryimage","url":"https:\/\/artyplanevents.com\/wp-content\/uploads\/2025\/09\/tarjeta-visita-calidad-scaled-1.jpg","contentUrl":"https:\/\/artyplanevents.com\/wp-content\/uploads\/2025\/09\/tarjeta-visita-calidad-scaled-1.jpg","width":2221,"height":2560,"caption":"tarjeta de visita de calidad"},{"@type":"BreadcrumbList","@id":"https:\/\/artyplanevents.com\/ca\/blog\/destacar-amb-targetes-de-visita\/#breadcrumb","itemListElement":[{"@type":"ListItem","position":1,"name":"Artyplan","item":"https:\/\/artyplanevents.com\/ca\/"},{"@type":"ListItem","position":2,"name":"Com destacar amb les targetes de visita?"}]},{"@type":"WebSite","@id":"https:\/\/artyplanevents.com\/ca\/#website","url":"https:\/\/artyplanevents.com\/ca\/","name":"Artyplan","description":"","publisher":{"@id":"https:\/\/artyplanevents.com\/ca\/#organization"},"potentialAction":[{"@type":"SearchAction","target":{"@type":"EntryPoint","urlTemplate":"https:\/\/artyplanevents.com\/ca\/?s={search_term_string}"},"query-input":{"@type":"PropertyValueSpecification","valueRequired":true,"valueName":"search_term_string"}}],"inLanguage":"ca"},{"@type":"Organization","@id":"https:\/\/artyplanevents.com\/ca\/#organization","name":"Artyplan","url":"https:\/\/artyplanevents.com\/ca\/","logo":{"@type":"ImageObject","inLanguage":"ca","@id":"https:\/\/artyplanevents.com\/ca\/#\/schema\/logo\/image\/","url":"https:\/\/preweb.artyplan.com\/wp-content\/uploads\/2025\/11\/Logo-artyplan-690x690-1.png","contentUrl":"https:\/\/preweb.artyplan.com\/wp-content\/uploads\/2025\/11\/Logo-artyplan-690x690-1.png","width":690,"height":690,"caption":"Artyplan"},"image":{"@id":"https:\/\/artyplanevents.com\/ca\/#\/schema\/logo\/image\/"},"sameAs":["https:\/\/www.facebook.com\/artyplan","https:\/\/x.com\/artyplan"]},{"@type":"Person","@id":"https:\/\/artyplanevents.com\/ca\/#\/schema\/person\/7e099d8fb4e2e75f604bce6a0026fc08","name":"jcartagena","image":{"@type":"ImageObject","inLanguage":"ca","@id":"https:\/\/secure.gravatar.com\/avatar\/74b6898d9dd18bcd06e733678b696165da09bb7631730fd9477d49273abe408c?s=96&d=mm&r=g","url":"https:\/\/secure.gravatar.com\/avatar\/74b6898d9dd18bcd06e733678b696165da09bb7631730fd9477d49273abe408c?s=96&d=mm&r=g","contentUrl":"https:\/\/secure.gravatar.com\/avatar\/74b6898d9dd18bcd06e733678b696165da09bb7631730fd9477d49273abe408c?s=96&d=mm&r=g","caption":"jcartagena"},"sameAs":["https:\/\/preweb.artyplan.com"],"url":"https:\/\/artyplanevents.com\/ca\/author\/jcartagena\/"}]}},"_links":{"self":[{"href":"https:\/\/artyplanevents.com\/ca\/wp-json\/wp\/v2\/posts\/5024","targetHints":{"allow":["GET"]}}],"collection":[{"href":"https:\/\/artyplanevents.com\/ca\/wp-json\/wp\/v2\/posts"}],"about":[{"href":"https:\/\/artyplanevents.com\/ca\/wp-json\/wp\/v2\/types\/post"}],"author":[{"embeddable":true,"href":"https:\/\/artyplanevents.com\/ca\/wp-json\/wp\/v2\/users\/1"}],"replies":[{"embeddable":true,"href":"https:\/\/artyplanevents.com\/ca\/wp-json\/wp\/v2\/comments?post=5024"}],"version-history":[{"count":1,"href":"https:\/\/artyplanevents.com\/ca\/wp-json\/wp\/v2\/posts\/5024\/revisions"}],"predecessor-version":[{"id":6211,"href":"https:\/\/artyplanevents.com\/ca\/wp-json\/wp\/v2\/posts\/5024\/revisions\/6211"}],"wp:featuredmedia":[{"embeddable":true,"href":"https:\/\/artyplanevents.com\/ca\/wp-json\/wp\/v2\/media\/6929"}],"wp:attachment":[{"href":"https:\/\/artyplanevents.com\/ca\/wp-json\/wp\/v2\/media?parent=5024"}],"wp:term":[{"taxonomy":"category","embeddable":true,"href":"https:\/\/artyplanevents.com\/ca\/wp-json\/wp\/v2\/categories?post=5024"},{"taxonomy":"post_tag","embeddable":true,"href":"https:\/\/artyplanevents.com\/ca\/wp-json\/wp\/v2\/tags?post=5024"}],"curies":[{"name":"wp","href":"https:\/\/api.w.org\/{rel}","templated":true}]}}