{"id":5046,"date":"2020-11-23T00:00:00","date_gmt":"2020-11-22T22:00:00","guid":{"rendered":"https:\/\/preweb.artyplan.com\/sin-categorizar\/com-potenciar-imatge-corporativa-empresa\/"},"modified":"2025-09-07T16:08:42","modified_gmt":"2025-09-07T14:08:42","slug":"com-potenciar-imatge-corporativa-empresa","status":"publish","type":"post","link":"https:\/\/artyplanevents.com\/ca\/blog\/com-potenciar-imatge-corporativa-empresa\/","title":{"rendered":"Com potenciar la imatge corporativa d&#8217;una empresa"},"content":{"rendered":"<p>La <strong>imatge corporativa<\/strong> \u00e9s el resultat de totes les accions realitzades per l&#8217;empresa, tant en l&#8217;\u00e0mbit online com en l&#8217;offline. En conseq\u00fc\u00e8ncia, qualsevol decisi\u00f3, atenci\u00f3, omissi\u00f3, interacci\u00f3 o comunicaci\u00f3 afectar\u00e0, positiva o negativament, a la imatge que projecta.<\/p>\n<p>L&#8217;\u00e0rea d&#8217;actuaci\u00f3 m\u00e9s poderosa sobre aquest tema \u00e9s, en qualsevol cas, el m\u00e0rqueting. Dins d&#8217;ell, la comunicaci\u00f3: interna i externa. El teu objectiu ha de ser projectar una imatge i uns <strong>valors atractius per al\u00a0<\/strong><strong>target<\/strong>. A m\u00e9s, els treballadors s\u00f3n determinants: ells s\u00f3n la cara, i les mans, de l&#8217;empresa. Per tant, influeixen enormement en la imatge finalment transmesa.<\/p>\n<h3>Com potenciar la identitat corporativa empresarial: les millors estrat\u00e8gies<\/h3>\n<p>Vols saber quines s\u00f3n les accions i consideracions priorit\u00e0ries per a <strong>potenciar la identitat corporativa empresarial del teu negoci<\/strong>? T\u2019expliquem a continuaci\u00f3 quins s\u00f3n els pilars d&#8217;una bona imatge.<\/p>\n<p>Totes les accions de comunicaci\u00f3 tenen com a objectiu consolidar i refor\u00e7ar la identitat de marca es coneixen com a\u00a0<strong>branding\u00a0corporatiu<\/strong>. En aquest \u00e0mbit, has d&#8217;assegurar-te aquestes q\u00fcestions:<\/p>\n<p>1. Tenir un\u00a0<strong>logotip de marca\u00a0cridaner<\/strong>, i que comuniqui la imatge que desitges projectar i les caracter\u00edstiques del teu p\u00fablic.<\/p>\n<p>2. Ser <strong>coherent en totes les comunicacions<\/strong>, amb independ\u00e8ncia dels canals que utilitzis. Els missatges que transmetis han de ser, sempre, compatibles i sin\u00e8rgics per a la teva imatge de marca.<\/p>\n<p>3. Diferenciar-nos de la <strong>compet\u00e8ncia<\/strong>. Identifica quins s\u00f3n els teus atributs diferencials i qu\u00e8 fa a la teva marca desitjable per al seu p\u00fablic objectiu.<\/p>\n<p>4. Adequar els missatges als <strong>canals emprats<\/strong>. L&#8217;ess\u00e8ncia es mant\u00e9, per\u00f2 la forma ha d&#8217;adaptar-se a les caracter\u00edstiques de cada suport. No \u00e9s el mateix un v\u00eddeo per les xarxes socials que un espot publicitari.<\/p>\n<p>5. Con\u00e8ixer al p\u00fablic i <strong>\u00abpreparar\u00bb la informaci\u00f3<\/strong>. Has de parlar el llenguatge dels teus potencials clients. No obstant aix\u00f2, tamb\u00e9 els no-clients es forjaran una imatge de la teva empresa. L&#8217;essencial \u00e9s la que es creen aquells als quals aspires a conquistar.<\/p>\n<p>6. Unificar <strong>el dir i el ser<\/strong>. Tornem a la coher\u00e8ncia: no cre\u00efs falses expectatives que despr\u00e9s no vagin a ser confirmades per la realitat. El que comuniquem ha de quedar validat en la pr\u00e0ctica, quan l&#8217;audi\u00e8ncia entra en contacte real amb ella.<\/p>\n<h3>Altres consideracions \u00fatils per a millorar la imatge<\/h3>\n<p>La imatge visual, formada pel <strong>logo de la marca\u00a0i el\u00a0naming<\/strong>, \u00e9s essencial per a consolidar la projecci\u00f3 d&#8217;imatge desitjada. A l&#8217;hora de reproduir-la en paper, aposta per un \u00f2ptim <a href=\"http:\/\/artyplan.com\/ca\/productes-impressio\/serveis-dimpressio-de-petit-format\/papereria-corporativa\/\" target=\"_blank\" rel=\"noopener\">servei d&#8217;impressi\u00f3 en papereria corporativa<\/a>.<\/p>\n<p>Potencia la <strong>cultura empresarial<\/strong> per a anar conjuntament amb la comunicaci\u00f3 corporativa i no tinguis por a analitzar la situaci\u00f3, el mercat, el p\u00fablic ni les teves febleses i fortaleses com a marca. Aquesta informaci\u00f3 ser\u00e0 vital per a fer cr\u00e9ixer la teva <strong>imatge corporativa<\/strong>.<\/p>\n","protected":false},"excerpt":{"rendered":"<p>La imatge corporativa \u00e9s el resultat de totes les accions realitzades per l&#8217;empresa, tant en l&#8217;\u00e0mbit online com en l&#8217;offline. En conseq\u00fc\u00e8ncia, qualsevol decisi\u00f3, atenci\u00f3, omissi\u00f3, interacci\u00f3 o comunicaci\u00f3 afectar\u00e0, positiva o negativament, a la imatge que projecta. L&#8217;\u00e0rea d&#8217;actuaci\u00f3 m\u00e9s poderosa sobre aquest tema \u00e9s, en qualsevol cas, el m\u00e0rqueting. Dins d&#8217;ell, la comunicaci\u00f3: [&hellip;]<\/p>\n","protected":false},"author":1,"featured_media":5045,"comment_status":"closed","ping_status":"closed","sticky":false,"template":"","format":"standard","meta":{"footnotes":""},"categories":[33],"tags":[],"class_list":["post-5046","post","type-post","status-publish","format-standard","has-post-thumbnail","hentry","category-noticies"],"yoast_head":"<!-- This site is optimized with the Yoast SEO plugin v27.4 - https:\/\/yoast.com\/product\/yoast-seo-wordpress\/ -->\n<title>Com potenciar la imatge corporativa d&#039;una empresa | Artyplan<\/title>\n<meta name=\"description\" content=\"Per a potenciar la imatge corporativa en la teva empresa has d&#039;apostar pel branding, ser coherent en les comunicacions, enfocar-te al p\u00fablic i molt m\u00e9s\" \/>\n<meta name=\"robots\" content=\"noindex, follow, max-snippet:-1, max-image-preview:large, max-video-preview:-1\" \/>\n<meta property=\"og:locale\" content=\"ca_ES\" \/>\n<meta property=\"og:type\" content=\"article\" \/>\n<meta property=\"og:title\" content=\"Com potenciar la imatge corporativa d&#039;una empresa | Artyplan\" \/>\n<meta property=\"og:description\" content=\"Per a potenciar la imatge corporativa en la teva empresa has d&#039;apostar pel branding, ser coherent en les comunicacions, enfocar-te al p\u00fablic i molt m\u00e9s\" \/>\n<meta property=\"og:url\" content=\"https:\/\/artyplanevents.com\/ca\/blog\/com-potenciar-imatge-corporativa-empresa\/\" \/>\n<meta property=\"og:site_name\" content=\"Artyplan\" \/>\n<meta property=\"article:publisher\" content=\"https:\/\/www.facebook.com\/artyplan\" \/>\n<meta property=\"article:published_time\" content=\"2020-11-22T22:00:00+00:00\" \/>\n<meta property=\"article:modified_time\" content=\"2025-09-07T14:08:42+00:00\" \/>\n<meta property=\"og:image\" content=\"https:\/\/artyplanevents.com\/wp-content\/uploads\/2025\/09\/imagen-corporativa.jpg\" \/>\n\t<meta property=\"og:image:width\" content=\"626\" \/>\n\t<meta property=\"og:image:height\" content=\"364\" \/>\n\t<meta property=\"og:image:type\" content=\"image\/jpeg\" \/>\n<meta name=\"author\" content=\"jcartagena\" \/>\n<meta name=\"twitter:card\" content=\"summary_large_image\" \/>\n<meta name=\"twitter:creator\" content=\"@artyplan\" \/>\n<meta name=\"twitter:site\" content=\"@artyplan\" \/>\n<meta name=\"twitter:label1\" content=\"Escrit per\" \/>\n\t<meta name=\"twitter:data1\" content=\"jcartagena\" \/>\n\t<meta name=\"twitter:label2\" content=\"Temps estimat de lectura\" \/>\n\t<meta name=\"twitter:data2\" content=\"2 minuts\" \/>\n<script type=\"application\/ld+json\" class=\"yoast-schema-graph\">{\"@context\":\"https:\\\/\\\/schema.org\",\"@graph\":[{\"@type\":\"Article\",\"@id\":\"https:\\\/\\\/artyplanevents.com\\\/ca\\\/blog\\\/com-potenciar-imatge-corporativa-empresa\\\/#article\",\"isPartOf\":{\"@id\":\"https:\\\/\\\/artyplanevents.com\\\/ca\\\/blog\\\/com-potenciar-imatge-corporativa-empresa\\\/\"},\"author\":{\"name\":\"jcartagena\",\"@id\":\"https:\\\/\\\/artyplanevents.com\\\/ca\\\/#\\\/schema\\\/person\\\/7e099d8fb4e2e75f604bce6a0026fc08\"},\"headline\":\"Com potenciar la imatge corporativa d&#8217;una empresa\",\"datePublished\":\"2020-11-22T22:00:00+00:00\",\"dateModified\":\"2025-09-07T14:08:42+00:00\",\"mainEntityOfPage\":{\"@id\":\"https:\\\/\\\/artyplanevents.com\\\/ca\\\/blog\\\/com-potenciar-imatge-corporativa-empresa\\\/\"},\"wordCount\":502,\"publisher\":{\"@id\":\"https:\\\/\\\/artyplanevents.com\\\/ca\\\/#organization\"},\"image\":{\"@id\":\"https:\\\/\\\/artyplanevents.com\\\/ca\\\/blog\\\/com-potenciar-imatge-corporativa-empresa\\\/#primaryimage\"},\"thumbnailUrl\":\"https:\\\/\\\/artyplanevents.com\\\/wp-content\\\/uploads\\\/2025\\\/09\\\/imagen-corporativa.jpg\",\"articleSection\":[\"Noticies\"],\"inLanguage\":\"ca\"},{\"@type\":\"WebPage\",\"@id\":\"https:\\\/\\\/artyplanevents.com\\\/ca\\\/blog\\\/com-potenciar-imatge-corporativa-empresa\\\/\",\"url\":\"https:\\\/\\\/artyplanevents.com\\\/ca\\\/blog\\\/com-potenciar-imatge-corporativa-empresa\\\/\",\"name\":\"Com potenciar la imatge corporativa d'una empresa | Artyplan\",\"isPartOf\":{\"@id\":\"https:\\\/\\\/artyplanevents.com\\\/ca\\\/#website\"},\"primaryImageOfPage\":{\"@id\":\"https:\\\/\\\/artyplanevents.com\\\/ca\\\/blog\\\/com-potenciar-imatge-corporativa-empresa\\\/#primaryimage\"},\"image\":{\"@id\":\"https:\\\/\\\/artyplanevents.com\\\/ca\\\/blog\\\/com-potenciar-imatge-corporativa-empresa\\\/#primaryimage\"},\"thumbnailUrl\":\"https:\\\/\\\/artyplanevents.com\\\/wp-content\\\/uploads\\\/2025\\\/09\\\/imagen-corporativa.jpg\",\"datePublished\":\"2020-11-22T22:00:00+00:00\",\"dateModified\":\"2025-09-07T14:08:42+00:00\",\"description\":\"Per a potenciar la imatge corporativa en la teva empresa has d'apostar pel branding, ser coherent en les comunicacions, enfocar-te al p\u00fablic i molt m\u00e9s\",\"breadcrumb\":{\"@id\":\"https:\\\/\\\/artyplanevents.com\\\/ca\\\/blog\\\/com-potenciar-imatge-corporativa-empresa\\\/#breadcrumb\"},\"inLanguage\":\"ca\",\"potentialAction\":[{\"@type\":\"ReadAction\",\"target\":[\"https:\\\/\\\/artyplanevents.com\\\/ca\\\/blog\\\/com-potenciar-imatge-corporativa-empresa\\\/\"]}]},{\"@type\":\"ImageObject\",\"inLanguage\":\"ca\",\"@id\":\"https:\\\/\\\/artyplanevents.com\\\/ca\\\/blog\\\/com-potenciar-imatge-corporativa-empresa\\\/#primaryimage\",\"url\":\"https:\\\/\\\/artyplanevents.com\\\/wp-content\\\/uploads\\\/2025\\\/09\\\/imagen-corporativa.jpg\",\"contentUrl\":\"https:\\\/\\\/artyplanevents.com\\\/wp-content\\\/uploads\\\/2025\\\/09\\\/imagen-corporativa.jpg\",\"width\":626,\"height\":364,\"caption\":\"imagen corporativa||\"},{\"@type\":\"BreadcrumbList\",\"@id\":\"https:\\\/\\\/artyplanevents.com\\\/ca\\\/blog\\\/com-potenciar-imatge-corporativa-empresa\\\/#breadcrumb\",\"itemListElement\":[{\"@type\":\"ListItem\",\"position\":1,\"name\":\"Artyplan\",\"item\":\"https:\\\/\\\/artyplanevents.com\\\/ca\\\/\"},{\"@type\":\"ListItem\",\"position\":2,\"name\":\"Com potenciar la imatge corporativa d&#8217;una empresa\"}]},{\"@type\":\"WebSite\",\"@id\":\"https:\\\/\\\/artyplanevents.com\\\/ca\\\/#website\",\"url\":\"https:\\\/\\\/artyplanevents.com\\\/ca\\\/\",\"name\":\"Artyplan\",\"description\":\"\",\"publisher\":{\"@id\":\"https:\\\/\\\/artyplanevents.com\\\/ca\\\/#organization\"},\"potentialAction\":[{\"@type\":\"SearchAction\",\"target\":{\"@type\":\"EntryPoint\",\"urlTemplate\":\"https:\\\/\\\/artyplanevents.com\\\/ca\\\/?s={search_term_string}\"},\"query-input\":{\"@type\":\"PropertyValueSpecification\",\"valueRequired\":true,\"valueName\":\"search_term_string\"}}],\"inLanguage\":\"ca\"},{\"@type\":\"Organization\",\"@id\":\"https:\\\/\\\/artyplanevents.com\\\/ca\\\/#organization\",\"name\":\"Artyplan\",\"url\":\"https:\\\/\\\/artyplanevents.com\\\/ca\\\/\",\"logo\":{\"@type\":\"ImageObject\",\"inLanguage\":\"ca\",\"@id\":\"https:\\\/\\\/artyplanevents.com\\\/ca\\\/#\\\/schema\\\/logo\\\/image\\\/\",\"url\":\"https:\\\/\\\/preweb.artyplan.com\\\/wp-content\\\/uploads\\\/2025\\\/11\\\/Logo-artyplan-690x690-1.png\",\"contentUrl\":\"https:\\\/\\\/preweb.artyplan.com\\\/wp-content\\\/uploads\\\/2025\\\/11\\\/Logo-artyplan-690x690-1.png\",\"width\":690,\"height\":690,\"caption\":\"Artyplan\"},\"image\":{\"@id\":\"https:\\\/\\\/artyplanevents.com\\\/ca\\\/#\\\/schema\\\/logo\\\/image\\\/\"},\"sameAs\":[\"https:\\\/\\\/www.facebook.com\\\/artyplan\",\"https:\\\/\\\/x.com\\\/artyplan\"]},{\"@type\":\"Person\",\"@id\":\"https:\\\/\\\/artyplanevents.com\\\/ca\\\/#\\\/schema\\\/person\\\/7e099d8fb4e2e75f604bce6a0026fc08\",\"name\":\"jcartagena\",\"image\":{\"@type\":\"ImageObject\",\"inLanguage\":\"ca\",\"@id\":\"https:\\\/\\\/secure.gravatar.com\\\/avatar\\\/74b6898d9dd18bcd06e733678b696165da09bb7631730fd9477d49273abe408c?s=96&d=mm&r=g\",\"url\":\"https:\\\/\\\/secure.gravatar.com\\\/avatar\\\/74b6898d9dd18bcd06e733678b696165da09bb7631730fd9477d49273abe408c?s=96&d=mm&r=g\",\"contentUrl\":\"https:\\\/\\\/secure.gravatar.com\\\/avatar\\\/74b6898d9dd18bcd06e733678b696165da09bb7631730fd9477d49273abe408c?s=96&d=mm&r=g\",\"caption\":\"jcartagena\"},\"sameAs\":[\"https:\\\/\\\/preweb.artyplan.com\"],\"url\":\"https:\\\/\\\/artyplanevents.com\\\/ca\\\/author\\\/jcartagena\\\/\"}]}<\/script>\n<!-- \/ Yoast SEO plugin. -->","yoast_head_json":{"title":"Com potenciar la imatge corporativa d'una empresa | Artyplan","description":"Per a potenciar la imatge corporativa en la teva empresa has d'apostar pel branding, ser coherent en les comunicacions, enfocar-te al p\u00fablic i molt m\u00e9s","robots":{"index":"noindex","follow":"follow","max-snippet":"max-snippet:-1","max-image-preview":"max-image-preview:large","max-video-preview":"max-video-preview:-1"},"og_locale":"ca_ES","og_type":"article","og_title":"Com potenciar la imatge corporativa d'una empresa | Artyplan","og_description":"Per a potenciar la imatge corporativa en la teva empresa has d'apostar pel branding, ser coherent en les comunicacions, enfocar-te al p\u00fablic i molt m\u00e9s","og_url":"https:\/\/artyplanevents.com\/ca\/blog\/com-potenciar-imatge-corporativa-empresa\/","og_site_name":"Artyplan","article_publisher":"https:\/\/www.facebook.com\/artyplan","article_published_time":"2020-11-22T22:00:00+00:00","article_modified_time":"2025-09-07T14:08:42+00:00","og_image":[{"width":626,"height":364,"url":"https:\/\/artyplanevents.com\/wp-content\/uploads\/2025\/09\/imagen-corporativa.jpg","type":"image\/jpeg"}],"author":"jcartagena","twitter_card":"summary_large_image","twitter_creator":"@artyplan","twitter_site":"@artyplan","twitter_misc":{"Escrit per":"jcartagena","Temps estimat de lectura":"2 minuts"},"schema":{"@context":"https:\/\/schema.org","@graph":[{"@type":"Article","@id":"https:\/\/artyplanevents.com\/ca\/blog\/com-potenciar-imatge-corporativa-empresa\/#article","isPartOf":{"@id":"https:\/\/artyplanevents.com\/ca\/blog\/com-potenciar-imatge-corporativa-empresa\/"},"author":{"name":"jcartagena","@id":"https:\/\/artyplanevents.com\/ca\/#\/schema\/person\/7e099d8fb4e2e75f604bce6a0026fc08"},"headline":"Com potenciar la imatge corporativa d&#8217;una empresa","datePublished":"2020-11-22T22:00:00+00:00","dateModified":"2025-09-07T14:08:42+00:00","mainEntityOfPage":{"@id":"https:\/\/artyplanevents.com\/ca\/blog\/com-potenciar-imatge-corporativa-empresa\/"},"wordCount":502,"publisher":{"@id":"https:\/\/artyplanevents.com\/ca\/#organization"},"image":{"@id":"https:\/\/artyplanevents.com\/ca\/blog\/com-potenciar-imatge-corporativa-empresa\/#primaryimage"},"thumbnailUrl":"https:\/\/artyplanevents.com\/wp-content\/uploads\/2025\/09\/imagen-corporativa.jpg","articleSection":["Noticies"],"inLanguage":"ca"},{"@type":"WebPage","@id":"https:\/\/artyplanevents.com\/ca\/blog\/com-potenciar-imatge-corporativa-empresa\/","url":"https:\/\/artyplanevents.com\/ca\/blog\/com-potenciar-imatge-corporativa-empresa\/","name":"Com potenciar la imatge corporativa d'una empresa | Artyplan","isPartOf":{"@id":"https:\/\/artyplanevents.com\/ca\/#website"},"primaryImageOfPage":{"@id":"https:\/\/artyplanevents.com\/ca\/blog\/com-potenciar-imatge-corporativa-empresa\/#primaryimage"},"image":{"@id":"https:\/\/artyplanevents.com\/ca\/blog\/com-potenciar-imatge-corporativa-empresa\/#primaryimage"},"thumbnailUrl":"https:\/\/artyplanevents.com\/wp-content\/uploads\/2025\/09\/imagen-corporativa.jpg","datePublished":"2020-11-22T22:00:00+00:00","dateModified":"2025-09-07T14:08:42+00:00","description":"Per a potenciar la imatge corporativa en la teva empresa has d'apostar pel branding, ser coherent en les comunicacions, enfocar-te al p\u00fablic i molt m\u00e9s","breadcrumb":{"@id":"https:\/\/artyplanevents.com\/ca\/blog\/com-potenciar-imatge-corporativa-empresa\/#breadcrumb"},"inLanguage":"ca","potentialAction":[{"@type":"ReadAction","target":["https:\/\/artyplanevents.com\/ca\/blog\/com-potenciar-imatge-corporativa-empresa\/"]}]},{"@type":"ImageObject","inLanguage":"ca","@id":"https:\/\/artyplanevents.com\/ca\/blog\/com-potenciar-imatge-corporativa-empresa\/#primaryimage","url":"https:\/\/artyplanevents.com\/wp-content\/uploads\/2025\/09\/imagen-corporativa.jpg","contentUrl":"https:\/\/artyplanevents.com\/wp-content\/uploads\/2025\/09\/imagen-corporativa.jpg","width":626,"height":364,"caption":"imagen corporativa||"},{"@type":"BreadcrumbList","@id":"https:\/\/artyplanevents.com\/ca\/blog\/com-potenciar-imatge-corporativa-empresa\/#breadcrumb","itemListElement":[{"@type":"ListItem","position":1,"name":"Artyplan","item":"https:\/\/artyplanevents.com\/ca\/"},{"@type":"ListItem","position":2,"name":"Com potenciar la imatge corporativa d&#8217;una empresa"}]},{"@type":"WebSite","@id":"https:\/\/artyplanevents.com\/ca\/#website","url":"https:\/\/artyplanevents.com\/ca\/","name":"Artyplan","description":"","publisher":{"@id":"https:\/\/artyplanevents.com\/ca\/#organization"},"potentialAction":[{"@type":"SearchAction","target":{"@type":"EntryPoint","urlTemplate":"https:\/\/artyplanevents.com\/ca\/?s={search_term_string}"},"query-input":{"@type":"PropertyValueSpecification","valueRequired":true,"valueName":"search_term_string"}}],"inLanguage":"ca"},{"@type":"Organization","@id":"https:\/\/artyplanevents.com\/ca\/#organization","name":"Artyplan","url":"https:\/\/artyplanevents.com\/ca\/","logo":{"@type":"ImageObject","inLanguage":"ca","@id":"https:\/\/artyplanevents.com\/ca\/#\/schema\/logo\/image\/","url":"https:\/\/preweb.artyplan.com\/wp-content\/uploads\/2025\/11\/Logo-artyplan-690x690-1.png","contentUrl":"https:\/\/preweb.artyplan.com\/wp-content\/uploads\/2025\/11\/Logo-artyplan-690x690-1.png","width":690,"height":690,"caption":"Artyplan"},"image":{"@id":"https:\/\/artyplanevents.com\/ca\/#\/schema\/logo\/image\/"},"sameAs":["https:\/\/www.facebook.com\/artyplan","https:\/\/x.com\/artyplan"]},{"@type":"Person","@id":"https:\/\/artyplanevents.com\/ca\/#\/schema\/person\/7e099d8fb4e2e75f604bce6a0026fc08","name":"jcartagena","image":{"@type":"ImageObject","inLanguage":"ca","@id":"https:\/\/secure.gravatar.com\/avatar\/74b6898d9dd18bcd06e733678b696165da09bb7631730fd9477d49273abe408c?s=96&d=mm&r=g","url":"https:\/\/secure.gravatar.com\/avatar\/74b6898d9dd18bcd06e733678b696165da09bb7631730fd9477d49273abe408c?s=96&d=mm&r=g","contentUrl":"https:\/\/secure.gravatar.com\/avatar\/74b6898d9dd18bcd06e733678b696165da09bb7631730fd9477d49273abe408c?s=96&d=mm&r=g","caption":"jcartagena"},"sameAs":["https:\/\/preweb.artyplan.com"],"url":"https:\/\/artyplanevents.com\/ca\/author\/jcartagena\/"}]}},"_links":{"self":[{"href":"https:\/\/artyplanevents.com\/ca\/wp-json\/wp\/v2\/posts\/5046","targetHints":{"allow":["GET"]}}],"collection":[{"href":"https:\/\/artyplanevents.com\/ca\/wp-json\/wp\/v2\/posts"}],"about":[{"href":"https:\/\/artyplanevents.com\/ca\/wp-json\/wp\/v2\/types\/post"}],"author":[{"embeddable":true,"href":"https:\/\/artyplanevents.com\/ca\/wp-json\/wp\/v2\/users\/1"}],"replies":[{"embeddable":true,"href":"https:\/\/artyplanevents.com\/ca\/wp-json\/wp\/v2\/comments?post=5046"}],"version-history":[{"count":1,"href":"https:\/\/artyplanevents.com\/ca\/wp-json\/wp\/v2\/posts\/5046\/revisions"}],"predecessor-version":[{"id":6225,"href":"https:\/\/artyplanevents.com\/ca\/wp-json\/wp\/v2\/posts\/5046\/revisions\/6225"}],"wp:featuredmedia":[{"embeddable":true,"href":"https:\/\/artyplanevents.com\/ca\/wp-json\/wp\/v2\/media\/5045"}],"wp:attachment":[{"href":"https:\/\/artyplanevents.com\/ca\/wp-json\/wp\/v2\/media?parent=5046"}],"wp:term":[{"taxonomy":"category","embeddable":true,"href":"https:\/\/artyplanevents.com\/ca\/wp-json\/wp\/v2\/categories?post=5046"},{"taxonomy":"post_tag","embeddable":true,"href":"https:\/\/artyplanevents.com\/ca\/wp-json\/wp\/v2\/tags?post=5046"}],"curies":[{"name":"wp","href":"https:\/\/api.w.org\/{rel}","templated":true}]}}