{"id":5056,"date":"2020-12-21T00:00:00","date_gmt":"2020-12-20T22:00:00","guid":{"rendered":"https:\/\/preweb.artyplan.com\/sin-categorizar\/impressio-punt-de-venda\/"},"modified":"2025-09-07T16:08:55","modified_gmt":"2025-09-07T14:08:55","slug":"impressio-punt-de-venda","status":"publish","type":"post","link":"https:\/\/artyplanevents.com\/ca\/blog\/impressio-punt-de-venda\/","title":{"rendered":"Impressi\u00f3 en el punt de venda: els suports i la comunicaci\u00f3 gr\u00e0fica a tenir en compte pel vostre comer\u00e7"},"content":{"rendered":"<p>Molts negocis, especialment els <strong>establiments comercials<\/strong>, valoren cada cop m\u00e9s la\u00a0<strong><a href=\"http:\/\/artyplan.com\/ca\/productes-impressio\/packaging\/plv\/\" target=\"_blank\" rel=\"noopener\">impressi\u00f3 en el punt de venda<\/a><\/strong>, la qual est\u00e0 reflectida en molts <strong>suports\u00a0<\/strong>que intenten fer que un producte sigui m\u00e9s visible.<\/p>\n<p>Quins s\u00f3n els suports i com ha de ser la comunicaci\u00f3 gr\u00e0fica d\u2019una botiga? A continuaci\u00f3 els analitzem per tu.<\/p>\n<h2>Els suports i la comunicaci\u00f3 gr\u00e0fica que pot tenir un punt de venda<\/h2>\n<p>En primer lloc, hem de comentar que els <strong>materials de publicitat utilitzats<\/strong> en l&#8217;establiment es classifiquen, segons:<\/p>\n<ol>\n<li>La <strong>ubicaci\u00f3<\/strong> de la mercaderia.<\/li>\n<li>El <strong>temps<\/strong> que estar\u00e0 exposada.<\/li>\n<li>Els <strong>components<\/strong> afegits.<\/li>\n<li>La\u00a0 <strong>forma <\/strong>o la <strong>funci\u00f3<\/strong> dels productes que s&#8217;exposaran.<\/li>\n<\/ol>\n<p>La majoria dels suports i la comunicaci\u00f3 gr\u00e0fica sol estar als interiors, sobretot per ser contemplats des de dintre i no des de fora. A continuaci\u00f3 us detallem els alguns <strong>suports en el punt de venda, la comunicaci\u00f3 m\u00e9s habitual i alguns tips<\/strong> destacats.<\/p>\n<h3>G\u00f3ndoles<\/h3>\n<p>S\u00f3n mobles que\u00a0<strong>formen part del passad\u00eds de la botiga<\/strong>. Encara que cada vegada s\u2019aposti per models m\u00e9s innovadors, la impressi\u00f3 gr\u00e0fica \u00e9s vital per delimitar els productes i anunciar la secci\u00f3 en la qual estem.<\/p>\n<h3>Cap\u00e7aleres<\/h3>\n<p>Les <strong>cap\u00e7aleres, col\u00b7locades al final de les g\u00f3ndoles i en l&#8217;encreuament dels passadissos, <\/strong>s\u00f3n l&#8217;opci\u00f3 m\u00e9s destacada per destacar un producte.<\/p>\n<p>La <strong>comunicaci\u00f3 gr\u00e0fica<\/strong> ha de ser potent, molt <strong>vistosa<\/strong>, perqu\u00e8 els clients vegin el teu producte i aix\u00ed complir els objectius pels quals va ser instal\u00b7lada la cap\u00e7alera.<\/p>\n<p>Expositors murals amb el disseny de corporis<\/p>\n<p>El m\u00e9s destacat d&#8217;aquesta topologia \u00e9s el <strong>missatge o la publicitat<\/strong> que anuncien. A m\u00e9s, es fabriquen de manera espec\u00edfica, adaptant-se als requisits de cada client. Aquests poden portar lletres corporatives per ressaltar, m\u00e9s l&#8217;expositor.<\/p>\n<h3>Recipients especials<\/h3>\n<p>S\u00f3n atractius perqu\u00e8 <strong>funcionen com un contenidor publicitari<\/strong>. S\u00f3n plataformes molt visibles, m\u00e9s utilitzades per productes petits, els quals no\u00a0s\u00f3n\u00a0perceptibles i destaquen en la part superior sobretot, la imatge del producte o en les caracter\u00edstiques d&#8217;aquest.<\/p>\n<p>Impressi\u00f3 de vinils pel terra<\/p>\n<p>No nom\u00e9s funcionen per a marcar direccions, sin\u00f3 tamb\u00e9 per a <strong>donar a con\u00e8ixer la ubicaci\u00f3 de les<\/strong> <strong>promocions o\u00a0<\/strong>informar els\u00a0clients d&#8217;un producte concret. No s&#8217;embruten, s\u00f3n d&#8217;una alta qualitat i,\u00a0per descomptat, el seu disseny ser\u00e0 la clau per cridar l&#8217;atenci\u00f3 dels consumidors.<\/p>\n<h3>Illes<\/h3>\n<p>Finalment, acabem amb les famoses illes: s\u00f3n uns <strong><em>estands<\/em><\/strong> que es <strong>col\u00b7loquen a la part central dels passadissos<\/strong> i per on hi ha un gran tr\u00e0nsit de clients.<\/p>\n<p>La\u00a0<strong>impressi\u00f3 en el punt de venda<\/strong>, especialment en diversos suports, \u00e9s la clau per augmentar els ingressos del teu establiment.<\/p>\n","protected":false},"excerpt":{"rendered":"<p>Molts negocis, especialment els establiments comercials, valoren cada cop m\u00e9s la\u00a0impressi\u00f3 en el punt de venda, la qual est\u00e0 reflectida en molts suports\u00a0que intenten fer que un producte sigui m\u00e9s visible. Quins s\u00f3n els suports i com ha de ser la comunicaci\u00f3 gr\u00e0fica d\u2019una botiga? A continuaci\u00f3 els analitzem per tu. Els suports i la [&hellip;]<\/p>\n","protected":false},"author":1,"featured_media":6941,"comment_status":"closed","ping_status":"closed","sticky":false,"template":"","format":"standard","meta":{"footnotes":""},"categories":[33],"tags":[],"class_list":["post-5056","post","type-post","status-publish","format-standard","has-post-thumbnail","hentry","category-noticies"],"yoast_head":"<!-- This site is optimized with the Yoast SEO plugin v27.4 - https:\/\/yoast.com\/product\/yoast-seo-wordpress\/ -->\n<title>Impressi\u00f3 en el punto de venda: aix\u00ed ha de ser la imatge gr\u00e0fica | Artyplan<\/title>\n<meta name=\"description\" content=\"La impresi\u00f3 en el punt de venda es clau per augmentar les vendes, per aix\u00f2, \u00e9s necessari comptar amb una excel\u00b7lent impressi\u00f3.\" \/>\n<meta name=\"robots\" content=\"noindex, follow, max-snippet:-1, max-image-preview:large, max-video-preview:-1\" \/>\n<meta property=\"og:locale\" content=\"ca_ES\" \/>\n<meta property=\"og:type\" content=\"article\" \/>\n<meta property=\"og:title\" content=\"Impressi\u00f3 en el punto de venda: aix\u00ed ha de ser la imatge gr\u00e0fica | Artyplan\" \/>\n<meta property=\"og:description\" content=\"La impresi\u00f3 en el punt de venda es clau per augmentar les vendes, per aix\u00f2, \u00e9s necessari comptar amb una excel\u00b7lent impressi\u00f3.\" \/>\n<meta property=\"og:url\" content=\"https:\/\/artyplanevents.com\/ca\/blog\/impressio-punt-de-venda\/\" \/>\n<meta property=\"og:site_name\" content=\"Artyplan\" \/>\n<meta property=\"article:publisher\" content=\"https:\/\/www.facebook.com\/artyplan\" \/>\n<meta property=\"article:published_time\" content=\"2020-12-20T22:00:00+00:00\" \/>\n<meta property=\"article:modified_time\" content=\"2025-09-07T14:08:55+00:00\" \/>\n<meta property=\"og:image\" content=\"https:\/\/artyplanevents.com\/wp-content\/uploads\/2025\/09\/Impresion-en-el-punto-de-venta.jpg\" \/>\n\t<meta property=\"og:image:width\" content=\"1920\" \/>\n\t<meta property=\"og:image:height\" content=\"550\" \/>\n\t<meta property=\"og:image:type\" content=\"image\/jpeg\" \/>\n<meta name=\"author\" content=\"jcartagena\" \/>\n<meta name=\"twitter:card\" content=\"summary_large_image\" \/>\n<meta name=\"twitter:creator\" content=\"@artyplan\" \/>\n<meta name=\"twitter:site\" content=\"@artyplan\" \/>\n<meta name=\"twitter:label1\" content=\"Escrit per\" \/>\n\t<meta name=\"twitter:data1\" content=\"jcartagena\" \/>\n\t<meta name=\"twitter:label2\" content=\"Temps estimat de lectura\" \/>\n\t<meta name=\"twitter:data2\" content=\"2 minuts\" \/>\n<script type=\"application\/ld+json\" class=\"yoast-schema-graph\">{\"@context\":\"https:\\\/\\\/schema.org\",\"@graph\":[{\"@type\":\"Article\",\"@id\":\"https:\\\/\\\/artyplanevents.com\\\/ca\\\/blog\\\/impressio-punt-de-venda\\\/#article\",\"isPartOf\":{\"@id\":\"https:\\\/\\\/artyplanevents.com\\\/ca\\\/blog\\\/impressio-punt-de-venda\\\/\"},\"author\":{\"name\":\"jcartagena\",\"@id\":\"https:\\\/\\\/artyplanevents.com\\\/ca\\\/#\\\/schema\\\/person\\\/7e099d8fb4e2e75f604bce6a0026fc08\"},\"headline\":\"Impressi\u00f3 en el punt de venda: els suports i la comunicaci\u00f3 gr\u00e0fica a tenir en compte pel vostre comer\u00e7\",\"datePublished\":\"2020-12-20T22:00:00+00:00\",\"dateModified\":\"2025-09-07T14:08:55+00:00\",\"mainEntityOfPage\":{\"@id\":\"https:\\\/\\\/artyplanevents.com\\\/ca\\\/blog\\\/impressio-punt-de-venda\\\/\"},\"wordCount\":488,\"publisher\":{\"@id\":\"https:\\\/\\\/artyplanevents.com\\\/ca\\\/#organization\"},\"image\":{\"@id\":\"https:\\\/\\\/artyplanevents.com\\\/ca\\\/blog\\\/impressio-punt-de-venda\\\/#primaryimage\"},\"thumbnailUrl\":\"https:\\\/\\\/artyplanevents.com\\\/wp-content\\\/uploads\\\/2025\\\/09\\\/Impresion-en-el-punto-de-venta.jpg\",\"articleSection\":[\"Noticies\"],\"inLanguage\":\"ca\"},{\"@type\":\"WebPage\",\"@id\":\"https:\\\/\\\/artyplanevents.com\\\/ca\\\/blog\\\/impressio-punt-de-venda\\\/\",\"url\":\"https:\\\/\\\/artyplanevents.com\\\/ca\\\/blog\\\/impressio-punt-de-venda\\\/\",\"name\":\"Impressi\u00f3 en el punto de venda: aix\u00ed ha de ser la imatge gr\u00e0fica | Artyplan\",\"isPartOf\":{\"@id\":\"https:\\\/\\\/artyplanevents.com\\\/ca\\\/#website\"},\"primaryImageOfPage\":{\"@id\":\"https:\\\/\\\/artyplanevents.com\\\/ca\\\/blog\\\/impressio-punt-de-venda\\\/#primaryimage\"},\"image\":{\"@id\":\"https:\\\/\\\/artyplanevents.com\\\/ca\\\/blog\\\/impressio-punt-de-venda\\\/#primaryimage\"},\"thumbnailUrl\":\"https:\\\/\\\/artyplanevents.com\\\/wp-content\\\/uploads\\\/2025\\\/09\\\/Impresion-en-el-punto-de-venta.jpg\",\"datePublished\":\"2020-12-20T22:00:00+00:00\",\"dateModified\":\"2025-09-07T14:08:55+00:00\",\"description\":\"La impresi\u00f3 en el punt de venda es clau per augmentar les vendes, per aix\u00f2, \u00e9s necessari comptar amb una excel\u00b7lent impressi\u00f3.\",\"breadcrumb\":{\"@id\":\"https:\\\/\\\/artyplanevents.com\\\/ca\\\/blog\\\/impressio-punt-de-venda\\\/#breadcrumb\"},\"inLanguage\":\"ca\",\"potentialAction\":[{\"@type\":\"ReadAction\",\"target\":[\"https:\\\/\\\/artyplanevents.com\\\/ca\\\/blog\\\/impressio-punt-de-venda\\\/\"]}]},{\"@type\":\"ImageObject\",\"inLanguage\":\"ca\",\"@id\":\"https:\\\/\\\/artyplanevents.com\\\/ca\\\/blog\\\/impressio-punt-de-venda\\\/#primaryimage\",\"url\":\"https:\\\/\\\/artyplanevents.com\\\/wp-content\\\/uploads\\\/2025\\\/09\\\/Impresion-en-el-punto-de-venta.jpg\",\"contentUrl\":\"https:\\\/\\\/artyplanevents.com\\\/wp-content\\\/uploads\\\/2025\\\/09\\\/Impresion-en-el-punto-de-venta.jpg\",\"width\":1920,\"height\":550,\"caption\":\"servicios de impresi\u00f3n para el punto de venta de Turia\"},{\"@type\":\"BreadcrumbList\",\"@id\":\"https:\\\/\\\/artyplanevents.com\\\/ca\\\/blog\\\/impressio-punt-de-venda\\\/#breadcrumb\",\"itemListElement\":[{\"@type\":\"ListItem\",\"position\":1,\"name\":\"Artyplan\",\"item\":\"https:\\\/\\\/artyplanevents.com\\\/ca\\\/\"},{\"@type\":\"ListItem\",\"position\":2,\"name\":\"Impressi\u00f3 en el punt de venda: els suports i la comunicaci\u00f3 gr\u00e0fica a tenir en compte pel vostre comer\u00e7\"}]},{\"@type\":\"WebSite\",\"@id\":\"https:\\\/\\\/artyplanevents.com\\\/ca\\\/#website\",\"url\":\"https:\\\/\\\/artyplanevents.com\\\/ca\\\/\",\"name\":\"Artyplan\",\"description\":\"\",\"publisher\":{\"@id\":\"https:\\\/\\\/artyplanevents.com\\\/ca\\\/#organization\"},\"potentialAction\":[{\"@type\":\"SearchAction\",\"target\":{\"@type\":\"EntryPoint\",\"urlTemplate\":\"https:\\\/\\\/artyplanevents.com\\\/ca\\\/?s={search_term_string}\"},\"query-input\":{\"@type\":\"PropertyValueSpecification\",\"valueRequired\":true,\"valueName\":\"search_term_string\"}}],\"inLanguage\":\"ca\"},{\"@type\":\"Organization\",\"@id\":\"https:\\\/\\\/artyplanevents.com\\\/ca\\\/#organization\",\"name\":\"Artyplan\",\"url\":\"https:\\\/\\\/artyplanevents.com\\\/ca\\\/\",\"logo\":{\"@type\":\"ImageObject\",\"inLanguage\":\"ca\",\"@id\":\"https:\\\/\\\/artyplanevents.com\\\/ca\\\/#\\\/schema\\\/logo\\\/image\\\/\",\"url\":\"https:\\\/\\\/preweb.artyplan.com\\\/wp-content\\\/uploads\\\/2025\\\/11\\\/Logo-artyplan-690x690-1.png\",\"contentUrl\":\"https:\\\/\\\/preweb.artyplan.com\\\/wp-content\\\/uploads\\\/2025\\\/11\\\/Logo-artyplan-690x690-1.png\",\"width\":690,\"height\":690,\"caption\":\"Artyplan\"},\"image\":{\"@id\":\"https:\\\/\\\/artyplanevents.com\\\/ca\\\/#\\\/schema\\\/logo\\\/image\\\/\"},\"sameAs\":[\"https:\\\/\\\/www.facebook.com\\\/artyplan\",\"https:\\\/\\\/x.com\\\/artyplan\"]},{\"@type\":\"Person\",\"@id\":\"https:\\\/\\\/artyplanevents.com\\\/ca\\\/#\\\/schema\\\/person\\\/7e099d8fb4e2e75f604bce6a0026fc08\",\"name\":\"jcartagena\",\"image\":{\"@type\":\"ImageObject\",\"inLanguage\":\"ca\",\"@id\":\"https:\\\/\\\/secure.gravatar.com\\\/avatar\\\/74b6898d9dd18bcd06e733678b696165da09bb7631730fd9477d49273abe408c?s=96&d=mm&r=g\",\"url\":\"https:\\\/\\\/secure.gravatar.com\\\/avatar\\\/74b6898d9dd18bcd06e733678b696165da09bb7631730fd9477d49273abe408c?s=96&d=mm&r=g\",\"contentUrl\":\"https:\\\/\\\/secure.gravatar.com\\\/avatar\\\/74b6898d9dd18bcd06e733678b696165da09bb7631730fd9477d49273abe408c?s=96&d=mm&r=g\",\"caption\":\"jcartagena\"},\"sameAs\":[\"https:\\\/\\\/preweb.artyplan.com\"],\"url\":\"https:\\\/\\\/artyplanevents.com\\\/ca\\\/author\\\/jcartagena\\\/\"}]}<\/script>\n<!-- \/ Yoast SEO plugin. -->","yoast_head_json":{"title":"Impressi\u00f3 en el punto de venda: aix\u00ed ha de ser la imatge gr\u00e0fica | Artyplan","description":"La impresi\u00f3 en el punt de venda es clau per augmentar les vendes, per aix\u00f2, \u00e9s necessari comptar amb una excel\u00b7lent impressi\u00f3.","robots":{"index":"noindex","follow":"follow","max-snippet":"max-snippet:-1","max-image-preview":"max-image-preview:large","max-video-preview":"max-video-preview:-1"},"og_locale":"ca_ES","og_type":"article","og_title":"Impressi\u00f3 en el punto de venda: aix\u00ed ha de ser la imatge gr\u00e0fica | Artyplan","og_description":"La impresi\u00f3 en el punt de venda es clau per augmentar les vendes, per aix\u00f2, \u00e9s necessari comptar amb una excel\u00b7lent impressi\u00f3.","og_url":"https:\/\/artyplanevents.com\/ca\/blog\/impressio-punt-de-venda\/","og_site_name":"Artyplan","article_publisher":"https:\/\/www.facebook.com\/artyplan","article_published_time":"2020-12-20T22:00:00+00:00","article_modified_time":"2025-09-07T14:08:55+00:00","og_image":[{"width":1920,"height":550,"url":"https:\/\/artyplanevents.com\/wp-content\/uploads\/2025\/09\/Impresion-en-el-punto-de-venta.jpg","type":"image\/jpeg"}],"author":"jcartagena","twitter_card":"summary_large_image","twitter_creator":"@artyplan","twitter_site":"@artyplan","twitter_misc":{"Escrit per":"jcartagena","Temps estimat de lectura":"2 minuts"},"schema":{"@context":"https:\/\/schema.org","@graph":[{"@type":"Article","@id":"https:\/\/artyplanevents.com\/ca\/blog\/impressio-punt-de-venda\/#article","isPartOf":{"@id":"https:\/\/artyplanevents.com\/ca\/blog\/impressio-punt-de-venda\/"},"author":{"name":"jcartagena","@id":"https:\/\/artyplanevents.com\/ca\/#\/schema\/person\/7e099d8fb4e2e75f604bce6a0026fc08"},"headline":"Impressi\u00f3 en el punt de venda: els suports i la comunicaci\u00f3 gr\u00e0fica a tenir en compte pel vostre comer\u00e7","datePublished":"2020-12-20T22:00:00+00:00","dateModified":"2025-09-07T14:08:55+00:00","mainEntityOfPage":{"@id":"https:\/\/artyplanevents.com\/ca\/blog\/impressio-punt-de-venda\/"},"wordCount":488,"publisher":{"@id":"https:\/\/artyplanevents.com\/ca\/#organization"},"image":{"@id":"https:\/\/artyplanevents.com\/ca\/blog\/impressio-punt-de-venda\/#primaryimage"},"thumbnailUrl":"https:\/\/artyplanevents.com\/wp-content\/uploads\/2025\/09\/Impresion-en-el-punto-de-venta.jpg","articleSection":["Noticies"],"inLanguage":"ca"},{"@type":"WebPage","@id":"https:\/\/artyplanevents.com\/ca\/blog\/impressio-punt-de-venda\/","url":"https:\/\/artyplanevents.com\/ca\/blog\/impressio-punt-de-venda\/","name":"Impressi\u00f3 en el punto de venda: aix\u00ed ha de ser la imatge gr\u00e0fica | Artyplan","isPartOf":{"@id":"https:\/\/artyplanevents.com\/ca\/#website"},"primaryImageOfPage":{"@id":"https:\/\/artyplanevents.com\/ca\/blog\/impressio-punt-de-venda\/#primaryimage"},"image":{"@id":"https:\/\/artyplanevents.com\/ca\/blog\/impressio-punt-de-venda\/#primaryimage"},"thumbnailUrl":"https:\/\/artyplanevents.com\/wp-content\/uploads\/2025\/09\/Impresion-en-el-punto-de-venta.jpg","datePublished":"2020-12-20T22:00:00+00:00","dateModified":"2025-09-07T14:08:55+00:00","description":"La impresi\u00f3 en el punt de venda es clau per augmentar les vendes, per aix\u00f2, \u00e9s necessari comptar amb una excel\u00b7lent impressi\u00f3.","breadcrumb":{"@id":"https:\/\/artyplanevents.com\/ca\/blog\/impressio-punt-de-venda\/#breadcrumb"},"inLanguage":"ca","potentialAction":[{"@type":"ReadAction","target":["https:\/\/artyplanevents.com\/ca\/blog\/impressio-punt-de-venda\/"]}]},{"@type":"ImageObject","inLanguage":"ca","@id":"https:\/\/artyplanevents.com\/ca\/blog\/impressio-punt-de-venda\/#primaryimage","url":"https:\/\/artyplanevents.com\/wp-content\/uploads\/2025\/09\/Impresion-en-el-punto-de-venta.jpg","contentUrl":"https:\/\/artyplanevents.com\/wp-content\/uploads\/2025\/09\/Impresion-en-el-punto-de-venta.jpg","width":1920,"height":550,"caption":"servicios de impresi\u00f3n para el punto de venta de Turia"},{"@type":"BreadcrumbList","@id":"https:\/\/artyplanevents.com\/ca\/blog\/impressio-punt-de-venda\/#breadcrumb","itemListElement":[{"@type":"ListItem","position":1,"name":"Artyplan","item":"https:\/\/artyplanevents.com\/ca\/"},{"@type":"ListItem","position":2,"name":"Impressi\u00f3 en el punt de venda: els suports i la comunicaci\u00f3 gr\u00e0fica a tenir en compte pel vostre comer\u00e7"}]},{"@type":"WebSite","@id":"https:\/\/artyplanevents.com\/ca\/#website","url":"https:\/\/artyplanevents.com\/ca\/","name":"Artyplan","description":"","publisher":{"@id":"https:\/\/artyplanevents.com\/ca\/#organization"},"potentialAction":[{"@type":"SearchAction","target":{"@type":"EntryPoint","urlTemplate":"https:\/\/artyplanevents.com\/ca\/?s={search_term_string}"},"query-input":{"@type":"PropertyValueSpecification","valueRequired":true,"valueName":"search_term_string"}}],"inLanguage":"ca"},{"@type":"Organization","@id":"https:\/\/artyplanevents.com\/ca\/#organization","name":"Artyplan","url":"https:\/\/artyplanevents.com\/ca\/","logo":{"@type":"ImageObject","inLanguage":"ca","@id":"https:\/\/artyplanevents.com\/ca\/#\/schema\/logo\/image\/","url":"https:\/\/preweb.artyplan.com\/wp-content\/uploads\/2025\/11\/Logo-artyplan-690x690-1.png","contentUrl":"https:\/\/preweb.artyplan.com\/wp-content\/uploads\/2025\/11\/Logo-artyplan-690x690-1.png","width":690,"height":690,"caption":"Artyplan"},"image":{"@id":"https:\/\/artyplanevents.com\/ca\/#\/schema\/logo\/image\/"},"sameAs":["https:\/\/www.facebook.com\/artyplan","https:\/\/x.com\/artyplan"]},{"@type":"Person","@id":"https:\/\/artyplanevents.com\/ca\/#\/schema\/person\/7e099d8fb4e2e75f604bce6a0026fc08","name":"jcartagena","image":{"@type":"ImageObject","inLanguage":"ca","@id":"https:\/\/secure.gravatar.com\/avatar\/74b6898d9dd18bcd06e733678b696165da09bb7631730fd9477d49273abe408c?s=96&d=mm&r=g","url":"https:\/\/secure.gravatar.com\/avatar\/74b6898d9dd18bcd06e733678b696165da09bb7631730fd9477d49273abe408c?s=96&d=mm&r=g","contentUrl":"https:\/\/secure.gravatar.com\/avatar\/74b6898d9dd18bcd06e733678b696165da09bb7631730fd9477d49273abe408c?s=96&d=mm&r=g","caption":"jcartagena"},"sameAs":["https:\/\/preweb.artyplan.com"],"url":"https:\/\/artyplanevents.com\/ca\/author\/jcartagena\/"}]}},"_links":{"self":[{"href":"https:\/\/artyplanevents.com\/ca\/wp-json\/wp\/v2\/posts\/5056","targetHints":{"allow":["GET"]}}],"collection":[{"href":"https:\/\/artyplanevents.com\/ca\/wp-json\/wp\/v2\/posts"}],"about":[{"href":"https:\/\/artyplanevents.com\/ca\/wp-json\/wp\/v2\/types\/post"}],"author":[{"embeddable":true,"href":"https:\/\/artyplanevents.com\/ca\/wp-json\/wp\/v2\/users\/1"}],"replies":[{"embeddable":true,"href":"https:\/\/artyplanevents.com\/ca\/wp-json\/wp\/v2\/comments?post=5056"}],"version-history":[{"count":1,"href":"https:\/\/artyplanevents.com\/ca\/wp-json\/wp\/v2\/posts\/5056\/revisions"}],"predecessor-version":[{"id":6232,"href":"https:\/\/artyplanevents.com\/ca\/wp-json\/wp\/v2\/posts\/5056\/revisions\/6232"}],"wp:featuredmedia":[{"embeddable":true,"href":"https:\/\/artyplanevents.com\/ca\/wp-json\/wp\/v2\/media\/6941"}],"wp:attachment":[{"href":"https:\/\/artyplanevents.com\/ca\/wp-json\/wp\/v2\/media?parent=5056"}],"wp:term":[{"taxonomy":"category","embeddable":true,"href":"https:\/\/artyplanevents.com\/ca\/wp-json\/wp\/v2\/categories?post=5056"},{"taxonomy":"post_tag","embeddable":true,"href":"https:\/\/artyplanevents.com\/ca\/wp-json\/wp\/v2\/tags?post=5056"}],"curies":[{"name":"wp","href":"https:\/\/api.w.org\/{rel}","templated":true}]}}