{"id":5076,"date":"2021-01-29T00:00:00","date_gmt":"2021-01-28T22:00:00","guid":{"rendered":"https:\/\/preweb.artyplan.com\/sin-categorizar\/la-impressio-digital-i-la-impressio-ofset\/"},"modified":"2025-09-07T16:08:58","modified_gmt":"2025-09-07T14:08:58","slug":"la-impressio-digital-i-la-impressio-ofset","status":"publish","type":"post","link":"https:\/\/artyplanevents.com\/ca\/blog\/la-impressio-digital-i-la-impressio-ofset\/","title":{"rendered":"La impressi\u00f3 digital i la impressi\u00f3 \u00f2fset"},"content":{"rendered":"<p>Dins la ind\u00fastria de la serigrafia, l\u2019\u00faltima tecnologia que ha arribat \u00e9s la <strong>impressi\u00f3 digital<\/strong>,<strong>\u00a0<\/strong>amb unes m\u00e0quines que comparteixen certes similituds amb les tradicionals \u00a0<strong><em>\u00f2fset<\/em><\/strong>.<strong><em>\u00a0<\/em><\/strong>En les impremtes grans o mitjanes podem trobar ambd\u00f3s tipus d\u2019impressi\u00f3, que tenen les seves difer\u00e8ncies tamb\u00e9, encara que en un futur podrien convergir. Almenys en qualitats assolides i els mateixos usos.<\/p>\n<p>De moment, hem de parlar d\u2019aquestes dues tecnologies per separat tot i que en ambd\u00f3s casos imprimim en un suport de paper amb \u00a0<strong>tintes minerals o vegetals <\/strong>dins d\u2019un espectre de\u00a0<strong>quatre colors b\u00e0sics. <\/strong>S\u00f3n el cian, el magenta, el groc i el negre.<\/p>\n<h2>Qu\u00e8 \u00e9s la impressi\u00f3 \u00f2fset?<\/h2>\n<p>En aquest sistema, la imatge desitjada es crea primer en una <strong>planxa matriu d\u2019alumini <\/strong>per despr\u00e9s ser transferida a un suport de cautx\u00fa i, finalment, imprimir-se a la fulla. El seu funcionament es basa en la\u00a0<strong>repulsi\u00f3 qu\u00edmica i f\u00edsica<\/strong> que es dona entre subst\u00e0ncies grasses i l\u2019aigua.<\/p>\n<h2><strong>I la impressi\u00f3 digital?<\/strong><\/h2>\n<p>Per la seva part, la\u00a0<strong>impressi\u00f3 digital\u00a0<\/strong>t\u00e9 com origen un arxiu que est\u00e0 dissenyat i que passa directament a la m\u00e0quina on es reprodueix a trav\u00e9s d\u2019una <strong>planxa virtual<\/strong>. Aquesta tecnologia actua sobre la matriu mitjan\u00e7ant cartutxos l\u00edquids de tinta que reben una <strong>c\u00e0rrega el\u00e8ctrica<\/strong>. Llavor es traspassa el cautx\u00fa i despr\u00e9s al paper. \u00a0Garanteix la m\u00e0xima adher\u00e8ncia.<\/p>\n<p><strong>Difer\u00e8ncies entre ambdues\u00a0<\/strong><\/p>\n<p>Realment, del primer tipus d\u2019impressi\u00f3 al segon el que s\u2019ha experimentat \u00e9s un canvi de les planxes <strong>anal\u00f2giques a les digitals. <\/strong>Encara que les diferencies s\u2019estan dilu\u00efen, els avantatges de la tradicional s\u00f3n poder imprimir grans tirades de manera m\u00e9s econ\u00f2mica i r\u00e0pida, utilitzar <strong>tintes especials<\/strong>\u00a0i incl\u00fas obtenir <strong>formats m\u00e9s grans. <\/strong><\/p>\n<p>Ara b\u00e9, tot el que imprimim \u00e9s <strong>igual<\/strong>\u00a0i tamb\u00e9 els exemplars surten <strong>humits<\/strong>, per la qual cosa s\u2019ha d\u2019esperar un temps considerable d\u2019assecatge. Tamb\u00e9 poden produir-se <strong>certes inestabilitats de color <\/strong>durant el proc\u00e9s.<\/p>\n<p>En canvi, si utilitzem la impressi\u00f3 digital, s\u2019assoleix tirades molt curtes amb major rapidesa i estalvi amb <strong>disponibilitat immediata<\/strong>. Per tant, no s\u2019ha d\u2019esperar a l\u2019assecatge, quelcom ideal pels treballs urgents.<\/p>\n<p>A m\u00e9s a m\u00e9s, el sistema admet <strong>suports especials<\/strong>, podem imprimir fins i tot amb <strong>tinta blanca\u00a0<\/strong>i incl\u00fas guanyem estabilitat de color gr\u00e0cies al densit\u00f2metre que presenta aquesta tecnologia. Un altre punt a favor important \u00e9s que permet la \u00a0<strong>personalitzaci\u00f3 de cada exemplar<\/strong>, no tots han de sortir iguals si no volem.<\/p>\n<p>En termes de <strong>qualitat<\/strong>, amb ambd\u00f3s sistemes aconseguim una excel\u00b7lent impressi\u00f3, dif\u00edcil de diferenciar. El principal avantatge de la \u00a0<strong>impressi\u00f3 \u00f2fset <\/strong>radica en la seva gran capacitat per a realitzar <strong>moltes c\u00f2pies <\/strong>en poc temps. En canvi, la <strong>impressi\u00f3 digital<\/strong> \u00e9s millor per tirades curtes i d\u2019exemplars diferents.<\/p>\n<p>Aix\u00ed queden, per tant, els pros i contres d\u2019aquests dos tipus d\u2019impressions, de les quals la m\u00e9s innovada \u00e9s la <strong>impressi\u00f3 digital. <\/strong>El nostre <a href=\"http:\/\/artyplan.com\/ca\/serveis\/centre-atencio-al-client\/\" target=\"_blank\" rel=\"noopener\">Centre d\u2019Atenci\u00f3 al Client<\/a> us aconsellar\u00e0 del m\u00e9s adequat pel teu projecte d\u2019impressi\u00f3.<\/p>\n","protected":false},"excerpt":{"rendered":"<p>Dins la ind\u00fastria de la serigrafia, l\u2019\u00faltima tecnologia que ha arribat \u00e9s la impressi\u00f3 digital,\u00a0amb unes m\u00e0quines que comparteixen certes similituds amb les tradicionals \u00a0\u00f2fset.\u00a0En les impremtes grans o mitjanes podem trobar ambd\u00f3s tipus d\u2019impressi\u00f3, que tenen les seves difer\u00e8ncies tamb\u00e9, encara que en un futur podrien convergir. Almenys en qualitats assolides i els mateixos [&hellip;]<\/p>\n","protected":false},"author":1,"featured_media":5075,"comment_status":"closed","ping_status":"closed","sticky":false,"template":"","format":"standard","meta":{"footnotes":""},"categories":[33],"tags":[],"class_list":["post-5076","post","type-post","status-publish","format-standard","has-post-thumbnail","hentry","category-noticies"],"yoast_head":"<!-- This site is optimized with the Yoast SEO plugin v27.4 - https:\/\/yoast.com\/product\/yoast-seo-wordpress\/ -->\n<title>Difer\u00e8ncies de la impressi\u00f3 digital i la impressi\u00f3 \u00f2fset | Artyplan<\/title>\n<meta name=\"description\" content=\"Expliquem la diferencia entre la impressi\u00f3 digital i la impressi\u00f3 \u00f2fset, per con\u00e8ixer quina \u00e9s la m\u00e9s adequada segons cada cas.\" \/>\n<meta name=\"robots\" content=\"noindex, follow, max-snippet:-1, max-image-preview:large, max-video-preview:-1\" \/>\n<meta property=\"og:locale\" content=\"ca_ES\" \/>\n<meta property=\"og:type\" content=\"article\" \/>\n<meta property=\"og:title\" content=\"Difer\u00e8ncies de la impressi\u00f3 digital i la impressi\u00f3 \u00f2fset | Artyplan\" \/>\n<meta property=\"og:description\" content=\"Expliquem la diferencia entre la impressi\u00f3 digital i la impressi\u00f3 \u00f2fset, per con\u00e8ixer quina \u00e9s la m\u00e9s adequada segons cada cas.\" \/>\n<meta property=\"og:url\" content=\"https:\/\/artyplanevents.com\/ca\/blog\/la-impressio-digital-i-la-impressio-ofset\/\" \/>\n<meta property=\"og:site_name\" content=\"Artyplan\" \/>\n<meta property=\"article:publisher\" content=\"https:\/\/www.facebook.com\/artyplan\" \/>\n<meta property=\"article:published_time\" content=\"2021-01-28T22:00:00+00:00\" \/>\n<meta property=\"article:modified_time\" content=\"2025-09-07T14:08:58+00:00\" \/>\n<meta property=\"og:image\" content=\"https:\/\/artyplanevents.com\/wp-content\/uploads\/2025\/09\/impresion-digital-impresion-offset.jpg\" \/>\n\t<meta property=\"og:image:width\" content=\"1482\" \/>\n\t<meta property=\"og:image:height\" content=\"600\" \/>\n\t<meta property=\"og:image:type\" content=\"image\/jpeg\" \/>\n<meta name=\"author\" content=\"jcartagena\" \/>\n<meta name=\"twitter:card\" content=\"summary_large_image\" \/>\n<meta name=\"twitter:creator\" content=\"@artyplan\" \/>\n<meta name=\"twitter:site\" content=\"@artyplan\" \/>\n<meta name=\"twitter:label1\" content=\"Escrit per\" \/>\n\t<meta name=\"twitter:data1\" content=\"jcartagena\" \/>\n\t<meta name=\"twitter:label2\" content=\"Temps estimat de lectura\" \/>\n\t<meta name=\"twitter:data2\" content=\"3 minuts\" \/>\n<script type=\"application\/ld+json\" class=\"yoast-schema-graph\">{\"@context\":\"https:\\\/\\\/schema.org\",\"@graph\":[{\"@type\":\"Article\",\"@id\":\"https:\\\/\\\/artyplanevents.com\\\/ca\\\/blog\\\/la-impressio-digital-i-la-impressio-ofset\\\/#article\",\"isPartOf\":{\"@id\":\"https:\\\/\\\/artyplanevents.com\\\/ca\\\/blog\\\/la-impressio-digital-i-la-impressio-ofset\\\/\"},\"author\":{\"name\":\"jcartagena\",\"@id\":\"https:\\\/\\\/artyplanevents.com\\\/ca\\\/#\\\/schema\\\/person\\\/7e099d8fb4e2e75f604bce6a0026fc08\"},\"headline\":\"La impressi\u00f3 digital i la impressi\u00f3 \u00f2fset\",\"datePublished\":\"2021-01-28T22:00:00+00:00\",\"dateModified\":\"2025-09-07T14:08:58+00:00\",\"mainEntityOfPage\":{\"@id\":\"https:\\\/\\\/artyplanevents.com\\\/ca\\\/blog\\\/la-impressio-digital-i-la-impressio-ofset\\\/\"},\"wordCount\":546,\"publisher\":{\"@id\":\"https:\\\/\\\/artyplanevents.com\\\/ca\\\/#organization\"},\"image\":{\"@id\":\"https:\\\/\\\/artyplanevents.com\\\/ca\\\/blog\\\/la-impressio-digital-i-la-impressio-ofset\\\/#primaryimage\"},\"thumbnailUrl\":\"https:\\\/\\\/artyplanevents.com\\\/wp-content\\\/uploads\\\/2025\\\/09\\\/impresion-digital-impresion-offset.jpg\",\"articleSection\":[\"Noticies\"],\"inLanguage\":\"ca\"},{\"@type\":\"WebPage\",\"@id\":\"https:\\\/\\\/artyplanevents.com\\\/ca\\\/blog\\\/la-impressio-digital-i-la-impressio-ofset\\\/\",\"url\":\"https:\\\/\\\/artyplanevents.com\\\/ca\\\/blog\\\/la-impressio-digital-i-la-impressio-ofset\\\/\",\"name\":\"Difer\u00e8ncies de la impressi\u00f3 digital i la impressi\u00f3 \u00f2fset | Artyplan\",\"isPartOf\":{\"@id\":\"https:\\\/\\\/artyplanevents.com\\\/ca\\\/#website\"},\"primaryImageOfPage\":{\"@id\":\"https:\\\/\\\/artyplanevents.com\\\/ca\\\/blog\\\/la-impressio-digital-i-la-impressio-ofset\\\/#primaryimage\"},\"image\":{\"@id\":\"https:\\\/\\\/artyplanevents.com\\\/ca\\\/blog\\\/la-impressio-digital-i-la-impressio-ofset\\\/#primaryimage\"},\"thumbnailUrl\":\"https:\\\/\\\/artyplanevents.com\\\/wp-content\\\/uploads\\\/2025\\\/09\\\/impresion-digital-impresion-offset.jpg\",\"datePublished\":\"2021-01-28T22:00:00+00:00\",\"dateModified\":\"2025-09-07T14:08:58+00:00\",\"description\":\"Expliquem la diferencia entre la impressi\u00f3 digital i la impressi\u00f3 \u00f2fset, per con\u00e8ixer quina \u00e9s la m\u00e9s adequada segons cada cas.\",\"breadcrumb\":{\"@id\":\"https:\\\/\\\/artyplanevents.com\\\/ca\\\/blog\\\/la-impressio-digital-i-la-impressio-ofset\\\/#breadcrumb\"},\"inLanguage\":\"ca\",\"potentialAction\":[{\"@type\":\"ReadAction\",\"target\":[\"https:\\\/\\\/artyplanevents.com\\\/ca\\\/blog\\\/la-impressio-digital-i-la-impressio-ofset\\\/\"]}]},{\"@type\":\"ImageObject\",\"inLanguage\":\"ca\",\"@id\":\"https:\\\/\\\/artyplanevents.com\\\/ca\\\/blog\\\/la-impressio-digital-i-la-impressio-ofset\\\/#primaryimage\",\"url\":\"https:\\\/\\\/artyplanevents.com\\\/wp-content\\\/uploads\\\/2025\\\/09\\\/impresion-digital-impresion-offset.jpg\",\"contentUrl\":\"https:\\\/\\\/artyplanevents.com\\\/wp-content\\\/uploads\\\/2025\\\/09\\\/impresion-digital-impresion-offset.jpg\",\"width\":1482,\"height\":600,\"caption\":\"impressi\u00f3-digital-impressi\u00f3-\u00f2fset\"},{\"@type\":\"BreadcrumbList\",\"@id\":\"https:\\\/\\\/artyplanevents.com\\\/ca\\\/blog\\\/la-impressio-digital-i-la-impressio-ofset\\\/#breadcrumb\",\"itemListElement\":[{\"@type\":\"ListItem\",\"position\":1,\"name\":\"Artyplan\",\"item\":\"https:\\\/\\\/artyplanevents.com\\\/ca\\\/\"},{\"@type\":\"ListItem\",\"position\":2,\"name\":\"La impressi\u00f3 digital i la impressi\u00f3 \u00f2fset\"}]},{\"@type\":\"WebSite\",\"@id\":\"https:\\\/\\\/artyplanevents.com\\\/ca\\\/#website\",\"url\":\"https:\\\/\\\/artyplanevents.com\\\/ca\\\/\",\"name\":\"Artyplan\",\"description\":\"\",\"publisher\":{\"@id\":\"https:\\\/\\\/artyplanevents.com\\\/ca\\\/#organization\"},\"potentialAction\":[{\"@type\":\"SearchAction\",\"target\":{\"@type\":\"EntryPoint\",\"urlTemplate\":\"https:\\\/\\\/artyplanevents.com\\\/ca\\\/?s={search_term_string}\"},\"query-input\":{\"@type\":\"PropertyValueSpecification\",\"valueRequired\":true,\"valueName\":\"search_term_string\"}}],\"inLanguage\":\"ca\"},{\"@type\":\"Organization\",\"@id\":\"https:\\\/\\\/artyplanevents.com\\\/ca\\\/#organization\",\"name\":\"Artyplan\",\"url\":\"https:\\\/\\\/artyplanevents.com\\\/ca\\\/\",\"logo\":{\"@type\":\"ImageObject\",\"inLanguage\":\"ca\",\"@id\":\"https:\\\/\\\/artyplanevents.com\\\/ca\\\/#\\\/schema\\\/logo\\\/image\\\/\",\"url\":\"https:\\\/\\\/preweb.artyplan.com\\\/wp-content\\\/uploads\\\/2025\\\/11\\\/Logo-artyplan-690x690-1.png\",\"contentUrl\":\"https:\\\/\\\/preweb.artyplan.com\\\/wp-content\\\/uploads\\\/2025\\\/11\\\/Logo-artyplan-690x690-1.png\",\"width\":690,\"height\":690,\"caption\":\"Artyplan\"},\"image\":{\"@id\":\"https:\\\/\\\/artyplanevents.com\\\/ca\\\/#\\\/schema\\\/logo\\\/image\\\/\"},\"sameAs\":[\"https:\\\/\\\/www.facebook.com\\\/artyplan\",\"https:\\\/\\\/x.com\\\/artyplan\"]},{\"@type\":\"Person\",\"@id\":\"https:\\\/\\\/artyplanevents.com\\\/ca\\\/#\\\/schema\\\/person\\\/7e099d8fb4e2e75f604bce6a0026fc08\",\"name\":\"jcartagena\",\"image\":{\"@type\":\"ImageObject\",\"inLanguage\":\"ca\",\"@id\":\"https:\\\/\\\/secure.gravatar.com\\\/avatar\\\/74b6898d9dd18bcd06e733678b696165da09bb7631730fd9477d49273abe408c?s=96&d=mm&r=g\",\"url\":\"https:\\\/\\\/secure.gravatar.com\\\/avatar\\\/74b6898d9dd18bcd06e733678b696165da09bb7631730fd9477d49273abe408c?s=96&d=mm&r=g\",\"contentUrl\":\"https:\\\/\\\/secure.gravatar.com\\\/avatar\\\/74b6898d9dd18bcd06e733678b696165da09bb7631730fd9477d49273abe408c?s=96&d=mm&r=g\",\"caption\":\"jcartagena\"},\"sameAs\":[\"https:\\\/\\\/preweb.artyplan.com\"],\"url\":\"https:\\\/\\\/artyplanevents.com\\\/ca\\\/author\\\/jcartagena\\\/\"}]}<\/script>\n<!-- \/ Yoast SEO plugin. -->","yoast_head_json":{"title":"Difer\u00e8ncies de la impressi\u00f3 digital i la impressi\u00f3 \u00f2fset | Artyplan","description":"Expliquem la diferencia entre la impressi\u00f3 digital i la impressi\u00f3 \u00f2fset, per con\u00e8ixer quina \u00e9s la m\u00e9s adequada segons cada cas.","robots":{"index":"noindex","follow":"follow","max-snippet":"max-snippet:-1","max-image-preview":"max-image-preview:large","max-video-preview":"max-video-preview:-1"},"og_locale":"ca_ES","og_type":"article","og_title":"Difer\u00e8ncies de la impressi\u00f3 digital i la impressi\u00f3 \u00f2fset | Artyplan","og_description":"Expliquem la diferencia entre la impressi\u00f3 digital i la impressi\u00f3 \u00f2fset, per con\u00e8ixer quina \u00e9s la m\u00e9s adequada segons cada cas.","og_url":"https:\/\/artyplanevents.com\/ca\/blog\/la-impressio-digital-i-la-impressio-ofset\/","og_site_name":"Artyplan","article_publisher":"https:\/\/www.facebook.com\/artyplan","article_published_time":"2021-01-28T22:00:00+00:00","article_modified_time":"2025-09-07T14:08:58+00:00","og_image":[{"width":1482,"height":600,"url":"https:\/\/artyplanevents.com\/wp-content\/uploads\/2025\/09\/impresion-digital-impresion-offset.jpg","type":"image\/jpeg"}],"author":"jcartagena","twitter_card":"summary_large_image","twitter_creator":"@artyplan","twitter_site":"@artyplan","twitter_misc":{"Escrit per":"jcartagena","Temps estimat de lectura":"3 minuts"},"schema":{"@context":"https:\/\/schema.org","@graph":[{"@type":"Article","@id":"https:\/\/artyplanevents.com\/ca\/blog\/la-impressio-digital-i-la-impressio-ofset\/#article","isPartOf":{"@id":"https:\/\/artyplanevents.com\/ca\/blog\/la-impressio-digital-i-la-impressio-ofset\/"},"author":{"name":"jcartagena","@id":"https:\/\/artyplanevents.com\/ca\/#\/schema\/person\/7e099d8fb4e2e75f604bce6a0026fc08"},"headline":"La impressi\u00f3 digital i la impressi\u00f3 \u00f2fset","datePublished":"2021-01-28T22:00:00+00:00","dateModified":"2025-09-07T14:08:58+00:00","mainEntityOfPage":{"@id":"https:\/\/artyplanevents.com\/ca\/blog\/la-impressio-digital-i-la-impressio-ofset\/"},"wordCount":546,"publisher":{"@id":"https:\/\/artyplanevents.com\/ca\/#organization"},"image":{"@id":"https:\/\/artyplanevents.com\/ca\/blog\/la-impressio-digital-i-la-impressio-ofset\/#primaryimage"},"thumbnailUrl":"https:\/\/artyplanevents.com\/wp-content\/uploads\/2025\/09\/impresion-digital-impresion-offset.jpg","articleSection":["Noticies"],"inLanguage":"ca"},{"@type":"WebPage","@id":"https:\/\/artyplanevents.com\/ca\/blog\/la-impressio-digital-i-la-impressio-ofset\/","url":"https:\/\/artyplanevents.com\/ca\/blog\/la-impressio-digital-i-la-impressio-ofset\/","name":"Difer\u00e8ncies de la impressi\u00f3 digital i la impressi\u00f3 \u00f2fset | Artyplan","isPartOf":{"@id":"https:\/\/artyplanevents.com\/ca\/#website"},"primaryImageOfPage":{"@id":"https:\/\/artyplanevents.com\/ca\/blog\/la-impressio-digital-i-la-impressio-ofset\/#primaryimage"},"image":{"@id":"https:\/\/artyplanevents.com\/ca\/blog\/la-impressio-digital-i-la-impressio-ofset\/#primaryimage"},"thumbnailUrl":"https:\/\/artyplanevents.com\/wp-content\/uploads\/2025\/09\/impresion-digital-impresion-offset.jpg","datePublished":"2021-01-28T22:00:00+00:00","dateModified":"2025-09-07T14:08:58+00:00","description":"Expliquem la diferencia entre la impressi\u00f3 digital i la impressi\u00f3 \u00f2fset, per con\u00e8ixer quina \u00e9s la m\u00e9s adequada segons cada cas.","breadcrumb":{"@id":"https:\/\/artyplanevents.com\/ca\/blog\/la-impressio-digital-i-la-impressio-ofset\/#breadcrumb"},"inLanguage":"ca","potentialAction":[{"@type":"ReadAction","target":["https:\/\/artyplanevents.com\/ca\/blog\/la-impressio-digital-i-la-impressio-ofset\/"]}]},{"@type":"ImageObject","inLanguage":"ca","@id":"https:\/\/artyplanevents.com\/ca\/blog\/la-impressio-digital-i-la-impressio-ofset\/#primaryimage","url":"https:\/\/artyplanevents.com\/wp-content\/uploads\/2025\/09\/impresion-digital-impresion-offset.jpg","contentUrl":"https:\/\/artyplanevents.com\/wp-content\/uploads\/2025\/09\/impresion-digital-impresion-offset.jpg","width":1482,"height":600,"caption":"impressi\u00f3-digital-impressi\u00f3-\u00f2fset"},{"@type":"BreadcrumbList","@id":"https:\/\/artyplanevents.com\/ca\/blog\/la-impressio-digital-i-la-impressio-ofset\/#breadcrumb","itemListElement":[{"@type":"ListItem","position":1,"name":"Artyplan","item":"https:\/\/artyplanevents.com\/ca\/"},{"@type":"ListItem","position":2,"name":"La impressi\u00f3 digital i la impressi\u00f3 \u00f2fset"}]},{"@type":"WebSite","@id":"https:\/\/artyplanevents.com\/ca\/#website","url":"https:\/\/artyplanevents.com\/ca\/","name":"Artyplan","description":"","publisher":{"@id":"https:\/\/artyplanevents.com\/ca\/#organization"},"potentialAction":[{"@type":"SearchAction","target":{"@type":"EntryPoint","urlTemplate":"https:\/\/artyplanevents.com\/ca\/?s={search_term_string}"},"query-input":{"@type":"PropertyValueSpecification","valueRequired":true,"valueName":"search_term_string"}}],"inLanguage":"ca"},{"@type":"Organization","@id":"https:\/\/artyplanevents.com\/ca\/#organization","name":"Artyplan","url":"https:\/\/artyplanevents.com\/ca\/","logo":{"@type":"ImageObject","inLanguage":"ca","@id":"https:\/\/artyplanevents.com\/ca\/#\/schema\/logo\/image\/","url":"https:\/\/preweb.artyplan.com\/wp-content\/uploads\/2025\/11\/Logo-artyplan-690x690-1.png","contentUrl":"https:\/\/preweb.artyplan.com\/wp-content\/uploads\/2025\/11\/Logo-artyplan-690x690-1.png","width":690,"height":690,"caption":"Artyplan"},"image":{"@id":"https:\/\/artyplanevents.com\/ca\/#\/schema\/logo\/image\/"},"sameAs":["https:\/\/www.facebook.com\/artyplan","https:\/\/x.com\/artyplan"]},{"@type":"Person","@id":"https:\/\/artyplanevents.com\/ca\/#\/schema\/person\/7e099d8fb4e2e75f604bce6a0026fc08","name":"jcartagena","image":{"@type":"ImageObject","inLanguage":"ca","@id":"https:\/\/secure.gravatar.com\/avatar\/74b6898d9dd18bcd06e733678b696165da09bb7631730fd9477d49273abe408c?s=96&d=mm&r=g","url":"https:\/\/secure.gravatar.com\/avatar\/74b6898d9dd18bcd06e733678b696165da09bb7631730fd9477d49273abe408c?s=96&d=mm&r=g","contentUrl":"https:\/\/secure.gravatar.com\/avatar\/74b6898d9dd18bcd06e733678b696165da09bb7631730fd9477d49273abe408c?s=96&d=mm&r=g","caption":"jcartagena"},"sameAs":["https:\/\/preweb.artyplan.com"],"url":"https:\/\/artyplanevents.com\/ca\/author\/jcartagena\/"}]}},"_links":{"self":[{"href":"https:\/\/artyplanevents.com\/ca\/wp-json\/wp\/v2\/posts\/5076","targetHints":{"allow":["GET"]}}],"collection":[{"href":"https:\/\/artyplanevents.com\/ca\/wp-json\/wp\/v2\/posts"}],"about":[{"href":"https:\/\/artyplanevents.com\/ca\/wp-json\/wp\/v2\/types\/post"}],"author":[{"embeddable":true,"href":"https:\/\/artyplanevents.com\/ca\/wp-json\/wp\/v2\/users\/1"}],"replies":[{"embeddable":true,"href":"https:\/\/artyplanevents.com\/ca\/wp-json\/wp\/v2\/comments?post=5076"}],"version-history":[{"count":1,"href":"https:\/\/artyplanevents.com\/ca\/wp-json\/wp\/v2\/posts\/5076\/revisions"}],"predecessor-version":[{"id":6245,"href":"https:\/\/artyplanevents.com\/ca\/wp-json\/wp\/v2\/posts\/5076\/revisions\/6245"}],"wp:featuredmedia":[{"embeddable":true,"href":"https:\/\/artyplanevents.com\/ca\/wp-json\/wp\/v2\/media\/5075"}],"wp:attachment":[{"href":"https:\/\/artyplanevents.com\/ca\/wp-json\/wp\/v2\/media?parent=5076"}],"wp:term":[{"taxonomy":"category","embeddable":true,"href":"https:\/\/artyplanevents.com\/ca\/wp-json\/wp\/v2\/categories?post=5076"},{"taxonomy":"post_tag","embeddable":true,"href":"https:\/\/artyplanevents.com\/ca\/wp-json\/wp\/v2\/tags?post=5076"}],"curies":[{"name":"wp","href":"https:\/\/api.w.org\/{rel}","templated":true}]}}