{"id":5117,"date":"2021-04-15T00:00:00","date_gmt":"2021-04-14T22:00:00","guid":{"rendered":"https:\/\/preweb.artyplan.com\/sin-categorizar\/artyplan-patrocinador-de-lhomenatge-miralles\/"},"modified":"2025-09-07T16:09:33","modified_gmt":"2025-09-07T14:09:33","slug":"artyplan-patrocinador-de-lhomenatge-miralles","status":"publish","type":"post","link":"https:\/\/artyplanevents.com\/ca\/blog\/artyplan-patrocinador-de-lhomenatge-miralles\/","title":{"rendered":"Artyplan patrocinador de l\u2019homenatge \u201cMiralles\u201d"},"content":{"rendered":"<p><img fetchpriority=\"high\" decoding=\"async\" class=\"size-medium wp-image-6875 alignleft\" src=\"https:\/\/preweb.artyplan.com\/wp-content\/uploads\/2025\/09\/01_a-quarts-de-cuatre-a5-300x212-1.jpg\" alt=\"\" width=\"300\" height=\"212\" \/><\/p>\n<p>Artyplan,\u00a0empresa de serveis globals\u00a0d&#8217;impressi\u00f3\u00a0i digitalitzaci\u00f3, ha patrocinat els actes que des de la Fundaci\u00f3 Miralles es duen a terme, a partir del 15 d&#8217;abril, per homenatjar a l&#8217;arquitecte Enric Miralles, una de les figures m\u00e9s emblem\u00e0tiques de l&#8217;arquitectura catalana contempor\u00e0nia,\u00a0amb motiu del\u00a020\u00e8\u00a0aniversari de la seva mort, en el passat any 2020.<\/p>\n<p>Miralles \u00e9s un programa d&#8217;exposicions i activitats per tal de mostrar al gran p\u00fablic el llegat d&#8217;Enric Miralles.\u00a0 Aquest homenatge ofereix una mirada poli\u00e8drica i personal de la seva traject\u00f2ria, com a arquitecte, dissenyador, fot\u00f2graf i professor.<\/p>\n<p><img decoding=\"async\" class=\"size-medium wp-image-6873 alignright\" src=\"https:\/\/preweb.artyplan.com\/wp-content\/uploads\/2025\/09\/04_perpetuum-mobile-a5-300x212-1.jpg\" alt=\"\" width=\"300\" height=\"212\" \/><\/p>\n<p>Amb el patrocini d&#8217;Artyplan s&#8217;ha dut a terme una de les prioritzacions d&#8217;homenatge, com \u00e9s la mostra de documentaci\u00f3 i materials que Miralles va realitzar. Alguns d&#8217;ells fins ara in\u00e8dits, ja que surten per primer cop de l&#8217;arxiu.<\/p>\n<p>Les activitats estan comissariades per Benedetta Tagliabue (EMBT) i Joan Roig (Batlle i Roig),\u00a0 i organitzades per la Fundaci\u00f3 Enric Miralles amb el suport de l&#8217;Ajuntament de Barcelona i la Generalitat de Catalunya, amb col\u00b7laboraci\u00f3 amb l&#8217;Escola T\u00e8cnica Superior d&#8217;Arquitectura (ETSAB), el Col\u00b7legi d&#8217;Arquitectes de Catalunya (COAC) i l&#8217;estudi d&#8217;arquitectura Miralles Tagliabue EMBT.<\/p>\n<p>Des d&#8217;Artyplan creiem que la cultura \u00e9s el llegat m\u00e9s important que t\u00e9 un pa\u00eds i \u00e9s un comprom\u00eds present al nostre pla empresarial.<\/p>\n","protected":false},"excerpt":{"rendered":"<p>Artyplan,\u00a0empresa de serveis globals\u00a0d&#8217;impressi\u00f3\u00a0i digitalitzaci\u00f3, ha patrocinat els actes que des de la Fundaci\u00f3 Miralles es duen a terme, a partir del 15 d&#8217;abril, per homenatjar a l&#8217;arquitecte Enric Miralles, una de les figures m\u00e9s emblem\u00e0tiques de l&#8217;arquitectura catalana contempor\u00e0nia,\u00a0amb motiu del\u00a020\u00e8\u00a0aniversari de la seva mort, en el passat any 2020. Miralles \u00e9s un programa [&hellip;]<\/p>\n","protected":false},"author":1,"featured_media":6972,"comment_status":"closed","ping_status":"closed","sticky":false,"template":"","format":"standard","meta":{"footnotes":""},"categories":[33],"tags":[],"class_list":["post-5117","post","type-post","status-publish","format-standard","has-post-thumbnail","hentry","category-noticies"],"yoast_head":"<!-- This site is optimized with the Yoast SEO plugin v27.4 - https:\/\/yoast.com\/product\/yoast-seo-wordpress\/ -->\n<title>Artyplan patrocinador de l\u2019homenatge \u201cMiralles\u201d | Artyplan<\/title>\n<meta name=\"description\" content=\"Artyplan ha patrocinat els actes que des de la Fundaci\u00f3 Miralles es duen a terme per homenatjar a l&#039;arquitecte Enric Miralles.\" \/>\n<meta name=\"robots\" content=\"noindex, follow, max-snippet:-1, max-image-preview:large, max-video-preview:-1\" \/>\n<meta property=\"og:locale\" content=\"ca_ES\" \/>\n<meta property=\"og:type\" content=\"article\" \/>\n<meta property=\"og:title\" content=\"Artyplan patrocinador de l\u2019homenatge \u201cMiralles\u201d | Artyplan\" \/>\n<meta property=\"og:description\" content=\"Artyplan ha patrocinat els actes que des de la Fundaci\u00f3 Miralles es duen a terme per homenatjar a l&#039;arquitecte Enric Miralles.\" \/>\n<meta property=\"og:url\" content=\"https:\/\/artyplanevents.com\/ca\/blog\/artyplan-patrocinador-de-lhomenatge-miralles\/\" \/>\n<meta property=\"og:site_name\" content=\"Artyplan\" \/>\n<meta property=\"article:publisher\" content=\"https:\/\/www.facebook.com\/artyplan\" \/>\n<meta property=\"article:published_time\" content=\"2021-04-14T22:00:00+00:00\" \/>\n<meta property=\"article:modified_time\" content=\"2025-09-07T14:09:33+00:00\" \/>\n<meta property=\"og:image\" content=\"https:\/\/artyplanevents.com\/wp-content\/uploads\/2025\/09\/artyplan-patrocinador-miralles.jpg\" \/>\n\t<meta property=\"og:image:width\" content=\"1920\" \/>\n\t<meta property=\"og:image:height\" content=\"600\" \/>\n\t<meta property=\"og:image:type\" content=\"image\/jpeg\" \/>\n<meta name=\"author\" content=\"jcartagena\" \/>\n<meta name=\"twitter:card\" content=\"summary_large_image\" \/>\n<meta name=\"twitter:creator\" content=\"@artyplan\" \/>\n<meta name=\"twitter:site\" content=\"@artyplan\" \/>\n<meta name=\"twitter:label1\" content=\"Escrit per\" \/>\n\t<meta name=\"twitter:data1\" content=\"jcartagena\" \/>\n\t<meta name=\"twitter:label2\" content=\"Temps estimat de lectura\" \/>\n\t<meta name=\"twitter:data2\" content=\"1 minut\" \/>\n<script type=\"application\/ld+json\" class=\"yoast-schema-graph\">{\"@context\":\"https:\\\/\\\/schema.org\",\"@graph\":[{\"@type\":\"Article\",\"@id\":\"https:\\\/\\\/artyplanevents.com\\\/ca\\\/blog\\\/artyplan-patrocinador-de-lhomenatge-miralles\\\/#article\",\"isPartOf\":{\"@id\":\"https:\\\/\\\/artyplanevents.com\\\/ca\\\/blog\\\/artyplan-patrocinador-de-lhomenatge-miralles\\\/\"},\"author\":{\"name\":\"jcartagena\",\"@id\":\"https:\\\/\\\/artyplanevents.com\\\/ca\\\/#\\\/schema\\\/person\\\/7e099d8fb4e2e75f604bce6a0026fc08\"},\"headline\":\"Artyplan patrocinador de l\u2019homenatge \u201cMiralles\u201d\",\"datePublished\":\"2021-04-14T22:00:00+00:00\",\"dateModified\":\"2025-09-07T14:09:33+00:00\",\"mainEntityOfPage\":{\"@id\":\"https:\\\/\\\/artyplanevents.com\\\/ca\\\/blog\\\/artyplan-patrocinador-de-lhomenatge-miralles\\\/\"},\"wordCount\":244,\"publisher\":{\"@id\":\"https:\\\/\\\/artyplanevents.com\\\/ca\\\/#organization\"},\"image\":{\"@id\":\"https:\\\/\\\/artyplanevents.com\\\/ca\\\/blog\\\/artyplan-patrocinador-de-lhomenatge-miralles\\\/#primaryimage\"},\"thumbnailUrl\":\"https:\\\/\\\/artyplanevents.com\\\/wp-content\\\/uploads\\\/2025\\\/09\\\/artyplan-patrocinador-miralles.jpg\",\"articleSection\":[\"Noticies\"],\"inLanguage\":\"ca\"},{\"@type\":\"WebPage\",\"@id\":\"https:\\\/\\\/artyplanevents.com\\\/ca\\\/blog\\\/artyplan-patrocinador-de-lhomenatge-miralles\\\/\",\"url\":\"https:\\\/\\\/artyplanevents.com\\\/ca\\\/blog\\\/artyplan-patrocinador-de-lhomenatge-miralles\\\/\",\"name\":\"Artyplan patrocinador de l\u2019homenatge \u201cMiralles\u201d | Artyplan\",\"isPartOf\":{\"@id\":\"https:\\\/\\\/artyplanevents.com\\\/ca\\\/#website\"},\"primaryImageOfPage\":{\"@id\":\"https:\\\/\\\/artyplanevents.com\\\/ca\\\/blog\\\/artyplan-patrocinador-de-lhomenatge-miralles\\\/#primaryimage\"},\"image\":{\"@id\":\"https:\\\/\\\/artyplanevents.com\\\/ca\\\/blog\\\/artyplan-patrocinador-de-lhomenatge-miralles\\\/#primaryimage\"},\"thumbnailUrl\":\"https:\\\/\\\/artyplanevents.com\\\/wp-content\\\/uploads\\\/2025\\\/09\\\/artyplan-patrocinador-miralles.jpg\",\"datePublished\":\"2021-04-14T22:00:00+00:00\",\"dateModified\":\"2025-09-07T14:09:33+00:00\",\"description\":\"Artyplan ha patrocinat els actes que des de la Fundaci\u00f3 Miralles es duen a terme per homenatjar a l'arquitecte Enric Miralles.\",\"breadcrumb\":{\"@id\":\"https:\\\/\\\/artyplanevents.com\\\/ca\\\/blog\\\/artyplan-patrocinador-de-lhomenatge-miralles\\\/#breadcrumb\"},\"inLanguage\":\"ca\",\"potentialAction\":[{\"@type\":\"ReadAction\",\"target\":[\"https:\\\/\\\/artyplanevents.com\\\/ca\\\/blog\\\/artyplan-patrocinador-de-lhomenatge-miralles\\\/\"]}]},{\"@type\":\"ImageObject\",\"inLanguage\":\"ca\",\"@id\":\"https:\\\/\\\/artyplanevents.com\\\/ca\\\/blog\\\/artyplan-patrocinador-de-lhomenatge-miralles\\\/#primaryimage\",\"url\":\"https:\\\/\\\/artyplanevents.com\\\/wp-content\\\/uploads\\\/2025\\\/09\\\/artyplan-patrocinador-miralles.jpg\",\"contentUrl\":\"https:\\\/\\\/artyplanevents.com\\\/wp-content\\\/uploads\\\/2025\\\/09\\\/artyplan-patrocinador-miralles.jpg\",\"width\":1920,\"height\":600,\"caption\":\"artyplan-patrocinador-miralles||\"},{\"@type\":\"BreadcrumbList\",\"@id\":\"https:\\\/\\\/artyplanevents.com\\\/ca\\\/blog\\\/artyplan-patrocinador-de-lhomenatge-miralles\\\/#breadcrumb\",\"itemListElement\":[{\"@type\":\"ListItem\",\"position\":1,\"name\":\"Artyplan\",\"item\":\"https:\\\/\\\/artyplanevents.com\\\/ca\\\/\"},{\"@type\":\"ListItem\",\"position\":2,\"name\":\"Artyplan patrocinador de l\u2019homenatge \u201cMiralles\u201d\"}]},{\"@type\":\"WebSite\",\"@id\":\"https:\\\/\\\/artyplanevents.com\\\/ca\\\/#website\",\"url\":\"https:\\\/\\\/artyplanevents.com\\\/ca\\\/\",\"name\":\"Artyplan\",\"description\":\"\",\"publisher\":{\"@id\":\"https:\\\/\\\/artyplanevents.com\\\/ca\\\/#organization\"},\"potentialAction\":[{\"@type\":\"SearchAction\",\"target\":{\"@type\":\"EntryPoint\",\"urlTemplate\":\"https:\\\/\\\/artyplanevents.com\\\/ca\\\/?s={search_term_string}\"},\"query-input\":{\"@type\":\"PropertyValueSpecification\",\"valueRequired\":true,\"valueName\":\"search_term_string\"}}],\"inLanguage\":\"ca\"},{\"@type\":\"Organization\",\"@id\":\"https:\\\/\\\/artyplanevents.com\\\/ca\\\/#organization\",\"name\":\"Artyplan\",\"url\":\"https:\\\/\\\/artyplanevents.com\\\/ca\\\/\",\"logo\":{\"@type\":\"ImageObject\",\"inLanguage\":\"ca\",\"@id\":\"https:\\\/\\\/artyplanevents.com\\\/ca\\\/#\\\/schema\\\/logo\\\/image\\\/\",\"url\":\"https:\\\/\\\/preweb.artyplan.com\\\/wp-content\\\/uploads\\\/2025\\\/11\\\/Logo-artyplan-690x690-1.png\",\"contentUrl\":\"https:\\\/\\\/preweb.artyplan.com\\\/wp-content\\\/uploads\\\/2025\\\/11\\\/Logo-artyplan-690x690-1.png\",\"width\":690,\"height\":690,\"caption\":\"Artyplan\"},\"image\":{\"@id\":\"https:\\\/\\\/artyplanevents.com\\\/ca\\\/#\\\/schema\\\/logo\\\/image\\\/\"},\"sameAs\":[\"https:\\\/\\\/www.facebook.com\\\/artyplan\",\"https:\\\/\\\/x.com\\\/artyplan\"]},{\"@type\":\"Person\",\"@id\":\"https:\\\/\\\/artyplanevents.com\\\/ca\\\/#\\\/schema\\\/person\\\/7e099d8fb4e2e75f604bce6a0026fc08\",\"name\":\"jcartagena\",\"image\":{\"@type\":\"ImageObject\",\"inLanguage\":\"ca\",\"@id\":\"https:\\\/\\\/secure.gravatar.com\\\/avatar\\\/74b6898d9dd18bcd06e733678b696165da09bb7631730fd9477d49273abe408c?s=96&d=mm&r=g\",\"url\":\"https:\\\/\\\/secure.gravatar.com\\\/avatar\\\/74b6898d9dd18bcd06e733678b696165da09bb7631730fd9477d49273abe408c?s=96&d=mm&r=g\",\"contentUrl\":\"https:\\\/\\\/secure.gravatar.com\\\/avatar\\\/74b6898d9dd18bcd06e733678b696165da09bb7631730fd9477d49273abe408c?s=96&d=mm&r=g\",\"caption\":\"jcartagena\"},\"sameAs\":[\"https:\\\/\\\/preweb.artyplan.com\"],\"url\":\"https:\\\/\\\/artyplanevents.com\\\/ca\\\/author\\\/jcartagena\\\/\"}]}<\/script>\n<!-- \/ Yoast SEO plugin. -->","yoast_head_json":{"title":"Artyplan patrocinador de l\u2019homenatge \u201cMiralles\u201d | Artyplan","description":"Artyplan ha patrocinat els actes que des de la Fundaci\u00f3 Miralles es duen a terme per homenatjar a l'arquitecte Enric Miralles.","robots":{"index":"noindex","follow":"follow","max-snippet":"max-snippet:-1","max-image-preview":"max-image-preview:large","max-video-preview":"max-video-preview:-1"},"og_locale":"ca_ES","og_type":"article","og_title":"Artyplan patrocinador de l\u2019homenatge \u201cMiralles\u201d | Artyplan","og_description":"Artyplan ha patrocinat els actes que des de la Fundaci\u00f3 Miralles es duen a terme per homenatjar a l'arquitecte Enric Miralles.","og_url":"https:\/\/artyplanevents.com\/ca\/blog\/artyplan-patrocinador-de-lhomenatge-miralles\/","og_site_name":"Artyplan","article_publisher":"https:\/\/www.facebook.com\/artyplan","article_published_time":"2021-04-14T22:00:00+00:00","article_modified_time":"2025-09-07T14:09:33+00:00","og_image":[{"width":1920,"height":600,"url":"https:\/\/artyplanevents.com\/wp-content\/uploads\/2025\/09\/artyplan-patrocinador-miralles.jpg","type":"image\/jpeg"}],"author":"jcartagena","twitter_card":"summary_large_image","twitter_creator":"@artyplan","twitter_site":"@artyplan","twitter_misc":{"Escrit per":"jcartagena","Temps estimat de lectura":"1 minut"},"schema":{"@context":"https:\/\/schema.org","@graph":[{"@type":"Article","@id":"https:\/\/artyplanevents.com\/ca\/blog\/artyplan-patrocinador-de-lhomenatge-miralles\/#article","isPartOf":{"@id":"https:\/\/artyplanevents.com\/ca\/blog\/artyplan-patrocinador-de-lhomenatge-miralles\/"},"author":{"name":"jcartagena","@id":"https:\/\/artyplanevents.com\/ca\/#\/schema\/person\/7e099d8fb4e2e75f604bce6a0026fc08"},"headline":"Artyplan patrocinador de l\u2019homenatge \u201cMiralles\u201d","datePublished":"2021-04-14T22:00:00+00:00","dateModified":"2025-09-07T14:09:33+00:00","mainEntityOfPage":{"@id":"https:\/\/artyplanevents.com\/ca\/blog\/artyplan-patrocinador-de-lhomenatge-miralles\/"},"wordCount":244,"publisher":{"@id":"https:\/\/artyplanevents.com\/ca\/#organization"},"image":{"@id":"https:\/\/artyplanevents.com\/ca\/blog\/artyplan-patrocinador-de-lhomenatge-miralles\/#primaryimage"},"thumbnailUrl":"https:\/\/artyplanevents.com\/wp-content\/uploads\/2025\/09\/artyplan-patrocinador-miralles.jpg","articleSection":["Noticies"],"inLanguage":"ca"},{"@type":"WebPage","@id":"https:\/\/artyplanevents.com\/ca\/blog\/artyplan-patrocinador-de-lhomenatge-miralles\/","url":"https:\/\/artyplanevents.com\/ca\/blog\/artyplan-patrocinador-de-lhomenatge-miralles\/","name":"Artyplan patrocinador de l\u2019homenatge \u201cMiralles\u201d | Artyplan","isPartOf":{"@id":"https:\/\/artyplanevents.com\/ca\/#website"},"primaryImageOfPage":{"@id":"https:\/\/artyplanevents.com\/ca\/blog\/artyplan-patrocinador-de-lhomenatge-miralles\/#primaryimage"},"image":{"@id":"https:\/\/artyplanevents.com\/ca\/blog\/artyplan-patrocinador-de-lhomenatge-miralles\/#primaryimage"},"thumbnailUrl":"https:\/\/artyplanevents.com\/wp-content\/uploads\/2025\/09\/artyplan-patrocinador-miralles.jpg","datePublished":"2021-04-14T22:00:00+00:00","dateModified":"2025-09-07T14:09:33+00:00","description":"Artyplan ha patrocinat els actes que des de la Fundaci\u00f3 Miralles es duen a terme per homenatjar a l'arquitecte Enric Miralles.","breadcrumb":{"@id":"https:\/\/artyplanevents.com\/ca\/blog\/artyplan-patrocinador-de-lhomenatge-miralles\/#breadcrumb"},"inLanguage":"ca","potentialAction":[{"@type":"ReadAction","target":["https:\/\/artyplanevents.com\/ca\/blog\/artyplan-patrocinador-de-lhomenatge-miralles\/"]}]},{"@type":"ImageObject","inLanguage":"ca","@id":"https:\/\/artyplanevents.com\/ca\/blog\/artyplan-patrocinador-de-lhomenatge-miralles\/#primaryimage","url":"https:\/\/artyplanevents.com\/wp-content\/uploads\/2025\/09\/artyplan-patrocinador-miralles.jpg","contentUrl":"https:\/\/artyplanevents.com\/wp-content\/uploads\/2025\/09\/artyplan-patrocinador-miralles.jpg","width":1920,"height":600,"caption":"artyplan-patrocinador-miralles||"},{"@type":"BreadcrumbList","@id":"https:\/\/artyplanevents.com\/ca\/blog\/artyplan-patrocinador-de-lhomenatge-miralles\/#breadcrumb","itemListElement":[{"@type":"ListItem","position":1,"name":"Artyplan","item":"https:\/\/artyplanevents.com\/ca\/"},{"@type":"ListItem","position":2,"name":"Artyplan patrocinador de l\u2019homenatge \u201cMiralles\u201d"}]},{"@type":"WebSite","@id":"https:\/\/artyplanevents.com\/ca\/#website","url":"https:\/\/artyplanevents.com\/ca\/","name":"Artyplan","description":"","publisher":{"@id":"https:\/\/artyplanevents.com\/ca\/#organization"},"potentialAction":[{"@type":"SearchAction","target":{"@type":"EntryPoint","urlTemplate":"https:\/\/artyplanevents.com\/ca\/?s={search_term_string}"},"query-input":{"@type":"PropertyValueSpecification","valueRequired":true,"valueName":"search_term_string"}}],"inLanguage":"ca"},{"@type":"Organization","@id":"https:\/\/artyplanevents.com\/ca\/#organization","name":"Artyplan","url":"https:\/\/artyplanevents.com\/ca\/","logo":{"@type":"ImageObject","inLanguage":"ca","@id":"https:\/\/artyplanevents.com\/ca\/#\/schema\/logo\/image\/","url":"https:\/\/preweb.artyplan.com\/wp-content\/uploads\/2025\/11\/Logo-artyplan-690x690-1.png","contentUrl":"https:\/\/preweb.artyplan.com\/wp-content\/uploads\/2025\/11\/Logo-artyplan-690x690-1.png","width":690,"height":690,"caption":"Artyplan"},"image":{"@id":"https:\/\/artyplanevents.com\/ca\/#\/schema\/logo\/image\/"},"sameAs":["https:\/\/www.facebook.com\/artyplan","https:\/\/x.com\/artyplan"]},{"@type":"Person","@id":"https:\/\/artyplanevents.com\/ca\/#\/schema\/person\/7e099d8fb4e2e75f604bce6a0026fc08","name":"jcartagena","image":{"@type":"ImageObject","inLanguage":"ca","@id":"https:\/\/secure.gravatar.com\/avatar\/74b6898d9dd18bcd06e733678b696165da09bb7631730fd9477d49273abe408c?s=96&d=mm&r=g","url":"https:\/\/secure.gravatar.com\/avatar\/74b6898d9dd18bcd06e733678b696165da09bb7631730fd9477d49273abe408c?s=96&d=mm&r=g","contentUrl":"https:\/\/secure.gravatar.com\/avatar\/74b6898d9dd18bcd06e733678b696165da09bb7631730fd9477d49273abe408c?s=96&d=mm&r=g","caption":"jcartagena"},"sameAs":["https:\/\/preweb.artyplan.com"],"url":"https:\/\/artyplanevents.com\/ca\/author\/jcartagena\/"}]}},"_links":{"self":[{"href":"https:\/\/artyplanevents.com\/ca\/wp-json\/wp\/v2\/posts\/5117","targetHints":{"allow":["GET"]}}],"collection":[{"href":"https:\/\/artyplanevents.com\/ca\/wp-json\/wp\/v2\/posts"}],"about":[{"href":"https:\/\/artyplanevents.com\/ca\/wp-json\/wp\/v2\/types\/post"}],"author":[{"embeddable":true,"href":"https:\/\/artyplanevents.com\/ca\/wp-json\/wp\/v2\/users\/1"}],"replies":[{"embeddable":true,"href":"https:\/\/artyplanevents.com\/ca\/wp-json\/wp\/v2\/comments?post=5117"}],"version-history":[{"count":7,"href":"https:\/\/artyplanevents.com\/ca\/wp-json\/wp\/v2\/posts\/5117\/revisions"}],"predecessor-version":[{"id":7678,"href":"https:\/\/artyplanevents.com\/ca\/wp-json\/wp\/v2\/posts\/5117\/revisions\/7678"}],"wp:featuredmedia":[{"embeddable":true,"href":"https:\/\/artyplanevents.com\/ca\/wp-json\/wp\/v2\/media\/6972"}],"wp:attachment":[{"href":"https:\/\/artyplanevents.com\/ca\/wp-json\/wp\/v2\/media?parent=5117"}],"wp:term":[{"taxonomy":"category","embeddable":true,"href":"https:\/\/artyplanevents.com\/ca\/wp-json\/wp\/v2\/categories?post=5117"},{"taxonomy":"post_tag","embeddable":true,"href":"https:\/\/artyplanevents.com\/ca\/wp-json\/wp\/v2\/tags?post=5117"}],"curies":[{"name":"wp","href":"https:\/\/api.w.org\/{rel}","templated":true}]}}