{"id":5174,"date":"2021-07-20T00:00:00","date_gmt":"2021-07-19T22:00:00","guid":{"rendered":"https:\/\/preweb.artyplan.com\/sin-categorizar\/per-que-i-com-preparar-arxiu-per-a-imprimir\/"},"modified":"2025-09-07T16:10:05","modified_gmt":"2025-09-07T14:10:05","slug":"per-que-i-com-preparar-arxiu-per-a-imprimir","status":"publish","type":"post","link":"https:\/\/artyplanevents.com\/ca\/blog\/per-que-i-com-preparar-arxiu-per-a-imprimir\/","title":{"rendered":"Per qu\u00e8 i com s\u2019ha de preparar un arxiu final per a imprimir?"},"content":{"rendered":"<p>Saps qu\u00e8 \u00e9s un <strong>art<\/strong> o <strong>arxiu final<\/strong>? Tot el treball desenvolupat en el proc\u00e9s de creativitat, disseny i realitzaci\u00f3 del projecte impr\u00e8s pot no tenir el final esperat si el document que finalment s\u2019envia a la impremta no est\u00e0 ben fet.<\/p>\n<p>Volem explicar-te per qu\u00e8 i com\u00a0 has de crear l\u2019<strong>arxiu per a imprimir<\/strong>.<\/p>\n<h2><strong>\u00bfPer qu\u00e8\u00a0 con\u00e8ixer com preparar un arxiu per a la impressi\u00f3?<\/strong><\/h2>\n<p>Imprimir \u00e9s un <strong>procediment t\u00e8cnic complex <\/strong>en el qual resulta fonamental complir una s\u00e8rie de requisits i procediments. Les diferents m\u00e0quines de la impremta tenen les seves particularitats i, habitualment, funcionen amb una s\u00e8rie de variables i procediments.<\/p>\n<p>La preimpressi\u00f3 consisteix, exactament a deixar en perfecte estat l\u2019arxiu impr\u00e8s. S\u2019ha de tenir en compte, per aix\u00f2,\u00a0 les <strong>pautes generals i d&#8217;altres espec\u00edfiques <\/strong>relacionades amb el tipus de sistema d\u2019<strong>impressi\u00f3<\/strong>, els papers, els acabats i la naturalesa de cada enc\u00e0rrec.<\/p>\n<p>En realitat, les regles que s\u2019han de seguir, s\u00f3n senzilles pels professionals, encara que per la majoria no ho sigui. En termes generals, l&#8217;adequat \u00e9s <strong>treballar amb un arxiu en format PDF amb CMYK de 4 colors<\/strong>, preparar-lo a mida real i amb una resoluci\u00f3 d\u2019imatge r\u00e0ster (imatge de p\u00edxels) adequada: com a m\u00ednim<strong> 300 ppp<\/strong>. A m\u00e9s a m\u00e9s, s&#8217;hauran de presentar les tipografies incrustades en el PDF en format corbes.<\/p>\n<p>Si, per exemple, s\u2019ha d\u2019aplicar un vern\u00eds selectiu o incloure un estampat o relleu, s&#8217;haur\u00e0 d&#8217;indicar en l&#8217;arxiu final de manera correcta.<\/p>\n<p>En cas de no fer-ho correctament, pot passar que:<\/p>\n<ol>\n<li><strong>Els t\u00e8cnics d\u2019impressi\u00f3 l&#8217;adverteixin del problema a temps<\/strong> i es pugui resoldre l&#8217;error, reclamant l\u2019enviament de l\u2019arxiu correcte.<\/li>\n<li>El problema no sigui detectat i es dugui a terme una <strong>impressi\u00f3 defectuosa i insatisfact\u00f2ria<\/strong>\u00a0que, sovint, \u00e9s necessari repetir, amb les conseg\u00fcents p\u00e8rdues de temps, diners i servei.<\/li>\n<\/ol>\n<h2><strong>Com s\u2019ha de preparar un arxiu per la impressi\u00f3?<\/strong><\/h2>\n<p>Aquesta tasca comen\u00e7a en el moment qu\u00e8 has rebut el vistiplau del disseny presentat. Quins passos has de realitzar per crear l\u2019art final corresponent? Pren nota:<\/p>\n<ol>\n<li>Valida que les <strong>mides de l\u2019arxiu <\/strong>siguin les adequades. Fixa\u2019t que la dimensi\u00f3 i les proporcions siguin correctes, aix\u00ed com que els plegats i les zones de tall tamb\u00e9.<\/li>\n<li>Aplica\u00a0<strong>sangs\u00a0<\/strong>al document. \u00c9s l\u2019espai necessari perqu\u00e8, en guillotinar els plecs, no falti color en aquelles zones.<\/li>\n<li>Adequa els <strong>perfils i modes de color <\/strong>a les especificacions t\u00e8cniques de la impremta escollida. El m\u00e9s com\u00fa a Europa \u00e9s \u00a0el Fogra 39 i el mode CMYK.<\/li>\n<li>Revisa els\u00a0<strong>negres<\/strong>, tingues en compte si cal sobreimprimir-los o aplicar-los en un canal propi.<\/li>\n<li>Revisa, si \u00e9s que n\u2019hi ha, les\u00a0<strong>tintes especials<\/strong>: planes (Pantone) i UVI.<\/li>\n<li>Comprova la\u00a0<strong>resoluci\u00f3 de les imatges<\/strong>.<\/li>\n<li>Valida els\u00a0<strong>enlla\u00e7os a tipografies, imatges i gr\u00e0fics. <\/strong>Si \u00e9s un document amb poc text, tra\u00e7a les fonts: aix\u00ed no canviaran. Si \u00e9s un text extens, adjunta les tipografies treballades. Pel que fa a les imatges i gr\u00e0fics, escull entre incrustar-los i enviar-los a l\u2019impressor, segons la mida de l\u2019arxiu.<\/li>\n<li>Incorpora correctament les\u00a0<strong>l\u00ednies de fendit<\/strong> (discont\u00ednues) <strong>i d&#8217;encuny<\/strong> (cont\u00ednues). Aquestes s&#8217;han d&#8217;incloure com a l\u00ednies no imprimibles.<\/li>\n<\/ol>\n<h2><strong>Com els assessors d\u2019Artyplan poden ajudar-te a fer que el teu projecte gr\u00e0fic sigui tot un \u00e8xit? <\/strong><\/h2>\n<p>Tens dubtes o et falta l&#8217;experi\u00e8ncia necess\u00e0ria per crear un\u00a0 <strong>arxiu d\u2019impressi\u00f3<\/strong>? Despreocupa&#8217;t! A Artyplan comptem amb professionals altament especialitzats que t\u2019explicaran tot el necessari.<\/p>\n<p>T\u2019assessorem abans de preparar l\u2019art final per resoldre els teus dubtes i per guiar-te a aconseguir el resultat esperat. Incl\u00fas t\u2019oferim consells addicionals una vegada acabada la <strong>\u00a0impressi\u00f3<\/strong>.<\/p>\n<p>A\u00a0<a href=\"http:\/\/artyplan.com\/ca\/contacte\/\" target=\"_blank\" rel=\"noopener\"><strong>Artyplan<\/strong><\/a><strong>\u00a0<\/strong>volem assegurar-nos un bon treball d\u2019impremta, amb una satisfacci\u00f3 absoluta. I sabem que, per aix\u00f2, un <strong>bon arxiu final\u00a0<\/strong>\u00e9s imprescindible.<\/p>\n","protected":false},"excerpt":{"rendered":"<p>Saps qu\u00e8 \u00e9s un art o arxiu final? Tot el treball desenvolupat en el proc\u00e9s de creativitat, disseny i realitzaci\u00f3 del projecte impr\u00e8s pot no tenir el final esperat si el document que finalment s\u2019envia a la impremta no est\u00e0 ben fet. Volem explicar-te per qu\u00e8 i com\u00a0 has de crear l\u2019arxiu per a imprimir. [&hellip;]<\/p>\n","protected":false},"author":1,"featured_media":5173,"comment_status":"closed","ping_status":"closed","sticky":false,"template":"","format":"standard","meta":{"footnotes":""},"categories":[33],"tags":[],"class_list":["post-5174","post","type-post","status-publish","format-standard","has-post-thumbnail","hentry","category-noticies"],"yoast_head":"<!-- This site is optimized with the Yoast SEO plugin v27.4 - https:\/\/yoast.com\/product\/yoast-seo-wordpress\/ -->\n<title>Per qu\u00e8 i com s\u2019ha de preparar un arxiu final per a imprimir? | Artyplan<\/title>\n<meta name=\"description\" content=\"Saps crear un arxiu final per imprimir? A Artyplan t&#039;expliquem com preparar un arxiu final, consulta als nostres assessors.\" \/>\n<meta name=\"robots\" content=\"noindex, follow, max-snippet:-1, max-image-preview:large, max-video-preview:-1\" \/>\n<meta property=\"og:locale\" content=\"ca_ES\" \/>\n<meta property=\"og:type\" content=\"article\" \/>\n<meta property=\"og:title\" content=\"Per qu\u00e8 i com s\u2019ha de preparar un arxiu final per a imprimir? | Artyplan\" \/>\n<meta property=\"og:description\" content=\"Saps crear un arxiu final per imprimir? A Artyplan t&#039;expliquem com preparar un arxiu final, consulta als nostres assessors.\" \/>\n<meta property=\"og:url\" content=\"https:\/\/artyplanevents.com\/ca\/blog\/per-que-i-com-preparar-arxiu-per-a-imprimir\/\" \/>\n<meta property=\"og:site_name\" content=\"Artyplan\" \/>\n<meta property=\"article:publisher\" content=\"https:\/\/www.facebook.com\/artyplan\" \/>\n<meta property=\"article:published_time\" content=\"2021-07-19T22:00:00+00:00\" \/>\n<meta property=\"article:modified_time\" content=\"2025-09-07T14:10:05+00:00\" \/>\n<meta property=\"og:image\" content=\"https:\/\/artyplanevents.com\/wp-content\/uploads\/2025\/09\/archivo-final-imprenta.png\" \/>\n\t<meta property=\"og:image:width\" content=\"1920\" \/>\n\t<meta property=\"og:image:height\" content=\"600\" \/>\n\t<meta property=\"og:image:type\" content=\"image\/png\" \/>\n<meta name=\"author\" content=\"jcartagena\" \/>\n<meta name=\"twitter:card\" content=\"summary_large_image\" \/>\n<meta name=\"twitter:creator\" content=\"@artyplan\" \/>\n<meta name=\"twitter:site\" content=\"@artyplan\" \/>\n<meta name=\"twitter:label1\" content=\"Escrit per\" \/>\n\t<meta name=\"twitter:data1\" content=\"jcartagena\" \/>\n\t<meta name=\"twitter:label2\" content=\"Temps estimat de lectura\" \/>\n\t<meta name=\"twitter:data2\" content=\"3 minuts\" \/>\n<script type=\"application\/ld+json\" class=\"yoast-schema-graph\">{\"@context\":\"https:\\\/\\\/schema.org\",\"@graph\":[{\"@type\":\"Article\",\"@id\":\"https:\\\/\\\/artyplanevents.com\\\/ca\\\/blog\\\/per-que-i-com-preparar-arxiu-per-a-imprimir\\\/#article\",\"isPartOf\":{\"@id\":\"https:\\\/\\\/artyplanevents.com\\\/ca\\\/blog\\\/per-que-i-com-preparar-arxiu-per-a-imprimir\\\/\"},\"author\":{\"name\":\"jcartagena\",\"@id\":\"https:\\\/\\\/artyplanevents.com\\\/ca\\\/#\\\/schema\\\/person\\\/7e099d8fb4e2e75f604bce6a0026fc08\"},\"headline\":\"Per qu\u00e8 i com s\u2019ha de preparar un arxiu final per a imprimir?\",\"datePublished\":\"2021-07-19T22:00:00+00:00\",\"dateModified\":\"2025-09-07T14:10:05+00:00\",\"mainEntityOfPage\":{\"@id\":\"https:\\\/\\\/artyplanevents.com\\\/ca\\\/blog\\\/per-que-i-com-preparar-arxiu-per-a-imprimir\\\/\"},\"wordCount\":687,\"publisher\":{\"@id\":\"https:\\\/\\\/artyplanevents.com\\\/ca\\\/#organization\"},\"image\":{\"@id\":\"https:\\\/\\\/artyplanevents.com\\\/ca\\\/blog\\\/per-que-i-com-preparar-arxiu-per-a-imprimir\\\/#primaryimage\"},\"thumbnailUrl\":\"https:\\\/\\\/artyplanevents.com\\\/wp-content\\\/uploads\\\/2025\\\/09\\\/archivo-final-imprenta.png\",\"articleSection\":[\"Noticies\"],\"inLanguage\":\"ca\"},{\"@type\":\"WebPage\",\"@id\":\"https:\\\/\\\/artyplanevents.com\\\/ca\\\/blog\\\/per-que-i-com-preparar-arxiu-per-a-imprimir\\\/\",\"url\":\"https:\\\/\\\/artyplanevents.com\\\/ca\\\/blog\\\/per-que-i-com-preparar-arxiu-per-a-imprimir\\\/\",\"name\":\"Per qu\u00e8 i com s\u2019ha de preparar un arxiu final per a imprimir? | Artyplan\",\"isPartOf\":{\"@id\":\"https:\\\/\\\/artyplanevents.com\\\/ca\\\/#website\"},\"primaryImageOfPage\":{\"@id\":\"https:\\\/\\\/artyplanevents.com\\\/ca\\\/blog\\\/per-que-i-com-preparar-arxiu-per-a-imprimir\\\/#primaryimage\"},\"image\":{\"@id\":\"https:\\\/\\\/artyplanevents.com\\\/ca\\\/blog\\\/per-que-i-com-preparar-arxiu-per-a-imprimir\\\/#primaryimage\"},\"thumbnailUrl\":\"https:\\\/\\\/artyplanevents.com\\\/wp-content\\\/uploads\\\/2025\\\/09\\\/archivo-final-imprenta.png\",\"datePublished\":\"2021-07-19T22:00:00+00:00\",\"dateModified\":\"2025-09-07T14:10:05+00:00\",\"description\":\"Saps crear un arxiu final per imprimir? A Artyplan t'expliquem com preparar un arxiu final, consulta als nostres assessors.\",\"breadcrumb\":{\"@id\":\"https:\\\/\\\/artyplanevents.com\\\/ca\\\/blog\\\/per-que-i-com-preparar-arxiu-per-a-imprimir\\\/#breadcrumb\"},\"inLanguage\":\"ca\",\"potentialAction\":[{\"@type\":\"ReadAction\",\"target\":[\"https:\\\/\\\/artyplanevents.com\\\/ca\\\/blog\\\/per-que-i-com-preparar-arxiu-per-a-imprimir\\\/\"]}]},{\"@type\":\"ImageObject\",\"inLanguage\":\"ca\",\"@id\":\"https:\\\/\\\/artyplanevents.com\\\/ca\\\/blog\\\/per-que-i-com-preparar-arxiu-per-a-imprimir\\\/#primaryimage\",\"url\":\"https:\\\/\\\/artyplanevents.com\\\/wp-content\\\/uploads\\\/2025\\\/09\\\/archivo-final-imprenta.png\",\"contentUrl\":\"https:\\\/\\\/artyplanevents.com\\\/wp-content\\\/uploads\\\/2025\\\/09\\\/archivo-final-imprenta.png\",\"width\":1920,\"height\":600,\"caption\":\"archivo-final\"},{\"@type\":\"BreadcrumbList\",\"@id\":\"https:\\\/\\\/artyplanevents.com\\\/ca\\\/blog\\\/per-que-i-com-preparar-arxiu-per-a-imprimir\\\/#breadcrumb\",\"itemListElement\":[{\"@type\":\"ListItem\",\"position\":1,\"name\":\"Artyplan\",\"item\":\"https:\\\/\\\/artyplanevents.com\\\/ca\\\/\"},{\"@type\":\"ListItem\",\"position\":2,\"name\":\"Per qu\u00e8 i com s\u2019ha de preparar un arxiu final per a imprimir?\"}]},{\"@type\":\"WebSite\",\"@id\":\"https:\\\/\\\/artyplanevents.com\\\/ca\\\/#website\",\"url\":\"https:\\\/\\\/artyplanevents.com\\\/ca\\\/\",\"name\":\"Artyplan\",\"description\":\"\",\"publisher\":{\"@id\":\"https:\\\/\\\/artyplanevents.com\\\/ca\\\/#organization\"},\"potentialAction\":[{\"@type\":\"SearchAction\",\"target\":{\"@type\":\"EntryPoint\",\"urlTemplate\":\"https:\\\/\\\/artyplanevents.com\\\/ca\\\/?s={search_term_string}\"},\"query-input\":{\"@type\":\"PropertyValueSpecification\",\"valueRequired\":true,\"valueName\":\"search_term_string\"}}],\"inLanguage\":\"ca\"},{\"@type\":\"Organization\",\"@id\":\"https:\\\/\\\/artyplanevents.com\\\/ca\\\/#organization\",\"name\":\"Artyplan\",\"url\":\"https:\\\/\\\/artyplanevents.com\\\/ca\\\/\",\"logo\":{\"@type\":\"ImageObject\",\"inLanguage\":\"ca\",\"@id\":\"https:\\\/\\\/artyplanevents.com\\\/ca\\\/#\\\/schema\\\/logo\\\/image\\\/\",\"url\":\"https:\\\/\\\/preweb.artyplan.com\\\/wp-content\\\/uploads\\\/2025\\\/11\\\/Logo-artyplan-690x690-1.png\",\"contentUrl\":\"https:\\\/\\\/preweb.artyplan.com\\\/wp-content\\\/uploads\\\/2025\\\/11\\\/Logo-artyplan-690x690-1.png\",\"width\":690,\"height\":690,\"caption\":\"Artyplan\"},\"image\":{\"@id\":\"https:\\\/\\\/artyplanevents.com\\\/ca\\\/#\\\/schema\\\/logo\\\/image\\\/\"},\"sameAs\":[\"https:\\\/\\\/www.facebook.com\\\/artyplan\",\"https:\\\/\\\/x.com\\\/artyplan\"]},{\"@type\":\"Person\",\"@id\":\"https:\\\/\\\/artyplanevents.com\\\/ca\\\/#\\\/schema\\\/person\\\/7e099d8fb4e2e75f604bce6a0026fc08\",\"name\":\"jcartagena\",\"image\":{\"@type\":\"ImageObject\",\"inLanguage\":\"ca\",\"@id\":\"https:\\\/\\\/secure.gravatar.com\\\/avatar\\\/74b6898d9dd18bcd06e733678b696165da09bb7631730fd9477d49273abe408c?s=96&d=mm&r=g\",\"url\":\"https:\\\/\\\/secure.gravatar.com\\\/avatar\\\/74b6898d9dd18bcd06e733678b696165da09bb7631730fd9477d49273abe408c?s=96&d=mm&r=g\",\"contentUrl\":\"https:\\\/\\\/secure.gravatar.com\\\/avatar\\\/74b6898d9dd18bcd06e733678b696165da09bb7631730fd9477d49273abe408c?s=96&d=mm&r=g\",\"caption\":\"jcartagena\"},\"sameAs\":[\"https:\\\/\\\/preweb.artyplan.com\"],\"url\":\"https:\\\/\\\/artyplanevents.com\\\/ca\\\/author\\\/jcartagena\\\/\"}]}<\/script>\n<!-- \/ Yoast SEO plugin. -->","yoast_head_json":{"title":"Per qu\u00e8 i com s\u2019ha de preparar un arxiu final per a imprimir? | Artyplan","description":"Saps crear un arxiu final per imprimir? A Artyplan t'expliquem com preparar un arxiu final, consulta als nostres assessors.","robots":{"index":"noindex","follow":"follow","max-snippet":"max-snippet:-1","max-image-preview":"max-image-preview:large","max-video-preview":"max-video-preview:-1"},"og_locale":"ca_ES","og_type":"article","og_title":"Per qu\u00e8 i com s\u2019ha de preparar un arxiu final per a imprimir? | Artyplan","og_description":"Saps crear un arxiu final per imprimir? A Artyplan t'expliquem com preparar un arxiu final, consulta als nostres assessors.","og_url":"https:\/\/artyplanevents.com\/ca\/blog\/per-que-i-com-preparar-arxiu-per-a-imprimir\/","og_site_name":"Artyplan","article_publisher":"https:\/\/www.facebook.com\/artyplan","article_published_time":"2021-07-19T22:00:00+00:00","article_modified_time":"2025-09-07T14:10:05+00:00","og_image":[{"width":1920,"height":600,"url":"https:\/\/artyplanevents.com\/wp-content\/uploads\/2025\/09\/archivo-final-imprenta.png","type":"image\/png"}],"author":"jcartagena","twitter_card":"summary_large_image","twitter_creator":"@artyplan","twitter_site":"@artyplan","twitter_misc":{"Escrit per":"jcartagena","Temps estimat de lectura":"3 minuts"},"schema":{"@context":"https:\/\/schema.org","@graph":[{"@type":"Article","@id":"https:\/\/artyplanevents.com\/ca\/blog\/per-que-i-com-preparar-arxiu-per-a-imprimir\/#article","isPartOf":{"@id":"https:\/\/artyplanevents.com\/ca\/blog\/per-que-i-com-preparar-arxiu-per-a-imprimir\/"},"author":{"name":"jcartagena","@id":"https:\/\/artyplanevents.com\/ca\/#\/schema\/person\/7e099d8fb4e2e75f604bce6a0026fc08"},"headline":"Per qu\u00e8 i com s\u2019ha de preparar un arxiu final per a imprimir?","datePublished":"2021-07-19T22:00:00+00:00","dateModified":"2025-09-07T14:10:05+00:00","mainEntityOfPage":{"@id":"https:\/\/artyplanevents.com\/ca\/blog\/per-que-i-com-preparar-arxiu-per-a-imprimir\/"},"wordCount":687,"publisher":{"@id":"https:\/\/artyplanevents.com\/ca\/#organization"},"image":{"@id":"https:\/\/artyplanevents.com\/ca\/blog\/per-que-i-com-preparar-arxiu-per-a-imprimir\/#primaryimage"},"thumbnailUrl":"https:\/\/artyplanevents.com\/wp-content\/uploads\/2025\/09\/archivo-final-imprenta.png","articleSection":["Noticies"],"inLanguage":"ca"},{"@type":"WebPage","@id":"https:\/\/artyplanevents.com\/ca\/blog\/per-que-i-com-preparar-arxiu-per-a-imprimir\/","url":"https:\/\/artyplanevents.com\/ca\/blog\/per-que-i-com-preparar-arxiu-per-a-imprimir\/","name":"Per qu\u00e8 i com s\u2019ha de preparar un arxiu final per a imprimir? | Artyplan","isPartOf":{"@id":"https:\/\/artyplanevents.com\/ca\/#website"},"primaryImageOfPage":{"@id":"https:\/\/artyplanevents.com\/ca\/blog\/per-que-i-com-preparar-arxiu-per-a-imprimir\/#primaryimage"},"image":{"@id":"https:\/\/artyplanevents.com\/ca\/blog\/per-que-i-com-preparar-arxiu-per-a-imprimir\/#primaryimage"},"thumbnailUrl":"https:\/\/artyplanevents.com\/wp-content\/uploads\/2025\/09\/archivo-final-imprenta.png","datePublished":"2021-07-19T22:00:00+00:00","dateModified":"2025-09-07T14:10:05+00:00","description":"Saps crear un arxiu final per imprimir? A Artyplan t'expliquem com preparar un arxiu final, consulta als nostres assessors.","breadcrumb":{"@id":"https:\/\/artyplanevents.com\/ca\/blog\/per-que-i-com-preparar-arxiu-per-a-imprimir\/#breadcrumb"},"inLanguage":"ca","potentialAction":[{"@type":"ReadAction","target":["https:\/\/artyplanevents.com\/ca\/blog\/per-que-i-com-preparar-arxiu-per-a-imprimir\/"]}]},{"@type":"ImageObject","inLanguage":"ca","@id":"https:\/\/artyplanevents.com\/ca\/blog\/per-que-i-com-preparar-arxiu-per-a-imprimir\/#primaryimage","url":"https:\/\/artyplanevents.com\/wp-content\/uploads\/2025\/09\/archivo-final-imprenta.png","contentUrl":"https:\/\/artyplanevents.com\/wp-content\/uploads\/2025\/09\/archivo-final-imprenta.png","width":1920,"height":600,"caption":"archivo-final"},{"@type":"BreadcrumbList","@id":"https:\/\/artyplanevents.com\/ca\/blog\/per-que-i-com-preparar-arxiu-per-a-imprimir\/#breadcrumb","itemListElement":[{"@type":"ListItem","position":1,"name":"Artyplan","item":"https:\/\/artyplanevents.com\/ca\/"},{"@type":"ListItem","position":2,"name":"Per qu\u00e8 i com s\u2019ha de preparar un arxiu final per a imprimir?"}]},{"@type":"WebSite","@id":"https:\/\/artyplanevents.com\/ca\/#website","url":"https:\/\/artyplanevents.com\/ca\/","name":"Artyplan","description":"","publisher":{"@id":"https:\/\/artyplanevents.com\/ca\/#organization"},"potentialAction":[{"@type":"SearchAction","target":{"@type":"EntryPoint","urlTemplate":"https:\/\/artyplanevents.com\/ca\/?s={search_term_string}"},"query-input":{"@type":"PropertyValueSpecification","valueRequired":true,"valueName":"search_term_string"}}],"inLanguage":"ca"},{"@type":"Organization","@id":"https:\/\/artyplanevents.com\/ca\/#organization","name":"Artyplan","url":"https:\/\/artyplanevents.com\/ca\/","logo":{"@type":"ImageObject","inLanguage":"ca","@id":"https:\/\/artyplanevents.com\/ca\/#\/schema\/logo\/image\/","url":"https:\/\/preweb.artyplan.com\/wp-content\/uploads\/2025\/11\/Logo-artyplan-690x690-1.png","contentUrl":"https:\/\/preweb.artyplan.com\/wp-content\/uploads\/2025\/11\/Logo-artyplan-690x690-1.png","width":690,"height":690,"caption":"Artyplan"},"image":{"@id":"https:\/\/artyplanevents.com\/ca\/#\/schema\/logo\/image\/"},"sameAs":["https:\/\/www.facebook.com\/artyplan","https:\/\/x.com\/artyplan"]},{"@type":"Person","@id":"https:\/\/artyplanevents.com\/ca\/#\/schema\/person\/7e099d8fb4e2e75f604bce6a0026fc08","name":"jcartagena","image":{"@type":"ImageObject","inLanguage":"ca","@id":"https:\/\/secure.gravatar.com\/avatar\/74b6898d9dd18bcd06e733678b696165da09bb7631730fd9477d49273abe408c?s=96&d=mm&r=g","url":"https:\/\/secure.gravatar.com\/avatar\/74b6898d9dd18bcd06e733678b696165da09bb7631730fd9477d49273abe408c?s=96&d=mm&r=g","contentUrl":"https:\/\/secure.gravatar.com\/avatar\/74b6898d9dd18bcd06e733678b696165da09bb7631730fd9477d49273abe408c?s=96&d=mm&r=g","caption":"jcartagena"},"sameAs":["https:\/\/preweb.artyplan.com"],"url":"https:\/\/artyplanevents.com\/ca\/author\/jcartagena\/"}]}},"_links":{"self":[{"href":"https:\/\/artyplanevents.com\/ca\/wp-json\/wp\/v2\/posts\/5174","targetHints":{"allow":["GET"]}}],"collection":[{"href":"https:\/\/artyplanevents.com\/ca\/wp-json\/wp\/v2\/posts"}],"about":[{"href":"https:\/\/artyplanevents.com\/ca\/wp-json\/wp\/v2\/types\/post"}],"author":[{"embeddable":true,"href":"https:\/\/artyplanevents.com\/ca\/wp-json\/wp\/v2\/users\/1"}],"replies":[{"embeddable":true,"href":"https:\/\/artyplanevents.com\/ca\/wp-json\/wp\/v2\/comments?post=5174"}],"version-history":[{"count":1,"href":"https:\/\/artyplanevents.com\/ca\/wp-json\/wp\/v2\/posts\/5174\/revisions"}],"predecessor-version":[{"id":6302,"href":"https:\/\/artyplanevents.com\/ca\/wp-json\/wp\/v2\/posts\/5174\/revisions\/6302"}],"wp:featuredmedia":[{"embeddable":true,"href":"https:\/\/artyplanevents.com\/ca\/wp-json\/wp\/v2\/media\/5173"}],"wp:attachment":[{"href":"https:\/\/artyplanevents.com\/ca\/wp-json\/wp\/v2\/media?parent=5174"}],"wp:term":[{"taxonomy":"category","embeddable":true,"href":"https:\/\/artyplanevents.com\/ca\/wp-json\/wp\/v2\/categories?post=5174"},{"taxonomy":"post_tag","embeddable":true,"href":"https:\/\/artyplanevents.com\/ca\/wp-json\/wp\/v2\/tags?post=5174"}],"curies":[{"name":"wp","href":"https:\/\/api.w.org\/{rel}","templated":true}]}}