{"id":5219,"date":"2021-11-17T00:00:00","date_gmt":"2021-11-16T22:00:00","guid":{"rendered":"https:\/\/preweb.artyplan.com\/sin-categorizar\/impressio-delements-del-pdv-ecologics-nova-tendencia-de-marqueting\/"},"modified":"2025-09-07T16:10:14","modified_gmt":"2025-09-07T14:10:14","slug":"impressio-delements-del-pdv-ecologics-nova-tendencia-de-marqueting","status":"publish","type":"post","link":"https:\/\/artyplanevents.com\/ca\/blog\/impressio-delements-del-pdv-ecologics-nova-tendencia-de-marqueting\/","title":{"rendered":"Impressi\u00f3 d&#8217;elements del PDV ecol\u00f2gics: nova tend\u00e8ncia de m\u00e0rqueting"},"content":{"rendered":"<p>La\u00a0<strong>impressi\u00f3 d\u2019elements del PDV ecol\u00f2gics <\/strong>s\u2019ha convertit en una tend\u00e8ncia consolidada. Sabies que la publicitat en el lloc de venda \u00e9s fonamental per incentivar la comercialitzaci\u00f3 en els comer\u00e7os?<\/p>\n<p>A vegades, les compres per impuls s\u00f3n activades per aquests elements publicitaris. A m\u00e9s a m\u00e9s de la creativitat i el disseny, el format, la ubicaci\u00f3, el preu o el producte promocionat condiciones les reaccions del p\u00fablic.<\/p>\n<p>Actualment, la tend\u00e8ncia ecol\u00f2gica es t\u00e9 cada vegada m\u00e9s en compte. I en el moment en qu\u00e8 les empreses utilitzen materials sostenibles per les seves accions al PDV, s\u2019associen a aquest comprom\u00eds i s\u00f3n m\u00e9s valorades pels seus clients.<\/p>\n<h2><strong>Elements de PDV existents<\/strong><\/h2>\n<p>El cat\u00e0leg de <strong>refer\u00e8ncies i formats per a la publicitat al punt de venda <\/strong>s\u00f3n varis i existeixen multituds de possibilitats que es desenvolupen de manera sostenible. Els elements m\u00e9s emprats en el punt de venda s\u00f3n:<\/p>\n<ol>\n<li>Expositors: amb la finalitat de promoure les vendes mitjan\u00e7ant accions de m\u00e0rqueting.<\/li>\n<li>Cubs: una de les solucions expositives m\u00e9s demanades. El seu alt impacte visual i la seva adaptabilitat a usos i contextos diversos el converteixen en un aliat indispensable d\u2019una campanya promocional.<\/li>\n<li>Cap\u00e7aleres de g\u00f3ndola: \u00e9s el punt de m\u00e0xima comunicaci\u00f3 amb el client dins del PDV, amb dos objectius el de promoure les vendes i obtenir un benefici mutu.<\/li>\n<li>Caixes i box pallets: expositor de productes que permeti paletitzar o emmagatzemar una mercaderia a la vegada que serveix com a expositor comercial.<\/li>\n<li><em>Estands: <\/em>cont\u00e9 el producte, a la vegada que l\u2019exhibeix de forma atractiva.<\/li>\n<li>Cartells penjants: senyalitzaci\u00f3 disponible en diferents materials i que pot instal\u00b7lar-se d\u2019un cant\u00f3 a un altre de la botiga.<\/li>\n<li><em>Displays: <\/em>serveixen per destacar una marca, \u00e9s un m\u00e8tode de publicitat cl\u00e0ssic, per\u00f2 efectiu, ja que amb mitjans quasi limitats s\u2019aconsegueix un impacte molt positiu de perdurabilitat al consumidor.<\/li>\n<li>T\u00f2tems: expositor amb estructura allargada i vertical.<\/li>\n<\/ol>\n<h3><strong>Els elements de PDV i la seva versi\u00f3 ecol\u00f2gica <\/strong><\/h3>\n<p>La creixent sensibilitzaci\u00f3 social i empresarial amb la cura del medi ambient ha perm\u00e8s obtenir nous enfocaments, materials i processos que afavoreixen la <strong>impressi\u00f3 d&#8217;elements PDV sostenibles<\/strong>.<\/p>\n<p>El cart\u00f3 ha substitu\u00eft al pl\u00e0stic i a altres materials similars a l&#8217;hora de crear aquests reclams publicitaris. I no nom\u00e9s aix\u00f2, moltes empreses fan un pas m\u00e9s i utilitzen <strong>cartons elaborats amb material reciclats <\/strong>o amb component innovadors, com \u00a0<strong>la canya de sucre o la patata<\/strong>.<\/p>\n<p>En una altra l\u00ednia d\u2019actuaci\u00f3, no tan id\u00f2nia, per\u00f2 tamb\u00e9 positiva, \u00e9s la d&#8217;escollir <strong>pl\u00e0stics reciclats que es degraden<\/strong>\u00a0amb facilitat o que poden ser reaprofitats amb posterioritat despr\u00e9s d\u2019haver-los dipositat en un contenidor ecol\u00f2gic.<\/p>\n<p>Sempre que puguis escollir, considera que el cart\u00f3 \u00e9s l\u2019opci\u00f3 m\u00e9s sostenible i aposta per ell. Tant la teva marca com el teu planeta sortiran guanyant.<\/p>\n<h2><strong>Per qu\u00e8 has d\u2019apostar pels elements de PDV ecol\u00f2gics?<\/strong><\/h2>\n<p>Avui en dia has d\u2019escollir si o si la <strong>impressi\u00f3 d\u2019elements de PDV sostenibles. <\/strong>La seva import\u00e0ncia comercial en el lloc de venda \u00e9s inq\u00fcestionable. I com qualsevol suport de publicitat, projecta una imatge de marca emocional i favorable en els seus destinataris.<\/p>\n<p>Tingues present que la consci\u00e8ncia ecol\u00f2gica \u00e9s compartida per la majoria dels ciutadans. Si els suports publicitaris que presentes no donen suport a aquests valors sostenibles, crear\u00e0s un distanciament amb el teu p\u00fablic. I al contrari, quan els materials del PDV estiguin fets amb cart\u00f3 o de manera sostenible, els destinataris <strong>connectaran positivament amb el teu negoci<\/strong>.<\/p>\n<p>A m\u00e9s de ser reconeguda com una empresa compromesa amb el medi ambient i activa contra l\u2019escassetat dels recursos naturals, existeixen altres raons valuoses per escollir les impressions i els materials sostenibles.<\/p>\n<p>L\u2019\u00fas del cart\u00f3, per exemple, ofereix <strong>m\u00e0xima versatilitat i possibilitats: <\/strong>un material lleuger, plegable i m\u00e9s f\u00e0cil de transportar. Aquests suports tamb\u00e9 s\u00f3n m\u00e9s econ\u00f2mics, el que converteix aquest element com una alternativa m\u00e9s que interessant.<\/p>\n<p>En qualsevol cas, per imatge, coher\u00e8ncia, comprom\u00eds ambiental, versatilitat i estalvi, la conscienciaci\u00f3 ecol\u00f2gica en el PDV \u00e9s una elecci\u00f3 irrenunciable per l\u2019empresa.<\/p>\n<h2><strong>Artyplan, especialistes al teu servei<\/strong><\/h2>\n<p>Arribats a aquest punt, segur que est\u00e0s m\u00e9s decidit apostar per l\u2019elaboraci\u00f3 ecol\u00f2gica en el PDV, encara que es tracti d\u2019un camp novadors i amb abundants matisos t\u00e8cnics.<\/p>\n<p>Per aix\u00f2 necessites <strong>ser assessorat per experts<\/strong> que coneixen les diferents alternatives i vetllen pels teus interessos. A Artyplan comptem amb una gran experi\u00e8ncia en la innovaci\u00f3 tecnol\u00f2gica per a imprimir.<\/p>\n<p>Deixa que els nostres professionals t\u2019ajudin a prendre les millors decisions en la <strong><a href=\"http:\/\/artyplan.com\/ca\/productes-impressio\/packaging\/plv\/\" target=\"_blank\" rel=\"noopener\">impressi\u00f3 d\u2019elements PDV ecol\u00f2gics<\/a><\/strong>\u00a0per la teva marca. Contacta amb nosaltres! A <u><a href=\"http:\/\/artyplan.com\/ca\/contacte\/\" target=\"_blank\" rel=\"noopener\">Artyplan<\/a><\/u> ens comprometem amb el planeta i amb tu.<\/p>\n","protected":false},"excerpt":{"rendered":"<p>La\u00a0impressi\u00f3 d\u2019elements del PDV ecol\u00f2gics s\u2019ha convertit en una tend\u00e8ncia consolidada. Sabies que la publicitat en el lloc de venda \u00e9s fonamental per incentivar la comercialitzaci\u00f3 en els comer\u00e7os? A vegades, les compres per impuls s\u00f3n activades per aquests elements publicitaris. A m\u00e9s a m\u00e9s de la creativitat i el disseny, el format, la ubicaci\u00f3, [&hellip;]<\/p>\n","protected":false},"author":1,"featured_media":5218,"comment_status":"closed","ping_status":"closed","sticky":false,"template":"","format":"standard","meta":{"footnotes":""},"categories":[34,33],"tags":[],"class_list":["post-5219","post","type-post","status-publish","format-standard","has-post-thumbnail","hentry","category-ecologic","category-noticies"],"yoast_head":"<!-- This site is optimized with the Yoast SEO plugin v27.4 - https:\/\/yoast.com\/product\/yoast-seo-wordpress\/ -->\n<title>Impressi\u00f3 d&#039;elements del PDV ecol\u00f2gics: nova tend\u00e8ncia de m\u00e0rqueting | Artyplan<\/title>\n<meta name=\"description\" content=\"La impressi\u00f3 d&#039;elements PDV ecol\u00f2gics s&#039;ha convertit en una necessitat de m\u00e0rqueting irrenunciable. Descobreix com encertar.\" \/>\n<meta name=\"robots\" content=\"noindex, follow, max-snippet:-1, max-image-preview:large, max-video-preview:-1\" \/>\n<meta property=\"og:locale\" content=\"ca_ES\" \/>\n<meta property=\"og:type\" content=\"article\" \/>\n<meta property=\"og:title\" content=\"Impressi\u00f3 d&#039;elements del PDV ecol\u00f2gics: nova tend\u00e8ncia de m\u00e0rqueting | Artyplan\" \/>\n<meta property=\"og:description\" content=\"La impressi\u00f3 d&#039;elements PDV ecol\u00f2gics s&#039;ha convertit en una necessitat de m\u00e0rqueting irrenunciable. Descobreix com encertar.\" \/>\n<meta property=\"og:url\" content=\"https:\/\/artyplanevents.com\/ca\/blog\/impressio-delements-del-pdv-ecologics-nova-tendencia-de-marqueting\/\" \/>\n<meta property=\"og:site_name\" content=\"Artyplan\" \/>\n<meta property=\"article:publisher\" content=\"https:\/\/www.facebook.com\/artyplan\" \/>\n<meta property=\"article:published_time\" content=\"2021-11-16T22:00:00+00:00\" \/>\n<meta property=\"article:modified_time\" content=\"2025-09-07T14:10:14+00:00\" \/>\n<meta property=\"og:image\" content=\"https:\/\/artyplanevents.com\/wp-content\/uploads\/2025\/09\/plv-ecologicos-artyplan.jpg\" \/>\n\t<meta property=\"og:image:width\" content=\"1920\" \/>\n\t<meta property=\"og:image:height\" content=\"600\" \/>\n\t<meta property=\"og:image:type\" content=\"image\/jpeg\" \/>\n<meta name=\"author\" content=\"jcartagena\" \/>\n<meta name=\"twitter:card\" content=\"summary_large_image\" \/>\n<meta name=\"twitter:creator\" content=\"@artyplan\" \/>\n<meta name=\"twitter:site\" content=\"@artyplan\" \/>\n<meta name=\"twitter:label1\" content=\"Escrit per\" \/>\n\t<meta name=\"twitter:data1\" content=\"jcartagena\" \/>\n\t<meta name=\"twitter:label2\" content=\"Temps estimat de lectura\" \/>\n\t<meta name=\"twitter:data2\" content=\"4 minuts\" \/>\n<script type=\"application\/ld+json\" class=\"yoast-schema-graph\">{\"@context\":\"https:\\\/\\\/schema.org\",\"@graph\":[{\"@type\":\"Article\",\"@id\":\"https:\\\/\\\/artyplanevents.com\\\/ca\\\/blog\\\/impressio-delements-del-pdv-ecologics-nova-tendencia-de-marqueting\\\/#article\",\"isPartOf\":{\"@id\":\"https:\\\/\\\/artyplanevents.com\\\/ca\\\/blog\\\/impressio-delements-del-pdv-ecologics-nova-tendencia-de-marqueting\\\/\"},\"author\":{\"name\":\"jcartagena\",\"@id\":\"https:\\\/\\\/artyplanevents.com\\\/ca\\\/#\\\/schema\\\/person\\\/7e099d8fb4e2e75f604bce6a0026fc08\"},\"headline\":\"Impressi\u00f3 d&#8217;elements del PDV ecol\u00f2gics: nova tend\u00e8ncia de m\u00e0rqueting\",\"datePublished\":\"2021-11-16T22:00:00+00:00\",\"dateModified\":\"2025-09-07T14:10:14+00:00\",\"mainEntityOfPage\":{\"@id\":\"https:\\\/\\\/artyplanevents.com\\\/ca\\\/blog\\\/impressio-delements-del-pdv-ecologics-nova-tendencia-de-marqueting\\\/\"},\"wordCount\":851,\"publisher\":{\"@id\":\"https:\\\/\\\/artyplanevents.com\\\/ca\\\/#organization\"},\"image\":{\"@id\":\"https:\\\/\\\/artyplanevents.com\\\/ca\\\/blog\\\/impressio-delements-del-pdv-ecologics-nova-tendencia-de-marqueting\\\/#primaryimage\"},\"thumbnailUrl\":\"https:\\\/\\\/artyplanevents.com\\\/wp-content\\\/uploads\\\/2025\\\/09\\\/plv-ecologicos-artyplan.jpg\",\"articleSection\":[\"Ecol\u00f2gic\",\"Noticies\"],\"inLanguage\":\"ca\"},{\"@type\":\"WebPage\",\"@id\":\"https:\\\/\\\/artyplanevents.com\\\/ca\\\/blog\\\/impressio-delements-del-pdv-ecologics-nova-tendencia-de-marqueting\\\/\",\"url\":\"https:\\\/\\\/artyplanevents.com\\\/ca\\\/blog\\\/impressio-delements-del-pdv-ecologics-nova-tendencia-de-marqueting\\\/\",\"name\":\"Impressi\u00f3 d'elements del PDV ecol\u00f2gics: nova tend\u00e8ncia de m\u00e0rqueting | Artyplan\",\"isPartOf\":{\"@id\":\"https:\\\/\\\/artyplanevents.com\\\/ca\\\/#website\"},\"primaryImageOfPage\":{\"@id\":\"https:\\\/\\\/artyplanevents.com\\\/ca\\\/blog\\\/impressio-delements-del-pdv-ecologics-nova-tendencia-de-marqueting\\\/#primaryimage\"},\"image\":{\"@id\":\"https:\\\/\\\/artyplanevents.com\\\/ca\\\/blog\\\/impressio-delements-del-pdv-ecologics-nova-tendencia-de-marqueting\\\/#primaryimage\"},\"thumbnailUrl\":\"https:\\\/\\\/artyplanevents.com\\\/wp-content\\\/uploads\\\/2025\\\/09\\\/plv-ecologicos-artyplan.jpg\",\"datePublished\":\"2021-11-16T22:00:00+00:00\",\"dateModified\":\"2025-09-07T14:10:14+00:00\",\"description\":\"La impressi\u00f3 d'elements PDV ecol\u00f2gics s'ha convertit en una necessitat de m\u00e0rqueting irrenunciable. Descobreix com encertar.\",\"breadcrumb\":{\"@id\":\"https:\\\/\\\/artyplanevents.com\\\/ca\\\/blog\\\/impressio-delements-del-pdv-ecologics-nova-tendencia-de-marqueting\\\/#breadcrumb\"},\"inLanguage\":\"ca\",\"potentialAction\":[{\"@type\":\"ReadAction\",\"target\":[\"https:\\\/\\\/artyplanevents.com\\\/ca\\\/blog\\\/impressio-delements-del-pdv-ecologics-nova-tendencia-de-marqueting\\\/\"]}]},{\"@type\":\"ImageObject\",\"inLanguage\":\"ca\",\"@id\":\"https:\\\/\\\/artyplanevents.com\\\/ca\\\/blog\\\/impressio-delements-del-pdv-ecologics-nova-tendencia-de-marqueting\\\/#primaryimage\",\"url\":\"https:\\\/\\\/artyplanevents.com\\\/wp-content\\\/uploads\\\/2025\\\/09\\\/plv-ecologicos-artyplan.jpg\",\"contentUrl\":\"https:\\\/\\\/artyplanevents.com\\\/wp-content\\\/uploads\\\/2025\\\/09\\\/plv-ecologicos-artyplan.jpg\",\"width\":1920,\"height\":600,\"caption\":\"pdv-ecologics-artyplan\"},{\"@type\":\"BreadcrumbList\",\"@id\":\"https:\\\/\\\/artyplanevents.com\\\/ca\\\/blog\\\/impressio-delements-del-pdv-ecologics-nova-tendencia-de-marqueting\\\/#breadcrumb\",\"itemListElement\":[{\"@type\":\"ListItem\",\"position\":1,\"name\":\"Artyplan\",\"item\":\"https:\\\/\\\/artyplanevents.com\\\/ca\\\/\"},{\"@type\":\"ListItem\",\"position\":2,\"name\":\"Impressi\u00f3 d&#8217;elements del PDV ecol\u00f2gics: nova tend\u00e8ncia de m\u00e0rqueting\"}]},{\"@type\":\"WebSite\",\"@id\":\"https:\\\/\\\/artyplanevents.com\\\/ca\\\/#website\",\"url\":\"https:\\\/\\\/artyplanevents.com\\\/ca\\\/\",\"name\":\"Artyplan\",\"description\":\"\",\"publisher\":{\"@id\":\"https:\\\/\\\/artyplanevents.com\\\/ca\\\/#organization\"},\"potentialAction\":[{\"@type\":\"SearchAction\",\"target\":{\"@type\":\"EntryPoint\",\"urlTemplate\":\"https:\\\/\\\/artyplanevents.com\\\/ca\\\/?s={search_term_string}\"},\"query-input\":{\"@type\":\"PropertyValueSpecification\",\"valueRequired\":true,\"valueName\":\"search_term_string\"}}],\"inLanguage\":\"ca\"},{\"@type\":\"Organization\",\"@id\":\"https:\\\/\\\/artyplanevents.com\\\/ca\\\/#organization\",\"name\":\"Artyplan\",\"url\":\"https:\\\/\\\/artyplanevents.com\\\/ca\\\/\",\"logo\":{\"@type\":\"ImageObject\",\"inLanguage\":\"ca\",\"@id\":\"https:\\\/\\\/artyplanevents.com\\\/ca\\\/#\\\/schema\\\/logo\\\/image\\\/\",\"url\":\"https:\\\/\\\/preweb.artyplan.com\\\/wp-content\\\/uploads\\\/2025\\\/11\\\/Logo-artyplan-690x690-1.png\",\"contentUrl\":\"https:\\\/\\\/preweb.artyplan.com\\\/wp-content\\\/uploads\\\/2025\\\/11\\\/Logo-artyplan-690x690-1.png\",\"width\":690,\"height\":690,\"caption\":\"Artyplan\"},\"image\":{\"@id\":\"https:\\\/\\\/artyplanevents.com\\\/ca\\\/#\\\/schema\\\/logo\\\/image\\\/\"},\"sameAs\":[\"https:\\\/\\\/www.facebook.com\\\/artyplan\",\"https:\\\/\\\/x.com\\\/artyplan\"]},{\"@type\":\"Person\",\"@id\":\"https:\\\/\\\/artyplanevents.com\\\/ca\\\/#\\\/schema\\\/person\\\/7e099d8fb4e2e75f604bce6a0026fc08\",\"name\":\"jcartagena\",\"image\":{\"@type\":\"ImageObject\",\"inLanguage\":\"ca\",\"@id\":\"https:\\\/\\\/secure.gravatar.com\\\/avatar\\\/74b6898d9dd18bcd06e733678b696165da09bb7631730fd9477d49273abe408c?s=96&d=mm&r=g\",\"url\":\"https:\\\/\\\/secure.gravatar.com\\\/avatar\\\/74b6898d9dd18bcd06e733678b696165da09bb7631730fd9477d49273abe408c?s=96&d=mm&r=g\",\"contentUrl\":\"https:\\\/\\\/secure.gravatar.com\\\/avatar\\\/74b6898d9dd18bcd06e733678b696165da09bb7631730fd9477d49273abe408c?s=96&d=mm&r=g\",\"caption\":\"jcartagena\"},\"sameAs\":[\"https:\\\/\\\/preweb.artyplan.com\"],\"url\":\"https:\\\/\\\/artyplanevents.com\\\/ca\\\/author\\\/jcartagena\\\/\"}]}<\/script>\n<!-- \/ Yoast SEO plugin. -->","yoast_head_json":{"title":"Impressi\u00f3 d'elements del PDV ecol\u00f2gics: nova tend\u00e8ncia de m\u00e0rqueting | Artyplan","description":"La impressi\u00f3 d'elements PDV ecol\u00f2gics s'ha convertit en una necessitat de m\u00e0rqueting irrenunciable. Descobreix com encertar.","robots":{"index":"noindex","follow":"follow","max-snippet":"max-snippet:-1","max-image-preview":"max-image-preview:large","max-video-preview":"max-video-preview:-1"},"og_locale":"ca_ES","og_type":"article","og_title":"Impressi\u00f3 d'elements del PDV ecol\u00f2gics: nova tend\u00e8ncia de m\u00e0rqueting | Artyplan","og_description":"La impressi\u00f3 d'elements PDV ecol\u00f2gics s'ha convertit en una necessitat de m\u00e0rqueting irrenunciable. Descobreix com encertar.","og_url":"https:\/\/artyplanevents.com\/ca\/blog\/impressio-delements-del-pdv-ecologics-nova-tendencia-de-marqueting\/","og_site_name":"Artyplan","article_publisher":"https:\/\/www.facebook.com\/artyplan","article_published_time":"2021-11-16T22:00:00+00:00","article_modified_time":"2025-09-07T14:10:14+00:00","og_image":[{"width":1920,"height":600,"url":"https:\/\/artyplanevents.com\/wp-content\/uploads\/2025\/09\/plv-ecologicos-artyplan.jpg","type":"image\/jpeg"}],"author":"jcartagena","twitter_card":"summary_large_image","twitter_creator":"@artyplan","twitter_site":"@artyplan","twitter_misc":{"Escrit per":"jcartagena","Temps estimat de lectura":"4 minuts"},"schema":{"@context":"https:\/\/schema.org","@graph":[{"@type":"Article","@id":"https:\/\/artyplanevents.com\/ca\/blog\/impressio-delements-del-pdv-ecologics-nova-tendencia-de-marqueting\/#article","isPartOf":{"@id":"https:\/\/artyplanevents.com\/ca\/blog\/impressio-delements-del-pdv-ecologics-nova-tendencia-de-marqueting\/"},"author":{"name":"jcartagena","@id":"https:\/\/artyplanevents.com\/ca\/#\/schema\/person\/7e099d8fb4e2e75f604bce6a0026fc08"},"headline":"Impressi\u00f3 d&#8217;elements del PDV ecol\u00f2gics: nova tend\u00e8ncia de m\u00e0rqueting","datePublished":"2021-11-16T22:00:00+00:00","dateModified":"2025-09-07T14:10:14+00:00","mainEntityOfPage":{"@id":"https:\/\/artyplanevents.com\/ca\/blog\/impressio-delements-del-pdv-ecologics-nova-tendencia-de-marqueting\/"},"wordCount":851,"publisher":{"@id":"https:\/\/artyplanevents.com\/ca\/#organization"},"image":{"@id":"https:\/\/artyplanevents.com\/ca\/blog\/impressio-delements-del-pdv-ecologics-nova-tendencia-de-marqueting\/#primaryimage"},"thumbnailUrl":"https:\/\/artyplanevents.com\/wp-content\/uploads\/2025\/09\/plv-ecologicos-artyplan.jpg","articleSection":["Ecol\u00f2gic","Noticies"],"inLanguage":"ca"},{"@type":"WebPage","@id":"https:\/\/artyplanevents.com\/ca\/blog\/impressio-delements-del-pdv-ecologics-nova-tendencia-de-marqueting\/","url":"https:\/\/artyplanevents.com\/ca\/blog\/impressio-delements-del-pdv-ecologics-nova-tendencia-de-marqueting\/","name":"Impressi\u00f3 d'elements del PDV ecol\u00f2gics: nova tend\u00e8ncia de m\u00e0rqueting | Artyplan","isPartOf":{"@id":"https:\/\/artyplanevents.com\/ca\/#website"},"primaryImageOfPage":{"@id":"https:\/\/artyplanevents.com\/ca\/blog\/impressio-delements-del-pdv-ecologics-nova-tendencia-de-marqueting\/#primaryimage"},"image":{"@id":"https:\/\/artyplanevents.com\/ca\/blog\/impressio-delements-del-pdv-ecologics-nova-tendencia-de-marqueting\/#primaryimage"},"thumbnailUrl":"https:\/\/artyplanevents.com\/wp-content\/uploads\/2025\/09\/plv-ecologicos-artyplan.jpg","datePublished":"2021-11-16T22:00:00+00:00","dateModified":"2025-09-07T14:10:14+00:00","description":"La impressi\u00f3 d'elements PDV ecol\u00f2gics s'ha convertit en una necessitat de m\u00e0rqueting irrenunciable. Descobreix com encertar.","breadcrumb":{"@id":"https:\/\/artyplanevents.com\/ca\/blog\/impressio-delements-del-pdv-ecologics-nova-tendencia-de-marqueting\/#breadcrumb"},"inLanguage":"ca","potentialAction":[{"@type":"ReadAction","target":["https:\/\/artyplanevents.com\/ca\/blog\/impressio-delements-del-pdv-ecologics-nova-tendencia-de-marqueting\/"]}]},{"@type":"ImageObject","inLanguage":"ca","@id":"https:\/\/artyplanevents.com\/ca\/blog\/impressio-delements-del-pdv-ecologics-nova-tendencia-de-marqueting\/#primaryimage","url":"https:\/\/artyplanevents.com\/wp-content\/uploads\/2025\/09\/plv-ecologicos-artyplan.jpg","contentUrl":"https:\/\/artyplanevents.com\/wp-content\/uploads\/2025\/09\/plv-ecologicos-artyplan.jpg","width":1920,"height":600,"caption":"pdv-ecologics-artyplan"},{"@type":"BreadcrumbList","@id":"https:\/\/artyplanevents.com\/ca\/blog\/impressio-delements-del-pdv-ecologics-nova-tendencia-de-marqueting\/#breadcrumb","itemListElement":[{"@type":"ListItem","position":1,"name":"Artyplan","item":"https:\/\/artyplanevents.com\/ca\/"},{"@type":"ListItem","position":2,"name":"Impressi\u00f3 d&#8217;elements del PDV ecol\u00f2gics: nova tend\u00e8ncia de m\u00e0rqueting"}]},{"@type":"WebSite","@id":"https:\/\/artyplanevents.com\/ca\/#website","url":"https:\/\/artyplanevents.com\/ca\/","name":"Artyplan","description":"","publisher":{"@id":"https:\/\/artyplanevents.com\/ca\/#organization"},"potentialAction":[{"@type":"SearchAction","target":{"@type":"EntryPoint","urlTemplate":"https:\/\/artyplanevents.com\/ca\/?s={search_term_string}"},"query-input":{"@type":"PropertyValueSpecification","valueRequired":true,"valueName":"search_term_string"}}],"inLanguage":"ca"},{"@type":"Organization","@id":"https:\/\/artyplanevents.com\/ca\/#organization","name":"Artyplan","url":"https:\/\/artyplanevents.com\/ca\/","logo":{"@type":"ImageObject","inLanguage":"ca","@id":"https:\/\/artyplanevents.com\/ca\/#\/schema\/logo\/image\/","url":"https:\/\/preweb.artyplan.com\/wp-content\/uploads\/2025\/11\/Logo-artyplan-690x690-1.png","contentUrl":"https:\/\/preweb.artyplan.com\/wp-content\/uploads\/2025\/11\/Logo-artyplan-690x690-1.png","width":690,"height":690,"caption":"Artyplan"},"image":{"@id":"https:\/\/artyplanevents.com\/ca\/#\/schema\/logo\/image\/"},"sameAs":["https:\/\/www.facebook.com\/artyplan","https:\/\/x.com\/artyplan"]},{"@type":"Person","@id":"https:\/\/artyplanevents.com\/ca\/#\/schema\/person\/7e099d8fb4e2e75f604bce6a0026fc08","name":"jcartagena","image":{"@type":"ImageObject","inLanguage":"ca","@id":"https:\/\/secure.gravatar.com\/avatar\/74b6898d9dd18bcd06e733678b696165da09bb7631730fd9477d49273abe408c?s=96&d=mm&r=g","url":"https:\/\/secure.gravatar.com\/avatar\/74b6898d9dd18bcd06e733678b696165da09bb7631730fd9477d49273abe408c?s=96&d=mm&r=g","contentUrl":"https:\/\/secure.gravatar.com\/avatar\/74b6898d9dd18bcd06e733678b696165da09bb7631730fd9477d49273abe408c?s=96&d=mm&r=g","caption":"jcartagena"},"sameAs":["https:\/\/preweb.artyplan.com"],"url":"https:\/\/artyplanevents.com\/ca\/author\/jcartagena\/"}]}},"_links":{"self":[{"href":"https:\/\/artyplanevents.com\/ca\/wp-json\/wp\/v2\/posts\/5219","targetHints":{"allow":["GET"]}}],"collection":[{"href":"https:\/\/artyplanevents.com\/ca\/wp-json\/wp\/v2\/posts"}],"about":[{"href":"https:\/\/artyplanevents.com\/ca\/wp-json\/wp\/v2\/types\/post"}],"author":[{"embeddable":true,"href":"https:\/\/artyplanevents.com\/ca\/wp-json\/wp\/v2\/users\/1"}],"replies":[{"embeddable":true,"href":"https:\/\/artyplanevents.com\/ca\/wp-json\/wp\/v2\/comments?post=5219"}],"version-history":[{"count":1,"href":"https:\/\/artyplanevents.com\/ca\/wp-json\/wp\/v2\/posts\/5219\/revisions"}],"predecessor-version":[{"id":6332,"href":"https:\/\/artyplanevents.com\/ca\/wp-json\/wp\/v2\/posts\/5219\/revisions\/6332"}],"wp:featuredmedia":[{"embeddable":true,"href":"https:\/\/artyplanevents.com\/ca\/wp-json\/wp\/v2\/media\/5218"}],"wp:attachment":[{"href":"https:\/\/artyplanevents.com\/ca\/wp-json\/wp\/v2\/media?parent=5219"}],"wp:term":[{"taxonomy":"category","embeddable":true,"href":"https:\/\/artyplanevents.com\/ca\/wp-json\/wp\/v2\/categories?post=5219"},{"taxonomy":"post_tag","embeddable":true,"href":"https:\/\/artyplanevents.com\/ca\/wp-json\/wp\/v2\/tags?post=5219"}],"curies":[{"name":"wp","href":"https:\/\/api.w.org\/{rel}","templated":true}]}}