{"id":5255,"date":"2022-02-11T00:00:00","date_gmt":"2022-02-10T22:00:00","guid":{"rendered":"https:\/\/preweb.artyplan.com\/sin-categorizar\/floor-stand-per-seduir-en-el-punt-de-venda\/"},"modified":"2025-09-07T16:10:33","modified_gmt":"2025-09-07T14:10:33","slug":"floor-stand-per-seduir-en-el-punt-de-venda","status":"publish","type":"post","link":"https:\/\/artyplanevents.com\/ca\/blog\/floor-stand-per-seduir-en-el-punt-de-venda\/","title":{"rendered":"Floor stand: per atreure en el punt de venda"},"content":{"rendered":"<p>Un\u00a0<strong><em>floor stand<\/em><\/strong>\u00a0\u00e9s un recurs de <em>m\u00e0rqueting<\/em> valuos\u00edssim pel punt de venda. Proporciona visibilitat, notorietat i imatge de marca, al mateix temps que \u00a0potencia la compra per impuls. Per tant, en els establiments comercials i les fires poden resultar absolutament positius.<\/p>\n<h2>Qu\u00e8 \u00e9s un <em>floor stand<\/em>?<\/h2>\n<p>En catal\u00e0, es podria anomenar <a href=\"http:\/\/artyplan.com\/ca\/productes-impressio\/packaging\/plv\/\" target=\"_blank\" rel=\"noopener\"><strong>expositor de terra<\/strong><\/a>\u00a0i, en general, s\u2019ubica recolzat en ell en espais amb bastant tr\u00e0nsit de p\u00fablic. \u00c9s una fant\u00e0stica eina de <strong>publicitat en el lloc de venda<\/strong>\u00a0perqu\u00e8, a m\u00e9s de comunicar missatges, possibilita col\u00b7locar productes i destacar-los fora del lineal. Aix\u00ed, els teus articles resulten molt m\u00e9s visibles i atractiu.<\/p>\n<p>A l\u2019hora de configurar aquests estands, \u00e9s important tenir molt clar les seves caracter\u00edstiques i la finalitat d\u2019\u00fas. En aquest sentit, existeixen dues modalitats clarament diferenciades:<\/p>\n<ul>\n<li>Expositors que s\u2019envien plegats i es munten despr\u00e9s de l\u2019entrega en el dest\u00ed.<\/li>\n<li>Expositors que es traslladen tal com aniran col\u00b7locats. En aquest cas, n\u2019hi ha que es reparteixen carregat de producte i altres buits, per la qual cosa s\u2019ha de carregar el contingut despr\u00e9s d\u2019ubicar-los.<\/li>\n<\/ul>\n<p>Un dels criteris fonamentals que s\u2019ha de plantejar en concebre aquests expositors \u00e9s quant de temps s\u2019utilitzaran:<\/p>\n<ul>\n<li>Si\u00a0<strong>la campanya \u00e9s temporal<\/strong>, el m\u00e9s recomanable \u00e9s utilitzar materials m\u00e9s econ\u00f2mics, com el cart\u00f3.<\/li>\n<li>Si\u00a0<strong>la campanya \u00e9s permanent<\/strong>, la fusta, el pl\u00e0stic i el metall garanteixen la durabilitat requerida.<\/li>\n<\/ul>\n<h2>Quina classe de\u00a0<em>floor stand<\/em>\u00a0existeixen actualment?<\/h2>\n<p>Els avan\u00e7os tecnol\u00f2gics en la impressi\u00f3 convencional i de gran format possibiliten comptar amb <strong>solucions cada vegada m\u00e9s innovadores, incl\u00fas personalitzades. \u00a0<\/strong>De fet, aquesta \u00e9s la primera classificaci\u00f3 que s\u2019hauria de realitzar entre els expositors de terra:<\/p>\n<ul>\n<li><strong>Est\u00e0ndards<\/strong>. Es fan en s\u00e8rie i tenen dimensions, formats i caracter\u00edstiques invariables. Per a personalitzar-los, \u00e9s necessari dur a terme algunes tasques complement\u00e0ries, com retolar-los, col\u00b7locar cartells o vinils, etc.<\/li>\n<li><strong>Personalitzats<\/strong>. El client defineix quines caracter\u00edstiques concretes precisa i un prove\u00efdor especialitzat duu a terme el seu enc\u00e0rrec. El cost per unitat sol ser major, per\u00f2 el resultat s\u2019adapta exactament a les necessitats espec\u00edfiques requerides. A m\u00e9s, el disseny gr\u00e0fic ser\u00e0 exactament com es porti a cap.<\/li>\n<li><strong>Mixtes<\/strong>. En general, s\u2019utilitzen estructures modulars o produ\u00efdes en s\u00e8rie, per\u00f2 el proc\u00e9s inclou la possibilitat de personalitzar algunes de les seves caracter\u00edstiques.<\/li>\n<\/ul>\n<p>Les dimensions i el disseny s\u00f3n dos aspectes molt variables. Hi ha formats circulars, modulars (formats per blocs independents que es combinen al gust del client), giratoris, extensibles, amb il\u00b7luminaci\u00f3 i amb diferents nivells distribu\u00efts en disposici\u00f3 d\u2019escala.<\/p>\n<h3>Segons el material<\/h3>\n<p>Una altra classificaci\u00f3 interessant fa refer\u00e8ncia al material d\u2019elaboraci\u00f3. \u00a0Actualment,\u00a0<strong>el cart\u00f3 \u00e9s una de les opcions m\u00e9s populars i vers\u00e0tils<\/strong>, ja que \u00e9s econ\u00f2mic, molt mal\u00b7leable pel seu poc pes, sostenible i perfecte per a fer-lo servir en una durada curta. \u00a0\u00a0Aquests expositors, a m\u00e9s a m\u00e9s, s\u00f3n els m\u00e9s f\u00e0cils de personalitzar i els m\u00e9s pr\u00e0ctics, perqu\u00e8 s\u2019envien plegats i els seus muntatges resulta molt senzill.<\/p>\n<p>Els\u00a0<strong><em>floor stand<\/em>\u00a0de fusta<\/strong>\u00a0s\u00f3n funcionals i de preus assequibles, transmeten una imatge molt cuidada. Solen utilitzar-se per instal\u00b7lacions m\u00e9s permanents.<\/p>\n<p>Entre aquestes dues alternatives, hi ha una gran varietat de possibilitat com el\u00a0<strong>metall<\/strong>\u00a0(s\u00f3n m\u00e9s cars, i traslladar-los \u00e9s complex, s\u2019utilitzen per instal\u00b7lacions permanents) i el <strong>termo format<\/strong>, una elaboraci\u00f3 en pl\u00e0stic r\u00e0pid i bastant assequible.<\/p>\n<p>L\u2019\u00faltima opci\u00f3 s\u00f3n els expositors <strong>h\u00edbrids<\/strong>, creacions que combinen varis dels materials assenyalats per a aprofitar els seus avantatges i compensar els inconvenients. Si contactes amb el prove\u00efdor adequat, obtindr\u00e0s exactament l\u2019expositor que necessites.<\/p>\n<p>A\u00a0<strong>Artyplan<\/strong>\u00a0fa anys que dissenyem i creem aquests elements essencials pel teu lloc de venda. Si est\u00e0s buscant una soluci\u00f3 perfecta, contacta amb nosaltres. Et preparem el teu <strong>projecte personalitzat de <em>floor stand<\/em>. <\/strong><\/p>\n","protected":false},"excerpt":{"rendered":"<p>Un\u00a0floor stand\u00a0\u00e9s un recurs de m\u00e0rqueting valuos\u00edssim pel punt de venda. Proporciona visibilitat, notorietat i imatge de marca, al mateix temps que \u00a0potencia la compra per impuls. Per tant, en els establiments comercials i les fires poden resultar absolutament positius. Qu\u00e8 \u00e9s un floor stand? En catal\u00e0, es podria anomenar expositor de terra\u00a0i, en general, [&hellip;]<\/p>\n","protected":false},"author":1,"featured_media":5254,"comment_status":"closed","ping_status":"closed","sticky":false,"template":"","format":"standard","meta":{"footnotes":""},"categories":[34,33],"tags":[],"class_list":["post-5255","post","type-post","status-publish","format-standard","has-post-thumbnail","hentry","category-ecologic","category-noticies"],"yoast_head":"<!-- This site is optimized with the Yoast SEO plugin v27.4 - https:\/\/yoast.com\/product\/yoast-seo-wordpress\/ -->\n<title>Floor stand: per atreure en el punt de venda | Artyplan<\/title>\n<meta name=\"description\" content=\"Un floor stand \u00e9s un recurs de m\u00e0rqueting pel PdV. Descobreix qu\u00e8 \u00e9s un floor stand i quines classes hi ha en el seg\u00fcent article\" \/>\n<meta name=\"robots\" content=\"noindex, follow, max-snippet:-1, max-image-preview:large, max-video-preview:-1\" \/>\n<meta property=\"og:locale\" content=\"ca_ES\" \/>\n<meta property=\"og:type\" content=\"article\" \/>\n<meta property=\"og:title\" content=\"Floor stand: per atreure en el punt de venda | Artyplan\" \/>\n<meta property=\"og:description\" content=\"Un floor stand \u00e9s un recurs de m\u00e0rqueting pel PdV. Descobreix qu\u00e8 \u00e9s un floor stand i quines classes hi ha en el seg\u00fcent article\" \/>\n<meta property=\"og:url\" content=\"https:\/\/artyplanevents.com\/ca\/blog\/floor-stand-per-seduir-en-el-punt-de-venda\/\" \/>\n<meta property=\"og:site_name\" content=\"Artyplan\" \/>\n<meta property=\"article:publisher\" content=\"https:\/\/www.facebook.com\/artyplan\" \/>\n<meta property=\"article:published_time\" content=\"2022-02-10T22:00:00+00:00\" \/>\n<meta property=\"article:modified_time\" content=\"2025-09-07T14:10:33+00:00\" \/>\n<meta property=\"og:image\" content=\"https:\/\/artyplanevents.com\/wp-content\/uploads\/2025\/09\/floor-stand-que-es.jpg\" \/>\n\t<meta property=\"og:image:width\" content=\"1920\" \/>\n\t<meta property=\"og:image:height\" content=\"600\" \/>\n\t<meta property=\"og:image:type\" content=\"image\/jpeg\" \/>\n<meta name=\"author\" content=\"jcartagena\" \/>\n<meta name=\"twitter:card\" content=\"summary_large_image\" \/>\n<meta name=\"twitter:creator\" content=\"@artyplan\" \/>\n<meta name=\"twitter:site\" content=\"@artyplan\" \/>\n<meta name=\"twitter:label1\" content=\"Escrit per\" \/>\n\t<meta name=\"twitter:data1\" content=\"jcartagena\" \/>\n\t<meta name=\"twitter:label2\" content=\"Temps estimat de lectura\" \/>\n\t<meta name=\"twitter:data2\" content=\"3 minuts\" \/>\n<script type=\"application\/ld+json\" class=\"yoast-schema-graph\">{\"@context\":\"https:\\\/\\\/schema.org\",\"@graph\":[{\"@type\":\"Article\",\"@id\":\"https:\\\/\\\/artyplanevents.com\\\/ca\\\/blog\\\/floor-stand-per-seduir-en-el-punt-de-venda\\\/#article\",\"isPartOf\":{\"@id\":\"https:\\\/\\\/artyplanevents.com\\\/ca\\\/blog\\\/floor-stand-per-seduir-en-el-punt-de-venda\\\/\"},\"author\":{\"name\":\"jcartagena\",\"@id\":\"https:\\\/\\\/artyplanevents.com\\\/ca\\\/#\\\/schema\\\/person\\\/7e099d8fb4e2e75f604bce6a0026fc08\"},\"headline\":\"Floor stand: per atreure en el punt de venda\",\"datePublished\":\"2022-02-10T22:00:00+00:00\",\"dateModified\":\"2025-09-07T14:10:33+00:00\",\"mainEntityOfPage\":{\"@id\":\"https:\\\/\\\/artyplanevents.com\\\/ca\\\/blog\\\/floor-stand-per-seduir-en-el-punt-de-venda\\\/\"},\"wordCount\":696,\"publisher\":{\"@id\":\"https:\\\/\\\/artyplanevents.com\\\/ca\\\/#organization\"},\"image\":{\"@id\":\"https:\\\/\\\/artyplanevents.com\\\/ca\\\/blog\\\/floor-stand-per-seduir-en-el-punt-de-venda\\\/#primaryimage\"},\"thumbnailUrl\":\"https:\\\/\\\/artyplanevents.com\\\/wp-content\\\/uploads\\\/2025\\\/09\\\/floor-stand-que-es.jpg\",\"articleSection\":[\"Ecol\u00f2gic\",\"Noticies\"],\"inLanguage\":\"ca\"},{\"@type\":\"WebPage\",\"@id\":\"https:\\\/\\\/artyplanevents.com\\\/ca\\\/blog\\\/floor-stand-per-seduir-en-el-punt-de-venda\\\/\",\"url\":\"https:\\\/\\\/artyplanevents.com\\\/ca\\\/blog\\\/floor-stand-per-seduir-en-el-punt-de-venda\\\/\",\"name\":\"Floor stand: per atreure en el punt de venda | Artyplan\",\"isPartOf\":{\"@id\":\"https:\\\/\\\/artyplanevents.com\\\/ca\\\/#website\"},\"primaryImageOfPage\":{\"@id\":\"https:\\\/\\\/artyplanevents.com\\\/ca\\\/blog\\\/floor-stand-per-seduir-en-el-punt-de-venda\\\/#primaryimage\"},\"image\":{\"@id\":\"https:\\\/\\\/artyplanevents.com\\\/ca\\\/blog\\\/floor-stand-per-seduir-en-el-punt-de-venda\\\/#primaryimage\"},\"thumbnailUrl\":\"https:\\\/\\\/artyplanevents.com\\\/wp-content\\\/uploads\\\/2025\\\/09\\\/floor-stand-que-es.jpg\",\"datePublished\":\"2022-02-10T22:00:00+00:00\",\"dateModified\":\"2025-09-07T14:10:33+00:00\",\"description\":\"Un floor stand \u00e9s un recurs de m\u00e0rqueting pel PdV. Descobreix qu\u00e8 \u00e9s un floor stand i quines classes hi ha en el seg\u00fcent article\",\"breadcrumb\":{\"@id\":\"https:\\\/\\\/artyplanevents.com\\\/ca\\\/blog\\\/floor-stand-per-seduir-en-el-punt-de-venda\\\/#breadcrumb\"},\"inLanguage\":\"ca\",\"potentialAction\":[{\"@type\":\"ReadAction\",\"target\":[\"https:\\\/\\\/artyplanevents.com\\\/ca\\\/blog\\\/floor-stand-per-seduir-en-el-punt-de-venda\\\/\"]}]},{\"@type\":\"ImageObject\",\"inLanguage\":\"ca\",\"@id\":\"https:\\\/\\\/artyplanevents.com\\\/ca\\\/blog\\\/floor-stand-per-seduir-en-el-punt-de-venda\\\/#primaryimage\",\"url\":\"https:\\\/\\\/artyplanevents.com\\\/wp-content\\\/uploads\\\/2025\\\/09\\\/floor-stand-que-es.jpg\",\"contentUrl\":\"https:\\\/\\\/artyplanevents.com\\\/wp-content\\\/uploads\\\/2025\\\/09\\\/floor-stand-que-es.jpg\",\"width\":1920,\"height\":600,\"caption\":\"floor-stand-que-es\"},{\"@type\":\"BreadcrumbList\",\"@id\":\"https:\\\/\\\/artyplanevents.com\\\/ca\\\/blog\\\/floor-stand-per-seduir-en-el-punt-de-venda\\\/#breadcrumb\",\"itemListElement\":[{\"@type\":\"ListItem\",\"position\":1,\"name\":\"Artyplan\",\"item\":\"https:\\\/\\\/artyplanevents.com\\\/ca\\\/\"},{\"@type\":\"ListItem\",\"position\":2,\"name\":\"Floor stand: per atreure en el punt de venda\"}]},{\"@type\":\"WebSite\",\"@id\":\"https:\\\/\\\/artyplanevents.com\\\/ca\\\/#website\",\"url\":\"https:\\\/\\\/artyplanevents.com\\\/ca\\\/\",\"name\":\"Artyplan\",\"description\":\"\",\"publisher\":{\"@id\":\"https:\\\/\\\/artyplanevents.com\\\/ca\\\/#organization\"},\"potentialAction\":[{\"@type\":\"SearchAction\",\"target\":{\"@type\":\"EntryPoint\",\"urlTemplate\":\"https:\\\/\\\/artyplanevents.com\\\/ca\\\/?s={search_term_string}\"},\"query-input\":{\"@type\":\"PropertyValueSpecification\",\"valueRequired\":true,\"valueName\":\"search_term_string\"}}],\"inLanguage\":\"ca\"},{\"@type\":\"Organization\",\"@id\":\"https:\\\/\\\/artyplanevents.com\\\/ca\\\/#organization\",\"name\":\"Artyplan\",\"url\":\"https:\\\/\\\/artyplanevents.com\\\/ca\\\/\",\"logo\":{\"@type\":\"ImageObject\",\"inLanguage\":\"ca\",\"@id\":\"https:\\\/\\\/artyplanevents.com\\\/ca\\\/#\\\/schema\\\/logo\\\/image\\\/\",\"url\":\"https:\\\/\\\/preweb.artyplan.com\\\/wp-content\\\/uploads\\\/2025\\\/11\\\/Logo-artyplan-690x690-1.png\",\"contentUrl\":\"https:\\\/\\\/preweb.artyplan.com\\\/wp-content\\\/uploads\\\/2025\\\/11\\\/Logo-artyplan-690x690-1.png\",\"width\":690,\"height\":690,\"caption\":\"Artyplan\"},\"image\":{\"@id\":\"https:\\\/\\\/artyplanevents.com\\\/ca\\\/#\\\/schema\\\/logo\\\/image\\\/\"},\"sameAs\":[\"https:\\\/\\\/www.facebook.com\\\/artyplan\",\"https:\\\/\\\/x.com\\\/artyplan\"]},{\"@type\":\"Person\",\"@id\":\"https:\\\/\\\/artyplanevents.com\\\/ca\\\/#\\\/schema\\\/person\\\/7e099d8fb4e2e75f604bce6a0026fc08\",\"name\":\"jcartagena\",\"image\":{\"@type\":\"ImageObject\",\"inLanguage\":\"ca\",\"@id\":\"https:\\\/\\\/secure.gravatar.com\\\/avatar\\\/74b6898d9dd18bcd06e733678b696165da09bb7631730fd9477d49273abe408c?s=96&d=mm&r=g\",\"url\":\"https:\\\/\\\/secure.gravatar.com\\\/avatar\\\/74b6898d9dd18bcd06e733678b696165da09bb7631730fd9477d49273abe408c?s=96&d=mm&r=g\",\"contentUrl\":\"https:\\\/\\\/secure.gravatar.com\\\/avatar\\\/74b6898d9dd18bcd06e733678b696165da09bb7631730fd9477d49273abe408c?s=96&d=mm&r=g\",\"caption\":\"jcartagena\"},\"sameAs\":[\"https:\\\/\\\/preweb.artyplan.com\"],\"url\":\"https:\\\/\\\/artyplanevents.com\\\/ca\\\/author\\\/jcartagena\\\/\"}]}<\/script>\n<!-- \/ Yoast SEO plugin. -->","yoast_head_json":{"title":"Floor stand: per atreure en el punt de venda | Artyplan","description":"Un floor stand \u00e9s un recurs de m\u00e0rqueting pel PdV. Descobreix qu\u00e8 \u00e9s un floor stand i quines classes hi ha en el seg\u00fcent article","robots":{"index":"noindex","follow":"follow","max-snippet":"max-snippet:-1","max-image-preview":"max-image-preview:large","max-video-preview":"max-video-preview:-1"},"og_locale":"ca_ES","og_type":"article","og_title":"Floor stand: per atreure en el punt de venda | Artyplan","og_description":"Un floor stand \u00e9s un recurs de m\u00e0rqueting pel PdV. Descobreix qu\u00e8 \u00e9s un floor stand i quines classes hi ha en el seg\u00fcent article","og_url":"https:\/\/artyplanevents.com\/ca\/blog\/floor-stand-per-seduir-en-el-punt-de-venda\/","og_site_name":"Artyplan","article_publisher":"https:\/\/www.facebook.com\/artyplan","article_published_time":"2022-02-10T22:00:00+00:00","article_modified_time":"2025-09-07T14:10:33+00:00","og_image":[{"width":1920,"height":600,"url":"https:\/\/artyplanevents.com\/wp-content\/uploads\/2025\/09\/floor-stand-que-es.jpg","type":"image\/jpeg"}],"author":"jcartagena","twitter_card":"summary_large_image","twitter_creator":"@artyplan","twitter_site":"@artyplan","twitter_misc":{"Escrit per":"jcartagena","Temps estimat de lectura":"3 minuts"},"schema":{"@context":"https:\/\/schema.org","@graph":[{"@type":"Article","@id":"https:\/\/artyplanevents.com\/ca\/blog\/floor-stand-per-seduir-en-el-punt-de-venda\/#article","isPartOf":{"@id":"https:\/\/artyplanevents.com\/ca\/blog\/floor-stand-per-seduir-en-el-punt-de-venda\/"},"author":{"name":"jcartagena","@id":"https:\/\/artyplanevents.com\/ca\/#\/schema\/person\/7e099d8fb4e2e75f604bce6a0026fc08"},"headline":"Floor stand: per atreure en el punt de venda","datePublished":"2022-02-10T22:00:00+00:00","dateModified":"2025-09-07T14:10:33+00:00","mainEntityOfPage":{"@id":"https:\/\/artyplanevents.com\/ca\/blog\/floor-stand-per-seduir-en-el-punt-de-venda\/"},"wordCount":696,"publisher":{"@id":"https:\/\/artyplanevents.com\/ca\/#organization"},"image":{"@id":"https:\/\/artyplanevents.com\/ca\/blog\/floor-stand-per-seduir-en-el-punt-de-venda\/#primaryimage"},"thumbnailUrl":"https:\/\/artyplanevents.com\/wp-content\/uploads\/2025\/09\/floor-stand-que-es.jpg","articleSection":["Ecol\u00f2gic","Noticies"],"inLanguage":"ca"},{"@type":"WebPage","@id":"https:\/\/artyplanevents.com\/ca\/blog\/floor-stand-per-seduir-en-el-punt-de-venda\/","url":"https:\/\/artyplanevents.com\/ca\/blog\/floor-stand-per-seduir-en-el-punt-de-venda\/","name":"Floor stand: per atreure en el punt de venda | Artyplan","isPartOf":{"@id":"https:\/\/artyplanevents.com\/ca\/#website"},"primaryImageOfPage":{"@id":"https:\/\/artyplanevents.com\/ca\/blog\/floor-stand-per-seduir-en-el-punt-de-venda\/#primaryimage"},"image":{"@id":"https:\/\/artyplanevents.com\/ca\/blog\/floor-stand-per-seduir-en-el-punt-de-venda\/#primaryimage"},"thumbnailUrl":"https:\/\/artyplanevents.com\/wp-content\/uploads\/2025\/09\/floor-stand-que-es.jpg","datePublished":"2022-02-10T22:00:00+00:00","dateModified":"2025-09-07T14:10:33+00:00","description":"Un floor stand \u00e9s un recurs de m\u00e0rqueting pel PdV. Descobreix qu\u00e8 \u00e9s un floor stand i quines classes hi ha en el seg\u00fcent article","breadcrumb":{"@id":"https:\/\/artyplanevents.com\/ca\/blog\/floor-stand-per-seduir-en-el-punt-de-venda\/#breadcrumb"},"inLanguage":"ca","potentialAction":[{"@type":"ReadAction","target":["https:\/\/artyplanevents.com\/ca\/blog\/floor-stand-per-seduir-en-el-punt-de-venda\/"]}]},{"@type":"ImageObject","inLanguage":"ca","@id":"https:\/\/artyplanevents.com\/ca\/blog\/floor-stand-per-seduir-en-el-punt-de-venda\/#primaryimage","url":"https:\/\/artyplanevents.com\/wp-content\/uploads\/2025\/09\/floor-stand-que-es.jpg","contentUrl":"https:\/\/artyplanevents.com\/wp-content\/uploads\/2025\/09\/floor-stand-que-es.jpg","width":1920,"height":600,"caption":"floor-stand-que-es"},{"@type":"BreadcrumbList","@id":"https:\/\/artyplanevents.com\/ca\/blog\/floor-stand-per-seduir-en-el-punt-de-venda\/#breadcrumb","itemListElement":[{"@type":"ListItem","position":1,"name":"Artyplan","item":"https:\/\/artyplanevents.com\/ca\/"},{"@type":"ListItem","position":2,"name":"Floor stand: per atreure en el punt de venda"}]},{"@type":"WebSite","@id":"https:\/\/artyplanevents.com\/ca\/#website","url":"https:\/\/artyplanevents.com\/ca\/","name":"Artyplan","description":"","publisher":{"@id":"https:\/\/artyplanevents.com\/ca\/#organization"},"potentialAction":[{"@type":"SearchAction","target":{"@type":"EntryPoint","urlTemplate":"https:\/\/artyplanevents.com\/ca\/?s={search_term_string}"},"query-input":{"@type":"PropertyValueSpecification","valueRequired":true,"valueName":"search_term_string"}}],"inLanguage":"ca"},{"@type":"Organization","@id":"https:\/\/artyplanevents.com\/ca\/#organization","name":"Artyplan","url":"https:\/\/artyplanevents.com\/ca\/","logo":{"@type":"ImageObject","inLanguage":"ca","@id":"https:\/\/artyplanevents.com\/ca\/#\/schema\/logo\/image\/","url":"https:\/\/preweb.artyplan.com\/wp-content\/uploads\/2025\/11\/Logo-artyplan-690x690-1.png","contentUrl":"https:\/\/preweb.artyplan.com\/wp-content\/uploads\/2025\/11\/Logo-artyplan-690x690-1.png","width":690,"height":690,"caption":"Artyplan"},"image":{"@id":"https:\/\/artyplanevents.com\/ca\/#\/schema\/logo\/image\/"},"sameAs":["https:\/\/www.facebook.com\/artyplan","https:\/\/x.com\/artyplan"]},{"@type":"Person","@id":"https:\/\/artyplanevents.com\/ca\/#\/schema\/person\/7e099d8fb4e2e75f604bce6a0026fc08","name":"jcartagena","image":{"@type":"ImageObject","inLanguage":"ca","@id":"https:\/\/secure.gravatar.com\/avatar\/74b6898d9dd18bcd06e733678b696165da09bb7631730fd9477d49273abe408c?s=96&d=mm&r=g","url":"https:\/\/secure.gravatar.com\/avatar\/74b6898d9dd18bcd06e733678b696165da09bb7631730fd9477d49273abe408c?s=96&d=mm&r=g","contentUrl":"https:\/\/secure.gravatar.com\/avatar\/74b6898d9dd18bcd06e733678b696165da09bb7631730fd9477d49273abe408c?s=96&d=mm&r=g","caption":"jcartagena"},"sameAs":["https:\/\/preweb.artyplan.com"],"url":"https:\/\/artyplanevents.com\/ca\/author\/jcartagena\/"}]}},"_links":{"self":[{"href":"https:\/\/artyplanevents.com\/ca\/wp-json\/wp\/v2\/posts\/5255","targetHints":{"allow":["GET"]}}],"collection":[{"href":"https:\/\/artyplanevents.com\/ca\/wp-json\/wp\/v2\/posts"}],"about":[{"href":"https:\/\/artyplanevents.com\/ca\/wp-json\/wp\/v2\/types\/post"}],"author":[{"embeddable":true,"href":"https:\/\/artyplanevents.com\/ca\/wp-json\/wp\/v2\/users\/1"}],"replies":[{"embeddable":true,"href":"https:\/\/artyplanevents.com\/ca\/wp-json\/wp\/v2\/comments?post=5255"}],"version-history":[{"count":1,"href":"https:\/\/artyplanevents.com\/ca\/wp-json\/wp\/v2\/posts\/5255\/revisions"}],"predecessor-version":[{"id":6356,"href":"https:\/\/artyplanevents.com\/ca\/wp-json\/wp\/v2\/posts\/5255\/revisions\/6356"}],"wp:featuredmedia":[{"embeddable":true,"href":"https:\/\/artyplanevents.com\/ca\/wp-json\/wp\/v2\/media\/5254"}],"wp:attachment":[{"href":"https:\/\/artyplanevents.com\/ca\/wp-json\/wp\/v2\/media?parent=5255"}],"wp:term":[{"taxonomy":"category","embeddable":true,"href":"https:\/\/artyplanevents.com\/ca\/wp-json\/wp\/v2\/categories?post=5255"},{"taxonomy":"post_tag","embeddable":true,"href":"https:\/\/artyplanevents.com\/ca\/wp-json\/wp\/v2\/tags?post=5255"}],"curies":[{"name":"wp","href":"https:\/\/api.w.org\/{rel}","templated":true}]}}