{"id":5256,"date":"2022-02-21T00:00:00","date_gmt":"2022-02-20T22:00:00","guid":{"rendered":"https:\/\/preweb.artyplan.com\/sin-categorizar\/digitalitzacio-fons-de-la-fundacio\/"},"modified":"2025-09-07T16:10:33","modified_gmt":"2025-09-07T14:10:33","slug":"digitalitzacio-fons-de-la-fundacio","status":"publish","type":"post","link":"https:\/\/artyplanevents.com\/ca\/blog\/digitalitzacio-fons-de-la-fundacio\/","title":{"rendered":"La digitalitzaci\u00f3 de fons documentals de les Fundacions"},"content":{"rendered":"<p>El fons documental d\u2019una Fundaci\u00f3 est\u00e0 format normalment per diferents classes d\u2019arxius consultables: \u00a0fotografies, il\u00b7lustracions, v\u00eddeos i altres documents.<\/p>\n<p>El fet de digitalitzar-ho facilita l\u2019accessibilitat al fons, i que aquest estigui disponible per a tot el p\u00fablic a trav\u00e9s d\u2019internet.<\/p>\n<h2>Amb qu\u00e8 pot ajudar Artyplan Document en la digitalitzaci\u00f3 del fons documental de les Fundacions<\/h2>\n<p>La divisi\u00f3 Artyplan Document est\u00e0 especialitzada en serveis de digitalitzaci\u00f3, gesti\u00f3 documental i preservaci\u00f3 digital. L\u2019experi\u00e8ncia professional en la digitalitzaci\u00f3 i gesti\u00f3 documental ens acredita com a col\u00b7laborador amb vocaci\u00f3 de servei, seri\u00f3s, entusiasta i amb un comprom\u00eds expl\u00edcit de millora continuada. En el departament tractem tota classe de fons f\u00edsics que es poden trobar a les fundacions, com:<\/p>\n<ul>\n<li>Documentaci\u00f3 textual: cartes, expedients, llibres, manuscrits, pergamins, etc.<\/li>\n<li>Gr\u00e0fics: cartells, dibuixos, pl\u00e0nols, etc.<\/li>\n<li>Arxius d\u2019imatge fixa i en moviment: diapositives, fotografies, microfilm, negatius, plaques de vidre, VHS, BETTA, S\u00faper 8, etc.<\/li>\n<li>\u00c0udios: cintes de <em>cassette<\/em>, disc LP, etc.<\/li>\n<\/ul>\n<h2>Com es du a terme el proc\u00e9s de digitalitzaci\u00f3 de fons de la fundaci\u00f3<\/h2>\n<p>El proc\u00e9s de digitalitzaci\u00f3 de qualsevol fons implica una inversi\u00f3 de temps i de recursos materials que van m\u00e9s enll\u00e0 de la captura digital.<\/p>\n<p>Per dur-lo a terme correctament \u00e9s important fer un estudi inicial dels requisits i necessitats.<\/p>\n<p>La fase pr\u00e8via a la digitalitzaci\u00f3 consta de quatre etapes: la primera es dedica a treballar sobre el fons des del punt de vista documental, recopilant dades i analitzant el fons. La seg\u00fcent etapa es fa una valoraci\u00f3 de les dades obtingudes i es decideix la viabilitat del projecte. Tot seguit es concreten les dades t\u00e8cniques, els requisits i les necessitats segons tipus de fons i el sistema de digitalitzaci\u00f3.I, finalment, s\u2019interv\u00e9 directament sobre el fons per preparar-lo per a la digitalitzaci\u00f3.<\/p>\n<h3>Processos de la digitalitzaci\u00f3 de fons de la fundaci\u00f3<\/h3>\n<p>A l\u2019\u00e0rea d&#8217;Artyplan Document podem realitzar diferents processos per tal que la idea de digitalitzar el fons de la fundaci\u00f3 es dugui a terme, aquests s\u00f3n:<\/p>\n<ul>\n<li>Tractament d\u2019originals f\u00edsics.<\/li>\n<li>Digitalitzaci\u00f3 retrospectiva.<\/li>\n<li>Indexaci\u00f3 de fitxers.<\/li>\n<li>Processos digitals i metadades.<\/li>\n<li>Gesti\u00f3 documental.<\/li>\n<li>Preservaci\u00f3 digital<\/li>\n<\/ul>\n<p>En tots els nostres projectes apliquem pol\u00edtiques de confidencialitat, de control de qualitat i de tra\u00e7abilitat amb seguiment via web per donar sempre el millor servei als clients.<\/p>\n<h2>Unitat m\u00f2bil per digitalitzar el fons de la fundaci\u00f3<\/h2>\n<p>Des d<a href=\"http:\/\/artyplan.com\/ca\/serveis\/digitalitzacio-i-gestio-documental\/\" target=\"_blank\" rel=\"noopener\">\u2019Artyplan Document<\/a> complementem els nostres serveis per digitalitzar els fons de les fundacions amb unitats m\u00f2bils que es poden desplegar arreu del territori i\u00a0 amb una flota de log\u00edstica pr\u00f2pia.<\/p>\n<p>Aquest equip log\u00edstic consta de cinc vehicles que es desplacen des del nostre centre de producci\u00f3 fins a les instal\u00b7lacions del client; assegurant-nos que els originals passin el m\u00ednim temps en trasllat des dels fons documentals, minimitzant aix\u00ed les incid\u00e8ncies.<\/p>\n<p>A m\u00e9s a m\u00e9s, comptem amb un equip de programadors inform\u00e0tics que ens permet adaptar-nos a les necessitats del mercat i donar el servei a mida per les necessitats d\u2019aquell moment.<\/p>\n","protected":false},"excerpt":{"rendered":"<p>El fons documental d\u2019una Fundaci\u00f3 est\u00e0 format normalment per diferents classes d\u2019arxius consultables: \u00a0fotografies, il\u00b7lustracions, v\u00eddeos i altres documents. El fet de digitalitzar-ho facilita l\u2019accessibilitat al fons, i que aquest estigui disponible per a tot el p\u00fablic a trav\u00e9s d\u2019internet. Amb qu\u00e8 pot ajudar Artyplan Document en la digitalitzaci\u00f3 del fons documental de les Fundacions [&hellip;]<\/p>\n","protected":false},"author":1,"featured_media":7025,"comment_status":"closed","ping_status":"closed","sticky":false,"template":"","format":"standard","meta":{"footnotes":""},"categories":[33],"tags":[],"class_list":["post-5256","post","type-post","status-publish","format-standard","has-post-thumbnail","hentry","category-noticies"],"yoast_head":"<!-- This site is optimized with the Yoast SEO plugin v27.4 - https:\/\/yoast.com\/product\/yoast-seo-wordpress\/ -->\n<title>La digitalitzaci\u00f3 de fons documentals de les Fundacions | Artyplan<\/title>\n<meta name=\"description\" content=\"La digitalitzaci\u00f3 de fons documentals de les Fundacions permetr\u00e0 la preservaci\u00f3 d&#039;aquest durant el temps sense perill de que es facin malb\u00e9.\" \/>\n<meta name=\"robots\" content=\"noindex, follow, max-snippet:-1, max-image-preview:large, max-video-preview:-1\" \/>\n<meta property=\"og:locale\" content=\"ca_ES\" \/>\n<meta property=\"og:type\" content=\"article\" \/>\n<meta property=\"og:title\" content=\"La digitalitzaci\u00f3 de fons documentals de les Fundacions | Artyplan\" \/>\n<meta property=\"og:description\" content=\"La digitalitzaci\u00f3 de fons documentals de les Fundacions permetr\u00e0 la preservaci\u00f3 d&#039;aquest durant el temps sense perill de que es facin malb\u00e9.\" \/>\n<meta property=\"og:url\" content=\"https:\/\/artyplanevents.com\/ca\/blog\/digitalitzacio-fons-de-la-fundacio\/\" \/>\n<meta property=\"og:site_name\" content=\"Artyplan\" \/>\n<meta property=\"article:publisher\" content=\"https:\/\/www.facebook.com\/artyplan\" \/>\n<meta property=\"article:published_time\" content=\"2022-02-20T22:00:00+00:00\" \/>\n<meta property=\"article:modified_time\" content=\"2025-09-07T14:10:33+00:00\" \/>\n<meta property=\"og:image\" content=\"https:\/\/artyplanevents.com\/wp-content\/uploads\/2025\/09\/digitalizacion-fondo-fundacion.jpg\" \/>\n\t<meta property=\"og:image:width\" content=\"1920\" \/>\n\t<meta property=\"og:image:height\" content=\"600\" \/>\n\t<meta property=\"og:image:type\" content=\"image\/jpeg\" \/>\n<meta name=\"author\" content=\"jcartagena\" \/>\n<meta name=\"twitter:card\" content=\"summary_large_image\" \/>\n<meta name=\"twitter:creator\" content=\"@artyplan\" \/>\n<meta name=\"twitter:site\" content=\"@artyplan\" \/>\n<meta name=\"twitter:label1\" content=\"Escrit per\" \/>\n\t<meta name=\"twitter:data1\" content=\"jcartagena\" \/>\n\t<meta name=\"twitter:label2\" content=\"Temps estimat de lectura\" \/>\n\t<meta name=\"twitter:data2\" content=\"3 minuts\" \/>\n<script type=\"application\/ld+json\" class=\"yoast-schema-graph\">{\"@context\":\"https:\\\/\\\/schema.org\",\"@graph\":[{\"@type\":\"Article\",\"@id\":\"https:\\\/\\\/artyplanevents.com\\\/ca\\\/blog\\\/digitalitzacio-fons-de-la-fundacio\\\/#article\",\"isPartOf\":{\"@id\":\"https:\\\/\\\/artyplanevents.com\\\/ca\\\/blog\\\/digitalitzacio-fons-de-la-fundacio\\\/\"},\"author\":{\"name\":\"jcartagena\",\"@id\":\"https:\\\/\\\/artyplanevents.com\\\/ca\\\/#\\\/schema\\\/person\\\/7e099d8fb4e2e75f604bce6a0026fc08\"},\"headline\":\"La digitalitzaci\u00f3 de fons documentals de les Fundacions\",\"datePublished\":\"2022-02-20T22:00:00+00:00\",\"dateModified\":\"2025-09-07T14:10:33+00:00\",\"mainEntityOfPage\":{\"@id\":\"https:\\\/\\\/artyplanevents.com\\\/ca\\\/blog\\\/digitalitzacio-fons-de-la-fundacio\\\/\"},\"wordCount\":531,\"publisher\":{\"@id\":\"https:\\\/\\\/artyplanevents.com\\\/ca\\\/#organization\"},\"image\":{\"@id\":\"https:\\\/\\\/artyplanevents.com\\\/ca\\\/blog\\\/digitalitzacio-fons-de-la-fundacio\\\/#primaryimage\"},\"thumbnailUrl\":\"https:\\\/\\\/artyplanevents.com\\\/wp-content\\\/uploads\\\/2025\\\/09\\\/digitalizacion-fondo-fundacion.jpg\",\"articleSection\":[\"Noticies\"],\"inLanguage\":\"ca\"},{\"@type\":\"WebPage\",\"@id\":\"https:\\\/\\\/artyplanevents.com\\\/ca\\\/blog\\\/digitalitzacio-fons-de-la-fundacio\\\/\",\"url\":\"https:\\\/\\\/artyplanevents.com\\\/ca\\\/blog\\\/digitalitzacio-fons-de-la-fundacio\\\/\",\"name\":\"La digitalitzaci\u00f3 de fons documentals de les Fundacions | Artyplan\",\"isPartOf\":{\"@id\":\"https:\\\/\\\/artyplanevents.com\\\/ca\\\/#website\"},\"primaryImageOfPage\":{\"@id\":\"https:\\\/\\\/artyplanevents.com\\\/ca\\\/blog\\\/digitalitzacio-fons-de-la-fundacio\\\/#primaryimage\"},\"image\":{\"@id\":\"https:\\\/\\\/artyplanevents.com\\\/ca\\\/blog\\\/digitalitzacio-fons-de-la-fundacio\\\/#primaryimage\"},\"thumbnailUrl\":\"https:\\\/\\\/artyplanevents.com\\\/wp-content\\\/uploads\\\/2025\\\/09\\\/digitalizacion-fondo-fundacion.jpg\",\"datePublished\":\"2022-02-20T22:00:00+00:00\",\"dateModified\":\"2025-09-07T14:10:33+00:00\",\"description\":\"La digitalitzaci\u00f3 de fons documentals de les Fundacions permetr\u00e0 la preservaci\u00f3 d'aquest durant el temps sense perill de que es facin malb\u00e9.\",\"breadcrumb\":{\"@id\":\"https:\\\/\\\/artyplanevents.com\\\/ca\\\/blog\\\/digitalitzacio-fons-de-la-fundacio\\\/#breadcrumb\"},\"inLanguage\":\"ca\",\"potentialAction\":[{\"@type\":\"ReadAction\",\"target\":[\"https:\\\/\\\/artyplanevents.com\\\/ca\\\/blog\\\/digitalitzacio-fons-de-la-fundacio\\\/\"]}]},{\"@type\":\"ImageObject\",\"inLanguage\":\"ca\",\"@id\":\"https:\\\/\\\/artyplanevents.com\\\/ca\\\/blog\\\/digitalitzacio-fons-de-la-fundacio\\\/#primaryimage\",\"url\":\"https:\\\/\\\/artyplanevents.com\\\/wp-content\\\/uploads\\\/2025\\\/09\\\/digitalizacion-fondo-fundacion.jpg\",\"contentUrl\":\"https:\\\/\\\/artyplanevents.com\\\/wp-content\\\/uploads\\\/2025\\\/09\\\/digitalizacion-fondo-fundacion.jpg\",\"width\":1920,\"height\":600,\"caption\":\"n\u00fameros binarios digitalizaci\u00f3n de archivos\"},{\"@type\":\"BreadcrumbList\",\"@id\":\"https:\\\/\\\/artyplanevents.com\\\/ca\\\/blog\\\/digitalitzacio-fons-de-la-fundacio\\\/#breadcrumb\",\"itemListElement\":[{\"@type\":\"ListItem\",\"position\":1,\"name\":\"Artyplan\",\"item\":\"https:\\\/\\\/artyplanevents.com\\\/ca\\\/\"},{\"@type\":\"ListItem\",\"position\":2,\"name\":\"La digitalitzaci\u00f3 de fons documentals de les Fundacions\"}]},{\"@type\":\"WebSite\",\"@id\":\"https:\\\/\\\/artyplanevents.com\\\/ca\\\/#website\",\"url\":\"https:\\\/\\\/artyplanevents.com\\\/ca\\\/\",\"name\":\"Artyplan\",\"description\":\"\",\"publisher\":{\"@id\":\"https:\\\/\\\/artyplanevents.com\\\/ca\\\/#organization\"},\"potentialAction\":[{\"@type\":\"SearchAction\",\"target\":{\"@type\":\"EntryPoint\",\"urlTemplate\":\"https:\\\/\\\/artyplanevents.com\\\/ca\\\/?s={search_term_string}\"},\"query-input\":{\"@type\":\"PropertyValueSpecification\",\"valueRequired\":true,\"valueName\":\"search_term_string\"}}],\"inLanguage\":\"ca\"},{\"@type\":\"Organization\",\"@id\":\"https:\\\/\\\/artyplanevents.com\\\/ca\\\/#organization\",\"name\":\"Artyplan\",\"url\":\"https:\\\/\\\/artyplanevents.com\\\/ca\\\/\",\"logo\":{\"@type\":\"ImageObject\",\"inLanguage\":\"ca\",\"@id\":\"https:\\\/\\\/artyplanevents.com\\\/ca\\\/#\\\/schema\\\/logo\\\/image\\\/\",\"url\":\"https:\\\/\\\/preweb.artyplan.com\\\/wp-content\\\/uploads\\\/2025\\\/11\\\/Logo-artyplan-690x690-1.png\",\"contentUrl\":\"https:\\\/\\\/preweb.artyplan.com\\\/wp-content\\\/uploads\\\/2025\\\/11\\\/Logo-artyplan-690x690-1.png\",\"width\":690,\"height\":690,\"caption\":\"Artyplan\"},\"image\":{\"@id\":\"https:\\\/\\\/artyplanevents.com\\\/ca\\\/#\\\/schema\\\/logo\\\/image\\\/\"},\"sameAs\":[\"https:\\\/\\\/www.facebook.com\\\/artyplan\",\"https:\\\/\\\/x.com\\\/artyplan\"]},{\"@type\":\"Person\",\"@id\":\"https:\\\/\\\/artyplanevents.com\\\/ca\\\/#\\\/schema\\\/person\\\/7e099d8fb4e2e75f604bce6a0026fc08\",\"name\":\"jcartagena\",\"image\":{\"@type\":\"ImageObject\",\"inLanguage\":\"ca\",\"@id\":\"https:\\\/\\\/secure.gravatar.com\\\/avatar\\\/74b6898d9dd18bcd06e733678b696165da09bb7631730fd9477d49273abe408c?s=96&d=mm&r=g\",\"url\":\"https:\\\/\\\/secure.gravatar.com\\\/avatar\\\/74b6898d9dd18bcd06e733678b696165da09bb7631730fd9477d49273abe408c?s=96&d=mm&r=g\",\"contentUrl\":\"https:\\\/\\\/secure.gravatar.com\\\/avatar\\\/74b6898d9dd18bcd06e733678b696165da09bb7631730fd9477d49273abe408c?s=96&d=mm&r=g\",\"caption\":\"jcartagena\"},\"sameAs\":[\"https:\\\/\\\/preweb.artyplan.com\"],\"url\":\"https:\\\/\\\/artyplanevents.com\\\/ca\\\/author\\\/jcartagena\\\/\"}]}<\/script>\n<!-- \/ Yoast SEO plugin. -->","yoast_head_json":{"title":"La digitalitzaci\u00f3 de fons documentals de les Fundacions | Artyplan","description":"La digitalitzaci\u00f3 de fons documentals de les Fundacions permetr\u00e0 la preservaci\u00f3 d'aquest durant el temps sense perill de que es facin malb\u00e9.","robots":{"index":"noindex","follow":"follow","max-snippet":"max-snippet:-1","max-image-preview":"max-image-preview:large","max-video-preview":"max-video-preview:-1"},"og_locale":"ca_ES","og_type":"article","og_title":"La digitalitzaci\u00f3 de fons documentals de les Fundacions | Artyplan","og_description":"La digitalitzaci\u00f3 de fons documentals de les Fundacions permetr\u00e0 la preservaci\u00f3 d'aquest durant el temps sense perill de que es facin malb\u00e9.","og_url":"https:\/\/artyplanevents.com\/ca\/blog\/digitalitzacio-fons-de-la-fundacio\/","og_site_name":"Artyplan","article_publisher":"https:\/\/www.facebook.com\/artyplan","article_published_time":"2022-02-20T22:00:00+00:00","article_modified_time":"2025-09-07T14:10:33+00:00","og_image":[{"width":1920,"height":600,"url":"https:\/\/artyplanevents.com\/wp-content\/uploads\/2025\/09\/digitalizacion-fondo-fundacion.jpg","type":"image\/jpeg"}],"author":"jcartagena","twitter_card":"summary_large_image","twitter_creator":"@artyplan","twitter_site":"@artyplan","twitter_misc":{"Escrit per":"jcartagena","Temps estimat de lectura":"3 minuts"},"schema":{"@context":"https:\/\/schema.org","@graph":[{"@type":"Article","@id":"https:\/\/artyplanevents.com\/ca\/blog\/digitalitzacio-fons-de-la-fundacio\/#article","isPartOf":{"@id":"https:\/\/artyplanevents.com\/ca\/blog\/digitalitzacio-fons-de-la-fundacio\/"},"author":{"name":"jcartagena","@id":"https:\/\/artyplanevents.com\/ca\/#\/schema\/person\/7e099d8fb4e2e75f604bce6a0026fc08"},"headline":"La digitalitzaci\u00f3 de fons documentals de les Fundacions","datePublished":"2022-02-20T22:00:00+00:00","dateModified":"2025-09-07T14:10:33+00:00","mainEntityOfPage":{"@id":"https:\/\/artyplanevents.com\/ca\/blog\/digitalitzacio-fons-de-la-fundacio\/"},"wordCount":531,"publisher":{"@id":"https:\/\/artyplanevents.com\/ca\/#organization"},"image":{"@id":"https:\/\/artyplanevents.com\/ca\/blog\/digitalitzacio-fons-de-la-fundacio\/#primaryimage"},"thumbnailUrl":"https:\/\/artyplanevents.com\/wp-content\/uploads\/2025\/09\/digitalizacion-fondo-fundacion.jpg","articleSection":["Noticies"],"inLanguage":"ca"},{"@type":"WebPage","@id":"https:\/\/artyplanevents.com\/ca\/blog\/digitalitzacio-fons-de-la-fundacio\/","url":"https:\/\/artyplanevents.com\/ca\/blog\/digitalitzacio-fons-de-la-fundacio\/","name":"La digitalitzaci\u00f3 de fons documentals de les Fundacions | Artyplan","isPartOf":{"@id":"https:\/\/artyplanevents.com\/ca\/#website"},"primaryImageOfPage":{"@id":"https:\/\/artyplanevents.com\/ca\/blog\/digitalitzacio-fons-de-la-fundacio\/#primaryimage"},"image":{"@id":"https:\/\/artyplanevents.com\/ca\/blog\/digitalitzacio-fons-de-la-fundacio\/#primaryimage"},"thumbnailUrl":"https:\/\/artyplanevents.com\/wp-content\/uploads\/2025\/09\/digitalizacion-fondo-fundacion.jpg","datePublished":"2022-02-20T22:00:00+00:00","dateModified":"2025-09-07T14:10:33+00:00","description":"La digitalitzaci\u00f3 de fons documentals de les Fundacions permetr\u00e0 la preservaci\u00f3 d'aquest durant el temps sense perill de que es facin malb\u00e9.","breadcrumb":{"@id":"https:\/\/artyplanevents.com\/ca\/blog\/digitalitzacio-fons-de-la-fundacio\/#breadcrumb"},"inLanguage":"ca","potentialAction":[{"@type":"ReadAction","target":["https:\/\/artyplanevents.com\/ca\/blog\/digitalitzacio-fons-de-la-fundacio\/"]}]},{"@type":"ImageObject","inLanguage":"ca","@id":"https:\/\/artyplanevents.com\/ca\/blog\/digitalitzacio-fons-de-la-fundacio\/#primaryimage","url":"https:\/\/artyplanevents.com\/wp-content\/uploads\/2025\/09\/digitalizacion-fondo-fundacion.jpg","contentUrl":"https:\/\/artyplanevents.com\/wp-content\/uploads\/2025\/09\/digitalizacion-fondo-fundacion.jpg","width":1920,"height":600,"caption":"n\u00fameros binarios digitalizaci\u00f3n de archivos"},{"@type":"BreadcrumbList","@id":"https:\/\/artyplanevents.com\/ca\/blog\/digitalitzacio-fons-de-la-fundacio\/#breadcrumb","itemListElement":[{"@type":"ListItem","position":1,"name":"Artyplan","item":"https:\/\/artyplanevents.com\/ca\/"},{"@type":"ListItem","position":2,"name":"La digitalitzaci\u00f3 de fons documentals de les Fundacions"}]},{"@type":"WebSite","@id":"https:\/\/artyplanevents.com\/ca\/#website","url":"https:\/\/artyplanevents.com\/ca\/","name":"Artyplan","description":"","publisher":{"@id":"https:\/\/artyplanevents.com\/ca\/#organization"},"potentialAction":[{"@type":"SearchAction","target":{"@type":"EntryPoint","urlTemplate":"https:\/\/artyplanevents.com\/ca\/?s={search_term_string}"},"query-input":{"@type":"PropertyValueSpecification","valueRequired":true,"valueName":"search_term_string"}}],"inLanguage":"ca"},{"@type":"Organization","@id":"https:\/\/artyplanevents.com\/ca\/#organization","name":"Artyplan","url":"https:\/\/artyplanevents.com\/ca\/","logo":{"@type":"ImageObject","inLanguage":"ca","@id":"https:\/\/artyplanevents.com\/ca\/#\/schema\/logo\/image\/","url":"https:\/\/preweb.artyplan.com\/wp-content\/uploads\/2025\/11\/Logo-artyplan-690x690-1.png","contentUrl":"https:\/\/preweb.artyplan.com\/wp-content\/uploads\/2025\/11\/Logo-artyplan-690x690-1.png","width":690,"height":690,"caption":"Artyplan"},"image":{"@id":"https:\/\/artyplanevents.com\/ca\/#\/schema\/logo\/image\/"},"sameAs":["https:\/\/www.facebook.com\/artyplan","https:\/\/x.com\/artyplan"]},{"@type":"Person","@id":"https:\/\/artyplanevents.com\/ca\/#\/schema\/person\/7e099d8fb4e2e75f604bce6a0026fc08","name":"jcartagena","image":{"@type":"ImageObject","inLanguage":"ca","@id":"https:\/\/secure.gravatar.com\/avatar\/74b6898d9dd18bcd06e733678b696165da09bb7631730fd9477d49273abe408c?s=96&d=mm&r=g","url":"https:\/\/secure.gravatar.com\/avatar\/74b6898d9dd18bcd06e733678b696165da09bb7631730fd9477d49273abe408c?s=96&d=mm&r=g","contentUrl":"https:\/\/secure.gravatar.com\/avatar\/74b6898d9dd18bcd06e733678b696165da09bb7631730fd9477d49273abe408c?s=96&d=mm&r=g","caption":"jcartagena"},"sameAs":["https:\/\/preweb.artyplan.com"],"url":"https:\/\/artyplanevents.com\/ca\/author\/jcartagena\/"}]}},"_links":{"self":[{"href":"https:\/\/artyplanevents.com\/ca\/wp-json\/wp\/v2\/posts\/5256","targetHints":{"allow":["GET"]}}],"collection":[{"href":"https:\/\/artyplanevents.com\/ca\/wp-json\/wp\/v2\/posts"}],"about":[{"href":"https:\/\/artyplanevents.com\/ca\/wp-json\/wp\/v2\/types\/post"}],"author":[{"embeddable":true,"href":"https:\/\/artyplanevents.com\/ca\/wp-json\/wp\/v2\/users\/1"}],"replies":[{"embeddable":true,"href":"https:\/\/artyplanevents.com\/ca\/wp-json\/wp\/v2\/comments?post=5256"}],"version-history":[{"count":1,"href":"https:\/\/artyplanevents.com\/ca\/wp-json\/wp\/v2\/posts\/5256\/revisions"}],"predecessor-version":[{"id":6357,"href":"https:\/\/artyplanevents.com\/ca\/wp-json\/wp\/v2\/posts\/5256\/revisions\/6357"}],"wp:featuredmedia":[{"embeddable":true,"href":"https:\/\/artyplanevents.com\/ca\/wp-json\/wp\/v2\/media\/7025"}],"wp:attachment":[{"href":"https:\/\/artyplanevents.com\/ca\/wp-json\/wp\/v2\/media?parent=5256"}],"wp:term":[{"taxonomy":"category","embeddable":true,"href":"https:\/\/artyplanevents.com\/ca\/wp-json\/wp\/v2\/categories?post=5256"},{"taxonomy":"post_tag","embeddable":true,"href":"https:\/\/artyplanevents.com\/ca\/wp-json\/wp\/v2\/tags?post=5256"}],"curies":[{"name":"wp","href":"https:\/\/api.w.org\/{rel}","templated":true}]}}