{"id":5270,"date":"2022-03-18T00:00:00","date_gmt":"2022-03-17T22:00:00","guid":{"rendered":"https:\/\/preweb.artyplan.com\/sin-categorizar\/revistes-impreses\/"},"modified":"2025-09-07T16:10:43","modified_gmt":"2025-09-07T14:10:43","slug":"revistes-impreses","status":"publish","type":"post","link":"https:\/\/artyplanevents.com\/ca\/blog\/revistes-impreses\/","title":{"rendered":"Revistes impreses, un valor addicional per la teva comunicaci\u00f3"},"content":{"rendered":"<p>Les\u00a0<strong>revistes\u00a0<\/strong>s\u00f3n publicacions amb un nombre variable de p\u00e0gines que inclouen continguts generals o tem\u00e0tics. Solen combinar informaci\u00f3 textual i imatges, siguin fotografies, infografies o il\u00b7lustracions.<\/p>\n<p>En format impr\u00e8s, perduren en el temps i afavoreixen la relectura dels seus continguts, i per aix\u00f2 incrementen la vida \u00fatil del material de comunicaci\u00f3. En funci\u00f3 de la finalitat i el tipus de continguts inclosos, podem trobar <strong>comercials, divulgatives i d&#8217;actualitat<\/strong>. S\u00f3n, avui en dia, elements que milloren la imatge de la teva marca i aconsegueixen fidelitzar als lectors.<\/p>\n<h2>Com dissenyar una revista impresa<\/h2>\n<p>Confeccionar qualsevol classe de publicaci\u00f3 impresa \u00e9s un labori\u00f3s treball, complex i, en general, multidisciplinari. Encara que no \u00e9s el mateix desenvolupar<strong> revistes impreses de novetats<\/strong>\u00a0que <strong>cient\u00edfiques o comercials<\/strong>, les etapes de creaci\u00f3 solen ser comuns:<\/p>\n<ol>\n<li>El punt de partida \u00e9s <strong>conceptualitzar la revista<\/strong>. Per aix\u00f2, has de determinar a qui es dirigeix i qu\u00e8 l\u2019hi proporcionar\u00e0. Has d\u2019escollir el tema, l\u2019enfocament, l\u2019estil dels continguts i la periodicitat, aix\u00ed com assignar els recursos, les qualitats i el nombre de p\u00e0gines.<\/li>\n<li>Per a <strong>crear els continguts<\/strong>, has de comptar amb redactors capa\u00e7os de generar informaci\u00f3 de valor. El nombre i la formaci\u00f3 dels integrants d\u2019aquest equip dependr\u00e0 del tipus de continguts que es pretenguin transmetre.<\/li>\n<li><strong>Disseny de la publicaci\u00f3. <\/strong>Aquesta part es du a terme de forma paral\u00b7lela a l\u2019anterior, ja que ambdues parts estan connectades. La maqueta determina l\u2019extensi\u00f3 dels textos i el nombre d\u2019articles. Aix\u00f2 no obstant, la seva import\u00e0ncia pot contribuir a canvis o ampliacions en determinades seccions o apartats. Recorda que la teva revista ha d\u2019entrar pels ulls, atraure, interessar i mostrar nivells de lectura que facilitin la comprensi\u00f3 del text.<\/li>\n<li><strong>Impressi\u00f3 de la revista<\/strong>. Un cop generat i validat el contingut, toca passar en paper tot el creat. El resultat final \u00e9s fonamental per la imatge i per l&#8217;<em>engagement\u00a0<\/em>de la publicaci\u00f3. Per aix\u00f2, necessites apostar per professionals altament qualificats i experimentats. M\u00e9s enll\u00e0 de traslladar al paper el disseny proporcionat, aquesta part inclou altres labors pr\u00f2pies de la manipulaci\u00f3, com, per exemple, el plegat i l\u2019enquadernaci\u00f3.<\/li>\n<\/ol>\n<h2>Perqu\u00e8 editar una revista o cat\u00e0leg d\u2019empresa<\/h2>\n<p>Pocs mitjans de comunicaci\u00f3 s\u00f3n tan efica\u00e7os perqu\u00e8 les companyies i les marques transmetin les seves novetats i serveis. Cinc s\u00f3n els<strong> grans avantatges<\/strong>\u00a0que t\u2019aporten:<\/p>\n<ul>\n<li><strong>Predisposici\u00f3 del\u00a0<\/strong><em>target<\/em>. L\u2019audi\u00e8ncia sol mostrar-se receptiva a aquest formal, el qual brinda credibilitat, fiabilitat i fidelitat a la marca.<\/li>\n<li><strong>Llarga duraci\u00f3<\/strong>. \u00c9s el suport de comunicaci\u00f3 que m\u00e9s temps roman actiu. Algunes incl\u00fas es col\u00b7leccionen per sempre. Sovint, es llegeixen i es rellegeixen diverses vegades.<\/li>\n<li><strong>Possibilitats creatives<\/strong>. No importa si fas servir un format petit o un de m\u00e9s gran, els encartes i l\u2019\u00fas de recursos de disseny gr\u00e0fic innovadors faran que la revista sigui summament atractiva.<\/li>\n<li><strong>Qualitat positiva. <\/strong>Tant si s\u2019utilitza la\u00a0<strong>impressi\u00f3 digital com la convencional<\/strong>, s\u2019obtenen materials de comunicaci\u00f3 molt impactant, per la qual cosa no cal escatimar en aquest punt.<\/li>\n<li><strong>Segmentaci\u00f3<\/strong>. Si treballes b\u00e9 la definici\u00f3 de l\u2019audi\u00e8ncia, la tem\u00e0tica, la concepci\u00f3 i la distribuci\u00f3, el teu p\u00fablic ser\u00e0 aconseguit de forma influent. Fer servir una publicaci\u00f3, per exemple, de 40 p\u00e0gines per mostrar les novetats i l&#8217;actualitat del sector despertar\u00e0 l&#8217;inter\u00e8s dels lectors. A m\u00e9s, els permetr\u00e0 endur-se el contingut a casa i consultar-lo al seu ritme.<\/li>\n<\/ul>\n<h2>Amb el suport d\u2019Artyplan<\/h2>\n<p>A Artyplan t\u2019oferim un excel\u00b7lent <a href=\"http:\/\/artyplan.com\/ca\/productes-impressio\/serveis-dimpressio-de-petit-format\/impressio-comercial\/revistes\/\" target=\"_blank\" rel=\"noopener\">servei d\u2019impressi\u00f3 de revistes<\/a> i el suport d\u2019assessors que resoldran tot els teus dubtes. Consulta a professionals altament qualificats i crea les teves pr\u00f2pies revistes de qualitat Premium, personalitzades, sostenibles i ajustades a les teves necessitats de comunicaci\u00f3. Confia en nosaltres!<\/p>\n","protected":false},"excerpt":{"rendered":"<p>Les\u00a0revistes\u00a0s\u00f3n publicacions amb un nombre variable de p\u00e0gines que inclouen continguts generals o tem\u00e0tics. Solen combinar informaci\u00f3 textual i imatges, siguin fotografies, infografies o il\u00b7lustracions. En format impr\u00e8s, perduren en el temps i afavoreixen la relectura dels seus continguts, i per aix\u00f2 incrementen la vida \u00fatil del material de comunicaci\u00f3. En funci\u00f3 de la finalitat [&hellip;]<\/p>\n","protected":false},"author":1,"featured_media":5269,"comment_status":"closed","ping_status":"closed","sticky":false,"template":"","format":"standard","meta":{"footnotes":""},"categories":[33],"tags":[],"class_list":["post-5270","post","type-post","status-publish","format-standard","has-post-thumbnail","hentry","category-noticies"],"yoast_head":"<!-- This site is optimized with the Yoast SEO plugin v27.4 - https:\/\/yoast.com\/product\/yoast-seo-wordpress\/ -->\n<title>Revistes impreses, un valor addicional per la teva comunicaci\u00f3 | Artyplan<\/title>\n<meta name=\"description\" content=\"Les revistes impreses son mitjans de comunicaci\u00f3 que serveixen per comunicar-te amb el teu p\u00fablic. Saps perqu\u00e8 t&#039;interessa aportar per elles?\" \/>\n<meta name=\"robots\" content=\"noindex, follow, max-snippet:-1, max-image-preview:large, max-video-preview:-1\" \/>\n<meta property=\"og:locale\" content=\"ca_ES\" \/>\n<meta property=\"og:type\" content=\"article\" \/>\n<meta property=\"og:title\" content=\"Revistes impreses, un valor addicional per la teva comunicaci\u00f3 | Artyplan\" \/>\n<meta property=\"og:description\" content=\"Les revistes impreses son mitjans de comunicaci\u00f3 que serveixen per comunicar-te amb el teu p\u00fablic. Saps perqu\u00e8 t&#039;interessa aportar per elles?\" \/>\n<meta property=\"og:url\" content=\"https:\/\/artyplanevents.com\/ca\/blog\/revistes-impreses\/\" \/>\n<meta property=\"og:site_name\" content=\"Artyplan\" \/>\n<meta property=\"article:publisher\" content=\"https:\/\/www.facebook.com\/artyplan\" \/>\n<meta property=\"article:published_time\" content=\"2022-03-17T22:00:00+00:00\" \/>\n<meta property=\"article:modified_time\" content=\"2025-09-07T14:10:43+00:00\" \/>\n<meta property=\"og:image\" content=\"https:\/\/artyplanevents.com\/wp-content\/uploads\/2025\/09\/revistes-impreses-artyplan-1.jpg\" \/>\n\t<meta property=\"og:image:width\" content=\"1920\" \/>\n\t<meta property=\"og:image:height\" content=\"600\" \/>\n\t<meta property=\"og:image:type\" content=\"image\/jpeg\" \/>\n<meta name=\"author\" content=\"jcartagena\" \/>\n<meta name=\"twitter:card\" content=\"summary_large_image\" \/>\n<meta name=\"twitter:creator\" content=\"@artyplan\" \/>\n<meta name=\"twitter:site\" content=\"@artyplan\" \/>\n<meta name=\"twitter:label1\" content=\"Escrit per\" \/>\n\t<meta name=\"twitter:data1\" content=\"jcartagena\" \/>\n\t<meta name=\"twitter:label2\" content=\"Temps estimat de lectura\" \/>\n\t<meta name=\"twitter:data2\" content=\"3 minuts\" \/>\n<script type=\"application\/ld+json\" class=\"yoast-schema-graph\">{\"@context\":\"https:\\\/\\\/schema.org\",\"@graph\":[{\"@type\":\"Article\",\"@id\":\"https:\\\/\\\/artyplanevents.com\\\/ca\\\/blog\\\/revistes-impreses\\\/#article\",\"isPartOf\":{\"@id\":\"https:\\\/\\\/artyplanevents.com\\\/ca\\\/blog\\\/revistes-impreses\\\/\"},\"author\":{\"name\":\"jcartagena\",\"@id\":\"https:\\\/\\\/artyplanevents.com\\\/ca\\\/#\\\/schema\\\/person\\\/7e099d8fb4e2e75f604bce6a0026fc08\"},\"headline\":\"Revistes impreses, un valor addicional per la teva comunicaci\u00f3\",\"datePublished\":\"2022-03-17T22:00:00+00:00\",\"dateModified\":\"2025-09-07T14:10:43+00:00\",\"mainEntityOfPage\":{\"@id\":\"https:\\\/\\\/artyplanevents.com\\\/ca\\\/blog\\\/revistes-impreses\\\/\"},\"wordCount\":655,\"publisher\":{\"@id\":\"https:\\\/\\\/artyplanevents.com\\\/ca\\\/#organization\"},\"image\":{\"@id\":\"https:\\\/\\\/artyplanevents.com\\\/ca\\\/blog\\\/revistes-impreses\\\/#primaryimage\"},\"thumbnailUrl\":\"https:\\\/\\\/artyplanevents.com\\\/wp-content\\\/uploads\\\/2025\\\/09\\\/revistes-impreses-artyplan-1.jpg\",\"articleSection\":[\"Noticies\"],\"inLanguage\":\"ca\"},{\"@type\":\"WebPage\",\"@id\":\"https:\\\/\\\/artyplanevents.com\\\/ca\\\/blog\\\/revistes-impreses\\\/\",\"url\":\"https:\\\/\\\/artyplanevents.com\\\/ca\\\/blog\\\/revistes-impreses\\\/\",\"name\":\"Revistes impreses, un valor addicional per la teva comunicaci\u00f3 | Artyplan\",\"isPartOf\":{\"@id\":\"https:\\\/\\\/artyplanevents.com\\\/ca\\\/#website\"},\"primaryImageOfPage\":{\"@id\":\"https:\\\/\\\/artyplanevents.com\\\/ca\\\/blog\\\/revistes-impreses\\\/#primaryimage\"},\"image\":{\"@id\":\"https:\\\/\\\/artyplanevents.com\\\/ca\\\/blog\\\/revistes-impreses\\\/#primaryimage\"},\"thumbnailUrl\":\"https:\\\/\\\/artyplanevents.com\\\/wp-content\\\/uploads\\\/2025\\\/09\\\/revistes-impreses-artyplan-1.jpg\",\"datePublished\":\"2022-03-17T22:00:00+00:00\",\"dateModified\":\"2025-09-07T14:10:43+00:00\",\"description\":\"Les revistes impreses son mitjans de comunicaci\u00f3 que serveixen per comunicar-te amb el teu p\u00fablic. Saps perqu\u00e8 t'interessa aportar per elles?\",\"breadcrumb\":{\"@id\":\"https:\\\/\\\/artyplanevents.com\\\/ca\\\/blog\\\/revistes-impreses\\\/#breadcrumb\"},\"inLanguage\":\"ca\",\"potentialAction\":[{\"@type\":\"ReadAction\",\"target\":[\"https:\\\/\\\/artyplanevents.com\\\/ca\\\/blog\\\/revistes-impreses\\\/\"]}]},{\"@type\":\"ImageObject\",\"inLanguage\":\"ca\",\"@id\":\"https:\\\/\\\/artyplanevents.com\\\/ca\\\/blog\\\/revistes-impreses\\\/#primaryimage\",\"url\":\"https:\\\/\\\/artyplanevents.com\\\/wp-content\\\/uploads\\\/2025\\\/09\\\/revistes-impreses-artyplan-1.jpg\",\"contentUrl\":\"https:\\\/\\\/artyplanevents.com\\\/wp-content\\\/uploads\\\/2025\\\/09\\\/revistes-impreses-artyplan-1.jpg\",\"width\":1920,\"height\":600,\"caption\":\"revistes-impreses-artyplan|evistes-impreses-artyplan\"},{\"@type\":\"BreadcrumbList\",\"@id\":\"https:\\\/\\\/artyplanevents.com\\\/ca\\\/blog\\\/revistes-impreses\\\/#breadcrumb\",\"itemListElement\":[{\"@type\":\"ListItem\",\"position\":1,\"name\":\"Artyplan\",\"item\":\"https:\\\/\\\/artyplanevents.com\\\/ca\\\/\"},{\"@type\":\"ListItem\",\"position\":2,\"name\":\"Revistes impreses, un valor addicional per la teva comunicaci\u00f3\"}]},{\"@type\":\"WebSite\",\"@id\":\"https:\\\/\\\/artyplanevents.com\\\/ca\\\/#website\",\"url\":\"https:\\\/\\\/artyplanevents.com\\\/ca\\\/\",\"name\":\"Artyplan\",\"description\":\"\",\"publisher\":{\"@id\":\"https:\\\/\\\/artyplanevents.com\\\/ca\\\/#organization\"},\"potentialAction\":[{\"@type\":\"SearchAction\",\"target\":{\"@type\":\"EntryPoint\",\"urlTemplate\":\"https:\\\/\\\/artyplanevents.com\\\/ca\\\/?s={search_term_string}\"},\"query-input\":{\"@type\":\"PropertyValueSpecification\",\"valueRequired\":true,\"valueName\":\"search_term_string\"}}],\"inLanguage\":\"ca\"},{\"@type\":\"Organization\",\"@id\":\"https:\\\/\\\/artyplanevents.com\\\/ca\\\/#organization\",\"name\":\"Artyplan\",\"url\":\"https:\\\/\\\/artyplanevents.com\\\/ca\\\/\",\"logo\":{\"@type\":\"ImageObject\",\"inLanguage\":\"ca\",\"@id\":\"https:\\\/\\\/artyplanevents.com\\\/ca\\\/#\\\/schema\\\/logo\\\/image\\\/\",\"url\":\"https:\\\/\\\/preweb.artyplan.com\\\/wp-content\\\/uploads\\\/2025\\\/11\\\/Logo-artyplan-690x690-1.png\",\"contentUrl\":\"https:\\\/\\\/preweb.artyplan.com\\\/wp-content\\\/uploads\\\/2025\\\/11\\\/Logo-artyplan-690x690-1.png\",\"width\":690,\"height\":690,\"caption\":\"Artyplan\"},\"image\":{\"@id\":\"https:\\\/\\\/artyplanevents.com\\\/ca\\\/#\\\/schema\\\/logo\\\/image\\\/\"},\"sameAs\":[\"https:\\\/\\\/www.facebook.com\\\/artyplan\",\"https:\\\/\\\/x.com\\\/artyplan\"]},{\"@type\":\"Person\",\"@id\":\"https:\\\/\\\/artyplanevents.com\\\/ca\\\/#\\\/schema\\\/person\\\/7e099d8fb4e2e75f604bce6a0026fc08\",\"name\":\"jcartagena\",\"image\":{\"@type\":\"ImageObject\",\"inLanguage\":\"ca\",\"@id\":\"https:\\\/\\\/secure.gravatar.com\\\/avatar\\\/74b6898d9dd18bcd06e733678b696165da09bb7631730fd9477d49273abe408c?s=96&d=mm&r=g\",\"url\":\"https:\\\/\\\/secure.gravatar.com\\\/avatar\\\/74b6898d9dd18bcd06e733678b696165da09bb7631730fd9477d49273abe408c?s=96&d=mm&r=g\",\"contentUrl\":\"https:\\\/\\\/secure.gravatar.com\\\/avatar\\\/74b6898d9dd18bcd06e733678b696165da09bb7631730fd9477d49273abe408c?s=96&d=mm&r=g\",\"caption\":\"jcartagena\"},\"sameAs\":[\"https:\\\/\\\/preweb.artyplan.com\"],\"url\":\"https:\\\/\\\/artyplanevents.com\\\/ca\\\/author\\\/jcartagena\\\/\"}]}<\/script>\n<!-- \/ Yoast SEO plugin. -->","yoast_head_json":{"title":"Revistes impreses, un valor addicional per la teva comunicaci\u00f3 | Artyplan","description":"Les revistes impreses son mitjans de comunicaci\u00f3 que serveixen per comunicar-te amb el teu p\u00fablic. Saps perqu\u00e8 t'interessa aportar per elles?","robots":{"index":"noindex","follow":"follow","max-snippet":"max-snippet:-1","max-image-preview":"max-image-preview:large","max-video-preview":"max-video-preview:-1"},"og_locale":"ca_ES","og_type":"article","og_title":"Revistes impreses, un valor addicional per la teva comunicaci\u00f3 | Artyplan","og_description":"Les revistes impreses son mitjans de comunicaci\u00f3 que serveixen per comunicar-te amb el teu p\u00fablic. Saps perqu\u00e8 t'interessa aportar per elles?","og_url":"https:\/\/artyplanevents.com\/ca\/blog\/revistes-impreses\/","og_site_name":"Artyplan","article_publisher":"https:\/\/www.facebook.com\/artyplan","article_published_time":"2022-03-17T22:00:00+00:00","article_modified_time":"2025-09-07T14:10:43+00:00","og_image":[{"width":1920,"height":600,"url":"https:\/\/artyplanevents.com\/wp-content\/uploads\/2025\/09\/revistes-impreses-artyplan-1.jpg","type":"image\/jpeg"}],"author":"jcartagena","twitter_card":"summary_large_image","twitter_creator":"@artyplan","twitter_site":"@artyplan","twitter_misc":{"Escrit per":"jcartagena","Temps estimat de lectura":"3 minuts"},"schema":{"@context":"https:\/\/schema.org","@graph":[{"@type":"Article","@id":"https:\/\/artyplanevents.com\/ca\/blog\/revistes-impreses\/#article","isPartOf":{"@id":"https:\/\/artyplanevents.com\/ca\/blog\/revistes-impreses\/"},"author":{"name":"jcartagena","@id":"https:\/\/artyplanevents.com\/ca\/#\/schema\/person\/7e099d8fb4e2e75f604bce6a0026fc08"},"headline":"Revistes impreses, un valor addicional per la teva comunicaci\u00f3","datePublished":"2022-03-17T22:00:00+00:00","dateModified":"2025-09-07T14:10:43+00:00","mainEntityOfPage":{"@id":"https:\/\/artyplanevents.com\/ca\/blog\/revistes-impreses\/"},"wordCount":655,"publisher":{"@id":"https:\/\/artyplanevents.com\/ca\/#organization"},"image":{"@id":"https:\/\/artyplanevents.com\/ca\/blog\/revistes-impreses\/#primaryimage"},"thumbnailUrl":"https:\/\/artyplanevents.com\/wp-content\/uploads\/2025\/09\/revistes-impreses-artyplan-1.jpg","articleSection":["Noticies"],"inLanguage":"ca"},{"@type":"WebPage","@id":"https:\/\/artyplanevents.com\/ca\/blog\/revistes-impreses\/","url":"https:\/\/artyplanevents.com\/ca\/blog\/revistes-impreses\/","name":"Revistes impreses, un valor addicional per la teva comunicaci\u00f3 | Artyplan","isPartOf":{"@id":"https:\/\/artyplanevents.com\/ca\/#website"},"primaryImageOfPage":{"@id":"https:\/\/artyplanevents.com\/ca\/blog\/revistes-impreses\/#primaryimage"},"image":{"@id":"https:\/\/artyplanevents.com\/ca\/blog\/revistes-impreses\/#primaryimage"},"thumbnailUrl":"https:\/\/artyplanevents.com\/wp-content\/uploads\/2025\/09\/revistes-impreses-artyplan-1.jpg","datePublished":"2022-03-17T22:00:00+00:00","dateModified":"2025-09-07T14:10:43+00:00","description":"Les revistes impreses son mitjans de comunicaci\u00f3 que serveixen per comunicar-te amb el teu p\u00fablic. Saps perqu\u00e8 t'interessa aportar per elles?","breadcrumb":{"@id":"https:\/\/artyplanevents.com\/ca\/blog\/revistes-impreses\/#breadcrumb"},"inLanguage":"ca","potentialAction":[{"@type":"ReadAction","target":["https:\/\/artyplanevents.com\/ca\/blog\/revistes-impreses\/"]}]},{"@type":"ImageObject","inLanguage":"ca","@id":"https:\/\/artyplanevents.com\/ca\/blog\/revistes-impreses\/#primaryimage","url":"https:\/\/artyplanevents.com\/wp-content\/uploads\/2025\/09\/revistes-impreses-artyplan-1.jpg","contentUrl":"https:\/\/artyplanevents.com\/wp-content\/uploads\/2025\/09\/revistes-impreses-artyplan-1.jpg","width":1920,"height":600,"caption":"revistes-impreses-artyplan|evistes-impreses-artyplan"},{"@type":"BreadcrumbList","@id":"https:\/\/artyplanevents.com\/ca\/blog\/revistes-impreses\/#breadcrumb","itemListElement":[{"@type":"ListItem","position":1,"name":"Artyplan","item":"https:\/\/artyplanevents.com\/ca\/"},{"@type":"ListItem","position":2,"name":"Revistes impreses, un valor addicional per la teva comunicaci\u00f3"}]},{"@type":"WebSite","@id":"https:\/\/artyplanevents.com\/ca\/#website","url":"https:\/\/artyplanevents.com\/ca\/","name":"Artyplan","description":"","publisher":{"@id":"https:\/\/artyplanevents.com\/ca\/#organization"},"potentialAction":[{"@type":"SearchAction","target":{"@type":"EntryPoint","urlTemplate":"https:\/\/artyplanevents.com\/ca\/?s={search_term_string}"},"query-input":{"@type":"PropertyValueSpecification","valueRequired":true,"valueName":"search_term_string"}}],"inLanguage":"ca"},{"@type":"Organization","@id":"https:\/\/artyplanevents.com\/ca\/#organization","name":"Artyplan","url":"https:\/\/artyplanevents.com\/ca\/","logo":{"@type":"ImageObject","inLanguage":"ca","@id":"https:\/\/artyplanevents.com\/ca\/#\/schema\/logo\/image\/","url":"https:\/\/preweb.artyplan.com\/wp-content\/uploads\/2025\/11\/Logo-artyplan-690x690-1.png","contentUrl":"https:\/\/preweb.artyplan.com\/wp-content\/uploads\/2025\/11\/Logo-artyplan-690x690-1.png","width":690,"height":690,"caption":"Artyplan"},"image":{"@id":"https:\/\/artyplanevents.com\/ca\/#\/schema\/logo\/image\/"},"sameAs":["https:\/\/www.facebook.com\/artyplan","https:\/\/x.com\/artyplan"]},{"@type":"Person","@id":"https:\/\/artyplanevents.com\/ca\/#\/schema\/person\/7e099d8fb4e2e75f604bce6a0026fc08","name":"jcartagena","image":{"@type":"ImageObject","inLanguage":"ca","@id":"https:\/\/secure.gravatar.com\/avatar\/74b6898d9dd18bcd06e733678b696165da09bb7631730fd9477d49273abe408c?s=96&d=mm&r=g","url":"https:\/\/secure.gravatar.com\/avatar\/74b6898d9dd18bcd06e733678b696165da09bb7631730fd9477d49273abe408c?s=96&d=mm&r=g","contentUrl":"https:\/\/secure.gravatar.com\/avatar\/74b6898d9dd18bcd06e733678b696165da09bb7631730fd9477d49273abe408c?s=96&d=mm&r=g","caption":"jcartagena"},"sameAs":["https:\/\/preweb.artyplan.com"],"url":"https:\/\/artyplanevents.com\/ca\/author\/jcartagena\/"}]}},"_links":{"self":[{"href":"https:\/\/artyplanevents.com\/ca\/wp-json\/wp\/v2\/posts\/5270","targetHints":{"allow":["GET"]}}],"collection":[{"href":"https:\/\/artyplanevents.com\/ca\/wp-json\/wp\/v2\/posts"}],"about":[{"href":"https:\/\/artyplanevents.com\/ca\/wp-json\/wp\/v2\/types\/post"}],"author":[{"embeddable":true,"href":"https:\/\/artyplanevents.com\/ca\/wp-json\/wp\/v2\/users\/1"}],"replies":[{"embeddable":true,"href":"https:\/\/artyplanevents.com\/ca\/wp-json\/wp\/v2\/comments?post=5270"}],"version-history":[{"count":1,"href":"https:\/\/artyplanevents.com\/ca\/wp-json\/wp\/v2\/posts\/5270\/revisions"}],"predecessor-version":[{"id":6366,"href":"https:\/\/artyplanevents.com\/ca\/wp-json\/wp\/v2\/posts\/5270\/revisions\/6366"}],"wp:featuredmedia":[{"embeddable":true,"href":"https:\/\/artyplanevents.com\/ca\/wp-json\/wp\/v2\/media\/5269"}],"wp:attachment":[{"href":"https:\/\/artyplanevents.com\/ca\/wp-json\/wp\/v2\/media?parent=5270"}],"wp:term":[{"taxonomy":"category","embeddable":true,"href":"https:\/\/artyplanevents.com\/ca\/wp-json\/wp\/v2\/categories?post=5270"},{"taxonomy":"post_tag","embeddable":true,"href":"https:\/\/artyplanevents.com\/ca\/wp-json\/wp\/v2\/tags?post=5270"}],"curies":[{"name":"wp","href":"https:\/\/api.w.org\/{rel}","templated":true}]}}