{"id":5419,"date":"2022-12-20T00:00:00","date_gmt":"2022-12-19T22:00:00","guid":{"rendered":"https:\/\/preweb.artyplan.com\/sin-categorizar\/materials-grafics-per-a-fires\/"},"modified":"2025-09-07T16:12:15","modified_gmt":"2025-09-07T14:12:15","slug":"materials-grafics-per-a-fires","status":"publish","type":"post","link":"https:\/\/artyplanevents.com\/ca\/blog\/materials-grafics-per-a-fires\/","title":{"rendered":"Materials gr\u00e0fics per a fires"},"content":{"rendered":"<p>Les fires d&#8217;empresa s\u00f3n una excel\u00b7lent oportunitat per a presentar i promocionar els productes o serveis de la teva empresa a potencials clients. \u00c9s important comptar amb materials gr\u00e0fics per a fires atractius i d&#8217;alta qualitat, per a transmetre de manera efectiva el missatge i la identitat de marca, cridant l&#8217;atenci\u00f3 dels visitants.<\/p>\n<h2>Quins materials gr\u00e0fics per a fires necessites?<\/h2>\n<p>Independentment del sector en el qual estiguis, posem a la teva disposici\u00f3 una gran varietat d&#8217;elements gr\u00e0fics perqu\u00e8 destaquis davant la teva compet\u00e8ncia durant els dies de congr\u00e9s empresarial. Aquests s\u00f3n alguns dels materials m\u00e9s utilitzats:<\/p>\n<ul>\n<li>\n<h3>Roll up<\/h3>\n<\/li>\n<\/ul>\n<p>Es tracta d&#8217;un cartell publicitari desplegable en el qual es mostra un missatge o imatge amb l&#8217;objectiu de promocionar una empresa o producte. S\u00f3n elements molt visuals pel que et recomanem que optis per imatges grans i no afegeixes molt text, recorda incloure un curt esl\u00f2gan que reforci la imatge. F\u00e0cils de transportar i de col\u00b7locar en qualsevol lloc.<\/p>\n<ul>\n<li>\n<h3>Photocall i estands<\/h3>\n<\/li>\n<\/ul>\n<p>S\u00f3n estructures port\u00e0tils el transport i muntatge de les quals \u00e9s senzill i s&#8217;utilitzen per a crear un espai atractiu alhora que funcional. Amb els estands port\u00e0tils per a fires pots tenir la seguretat que el teu projecte tindr\u00e0 el potencial que vulguis, ja que pots col\u00b7locar-los en qualsevol lloc i ampliar-los amb la instal\u00b7laci\u00f3 d&#8217;altres elements gr\u00e0fics.<\/p>\n<ul>\n<li>\n<h3>Banderoles<\/h3>\n<\/li>\n<\/ul>\n<p>Les seves formes i grand\u00e0ries s\u00f3n molt diverses, acostumen a estar col\u00b7locades a l&#8217;entrada de l&#8217;stand o de la fira. \u00datils per a cridar l&#8217;atenci\u00f3 dels visitants i assenyalar l&#8217;espai del teu stand dins d&#8217;aquesta perqu\u00e8 acabin acostant-se.<\/p>\n<ul>\n<li>\n<h3>Flyers i fulletons informatius<\/h3>\n<\/li>\n<\/ul>\n<p>Imprescindibles per a informar detalladament als usuaris sobre els productes o serveis m\u00e9s importants de l&#8217;empresa, amb l&#8217;objectiu que despr\u00e9s de la fira puguin consultar-los en qualsevol moment. Tenen diferents formats i gramatges , han de tenir un disseny atractiu i clar per a ajudar a potenciar la imatge de marca i el desig d&#8217;adquirir el producte per part del client interessat.<\/p>\n<h2><img fetchpriority=\"high\" decoding=\"async\" class=\"size-medium wp-image-8654 alignright\" src=\"https:\/\/preweb.artyplan.com\/wp-content\/uploads\/2025\/09\/tarjeta-de-visita-scaled.jpg\" alt=\"stand publicitari materials gr\u00e0fics\" width=\"300\" height=\"200\" \/><\/h2>\n<ul>\n<li>\n<h3>Targetes de visita i acreditacions<\/h3>\n<\/li>\n<\/ul>\n<p>Les targetes de presentaci\u00f3 s\u00f3n una eina molt \u00fatil perqu\u00e8 els visitants puguin tenir un contacte directe de la teva empresa a posteriori. \u00c9s important que estiguin ben dissenyades i presentin la informaci\u00f3 de manera concisa i clara. El mateix passa amb les acreditacions que necessitem per a accedir al congr\u00e9s i per a ser identificats dins del recinte.<\/p>\n<ul>\n<li>\n<h3>Marxandatge<\/h3>\n<\/li>\n<\/ul>\n<p>Els objectes promocionals, com a bol\u00edgrafs, borses, agendes, imants, clauers o tasses, s\u00f3n una manera efectiva de promocionar l&#8217;empresa i fidelizar als teus clients. \u00c9s important triar objectes de qualitat i amb un disseny atractiu.<\/p>\n<ul>\n<li>\n<h3>Lones<\/h3>\n<\/li>\n<\/ul>\n<p>Serveixen com a element publicitari d&#8217;un gran impacte visual, si s\u00f3n prou creativess i est\u00e1n ben dissenyadess serviran als assistents per a fer-se fotografies, amb la qual cosa la imatge de la marca sens dubte es potenciar\u00e0. Per a destacar la teva empresa entre la compet\u00e8ncia i que el teu stand pugui veure&#8217;s des de la dist\u00e0ncia, has de dissenyar una lona amb un disseny que cridi l&#8217;atenci\u00f3 i col\u00b7locar-la a una altura elevada perqu\u00e8 qualsevol persona pugui veure-la.<\/p>\n<ul>\n<li>\n<h3>Cat\u00e0legs<\/h3>\n<\/li>\n<\/ul>\n<p>La impressi\u00f3 de cat\u00e0legs per a fires forma part de tota campanya de m\u00e0rqueting d&#8217;\u00e8xit. Es tracta d&#8217;un element, que no pot faltar en el teu stand, on es recull tota l&#8217;oferta de productes o serveis que comercialitza la teva empresa.<\/p>\n<p>Si est\u00e0s buscant elements gr\u00e0fics per a fires, pots posar-te en <a href=\"http:\/\/artyplan.com\/ca\/contacte\/\" target=\"_blank\" rel=\"noopener\">contacte amb el nostre equip d&#8217;especialistes<\/a> i t&#8217;assessoraran sobre quins materials triar segons les necessitats dels teus projectes.<\/p>\n","protected":false},"excerpt":{"rendered":"<p>Les fires d&#8217;empresa s\u00f3n una excel\u00b7lent oportunitat per a presentar i promocionar els productes o serveis de la teva empresa a potencials clients. \u00c9s important comptar amb materials gr\u00e0fics per a fires atractius i d&#8217;alta qualitat, per a transmetre de manera efectiva el missatge i la identitat de marca, cridant l&#8217;atenci\u00f3 dels visitants. Quins materials [&hellip;]<\/p>\n","protected":false},"author":1,"featured_media":7097,"comment_status":"closed","ping_status":"closed","sticky":false,"template":"","format":"standard","meta":{"footnotes":""},"categories":[33],"tags":[],"class_list":["post-5419","post","type-post","status-publish","format-standard","has-post-thumbnail","hentry","category-noticies"],"yoast_head":"<!-- This site is optimized with the Yoast SEO plugin v27.4 - https:\/\/yoast.com\/product\/yoast-seo-wordpress\/ -->\n<title>Materials gr\u00e0fics per a fires | Artyplan<\/title>\n<meta name=\"description\" content=\"Est\u00e0s buscant materials gr\u00e0fics per a fires perqu\u00e8 la teva empresa \u00e9s expositora? Et recomanem quins s\u00f3n els m\u00e9s utilitzats.\" \/>\n<meta name=\"robots\" content=\"noindex, follow, max-snippet:-1, max-image-preview:large, max-video-preview:-1\" \/>\n<meta property=\"og:locale\" content=\"ca_ES\" \/>\n<meta property=\"og:type\" content=\"article\" \/>\n<meta property=\"og:title\" content=\"Materials gr\u00e0fics per a fires | Artyplan\" \/>\n<meta property=\"og:description\" content=\"Est\u00e0s buscant materials gr\u00e0fics per a fires perqu\u00e8 la teva empresa \u00e9s expositora? Et recomanem quins s\u00f3n els m\u00e9s utilitzats.\" \/>\n<meta property=\"og:url\" content=\"https:\/\/artyplanevents.com\/ca\/blog\/materials-grafics-per-a-fires\/\" \/>\n<meta property=\"og:site_name\" content=\"Artyplan\" \/>\n<meta property=\"article:publisher\" content=\"https:\/\/www.facebook.com\/artyplan\" \/>\n<meta property=\"article:published_time\" content=\"2022-12-19T22:00:00+00:00\" \/>\n<meta property=\"article:modified_time\" content=\"2025-09-07T14:12:15+00:00\" \/>\n<meta property=\"og:image\" content=\"https:\/\/artyplanevents.com\/wp-content\/uploads\/2025\/09\/stands-para-ferias.png\" \/>\n\t<meta property=\"og:image:width\" content=\"1920\" \/>\n\t<meta property=\"og:image:height\" content=\"600\" \/>\n\t<meta property=\"og:image:type\" content=\"image\/png\" \/>\n<meta name=\"author\" content=\"jcartagena\" \/>\n<meta name=\"twitter:card\" content=\"summary_large_image\" \/>\n<meta name=\"twitter:creator\" content=\"@artyplan\" \/>\n<meta name=\"twitter:site\" content=\"@artyplan\" \/>\n<meta name=\"twitter:label1\" content=\"Escrit per\" \/>\n\t<meta name=\"twitter:data1\" content=\"jcartagena\" \/>\n\t<meta name=\"twitter:label2\" content=\"Temps estimat de lectura\" \/>\n\t<meta name=\"twitter:data2\" content=\"3 minuts\" \/>\n<script type=\"application\/ld+json\" class=\"yoast-schema-graph\">{\"@context\":\"https:\\\/\\\/schema.org\",\"@graph\":[{\"@type\":\"Article\",\"@id\":\"https:\\\/\\\/artyplanevents.com\\\/ca\\\/blog\\\/materials-grafics-per-a-fires\\\/#article\",\"isPartOf\":{\"@id\":\"https:\\\/\\\/artyplanevents.com\\\/ca\\\/blog\\\/materials-grafics-per-a-fires\\\/\"},\"author\":{\"name\":\"jcartagena\",\"@id\":\"https:\\\/\\\/artyplanevents.com\\\/ca\\\/#\\\/schema\\\/person\\\/7e099d8fb4e2e75f604bce6a0026fc08\"},\"headline\":\"Materials gr\u00e0fics per a fires\",\"datePublished\":\"2022-12-19T22:00:00+00:00\",\"dateModified\":\"2025-09-07T14:12:15+00:00\",\"mainEntityOfPage\":{\"@id\":\"https:\\\/\\\/artyplanevents.com\\\/ca\\\/blog\\\/materials-grafics-per-a-fires\\\/\"},\"wordCount\":642,\"publisher\":{\"@id\":\"https:\\\/\\\/artyplanevents.com\\\/ca\\\/#organization\"},\"image\":{\"@id\":\"https:\\\/\\\/artyplanevents.com\\\/ca\\\/blog\\\/materials-grafics-per-a-fires\\\/#primaryimage\"},\"thumbnailUrl\":\"https:\\\/\\\/artyplanevents.com\\\/wp-content\\\/uploads\\\/2025\\\/09\\\/stands-para-ferias.png\",\"articleSection\":[\"Noticies\"],\"inLanguage\":\"ca\"},{\"@type\":\"WebPage\",\"@id\":\"https:\\\/\\\/artyplanevents.com\\\/ca\\\/blog\\\/materials-grafics-per-a-fires\\\/\",\"url\":\"https:\\\/\\\/artyplanevents.com\\\/ca\\\/blog\\\/materials-grafics-per-a-fires\\\/\",\"name\":\"Materials gr\u00e0fics per a fires | Artyplan\",\"isPartOf\":{\"@id\":\"https:\\\/\\\/artyplanevents.com\\\/ca\\\/#website\"},\"primaryImageOfPage\":{\"@id\":\"https:\\\/\\\/artyplanevents.com\\\/ca\\\/blog\\\/materials-grafics-per-a-fires\\\/#primaryimage\"},\"image\":{\"@id\":\"https:\\\/\\\/artyplanevents.com\\\/ca\\\/blog\\\/materials-grafics-per-a-fires\\\/#primaryimage\"},\"thumbnailUrl\":\"https:\\\/\\\/artyplanevents.com\\\/wp-content\\\/uploads\\\/2025\\\/09\\\/stands-para-ferias.png\",\"datePublished\":\"2022-12-19T22:00:00+00:00\",\"dateModified\":\"2025-09-07T14:12:15+00:00\",\"description\":\"Est\u00e0s buscant materials gr\u00e0fics per a fires perqu\u00e8 la teva empresa \u00e9s expositora? Et recomanem quins s\u00f3n els m\u00e9s utilitzats.\",\"breadcrumb\":{\"@id\":\"https:\\\/\\\/artyplanevents.com\\\/ca\\\/blog\\\/materials-grafics-per-a-fires\\\/#breadcrumb\"},\"inLanguage\":\"ca\",\"potentialAction\":[{\"@type\":\"ReadAction\",\"target\":[\"https:\\\/\\\/artyplanevents.com\\\/ca\\\/blog\\\/materials-grafics-per-a-fires\\\/\"]}]},{\"@type\":\"ImageObject\",\"inLanguage\":\"ca\",\"@id\":\"https:\\\/\\\/artyplanevents.com\\\/ca\\\/blog\\\/materials-grafics-per-a-fires\\\/#primaryimage\",\"url\":\"https:\\\/\\\/artyplanevents.com\\\/wp-content\\\/uploads\\\/2025\\\/09\\\/stands-para-ferias.png\",\"contentUrl\":\"https:\\\/\\\/artyplanevents.com\\\/wp-content\\\/uploads\\\/2025\\\/09\\\/stands-para-ferias.png\",\"width\":1920,\"height\":600,\"caption\":\"stand publicitari materials gr\u00e0fics|stand publicitari materials gr\u00e0fics\"},{\"@type\":\"BreadcrumbList\",\"@id\":\"https:\\\/\\\/artyplanevents.com\\\/ca\\\/blog\\\/materials-grafics-per-a-fires\\\/#breadcrumb\",\"itemListElement\":[{\"@type\":\"ListItem\",\"position\":1,\"name\":\"Artyplan\",\"item\":\"https:\\\/\\\/artyplanevents.com\\\/ca\\\/\"},{\"@type\":\"ListItem\",\"position\":2,\"name\":\"Materials gr\u00e0fics per a fires\"}]},{\"@type\":\"WebSite\",\"@id\":\"https:\\\/\\\/artyplanevents.com\\\/ca\\\/#website\",\"url\":\"https:\\\/\\\/artyplanevents.com\\\/ca\\\/\",\"name\":\"Artyplan\",\"description\":\"\",\"publisher\":{\"@id\":\"https:\\\/\\\/artyplanevents.com\\\/ca\\\/#organization\"},\"potentialAction\":[{\"@type\":\"SearchAction\",\"target\":{\"@type\":\"EntryPoint\",\"urlTemplate\":\"https:\\\/\\\/artyplanevents.com\\\/ca\\\/?s={search_term_string}\"},\"query-input\":{\"@type\":\"PropertyValueSpecification\",\"valueRequired\":true,\"valueName\":\"search_term_string\"}}],\"inLanguage\":\"ca\"},{\"@type\":\"Organization\",\"@id\":\"https:\\\/\\\/artyplanevents.com\\\/ca\\\/#organization\",\"name\":\"Artyplan\",\"url\":\"https:\\\/\\\/artyplanevents.com\\\/ca\\\/\",\"logo\":{\"@type\":\"ImageObject\",\"inLanguage\":\"ca\",\"@id\":\"https:\\\/\\\/artyplanevents.com\\\/ca\\\/#\\\/schema\\\/logo\\\/image\\\/\",\"url\":\"https:\\\/\\\/preweb.artyplan.com\\\/wp-content\\\/uploads\\\/2025\\\/11\\\/Logo-artyplan-690x690-1.png\",\"contentUrl\":\"https:\\\/\\\/preweb.artyplan.com\\\/wp-content\\\/uploads\\\/2025\\\/11\\\/Logo-artyplan-690x690-1.png\",\"width\":690,\"height\":690,\"caption\":\"Artyplan\"},\"image\":{\"@id\":\"https:\\\/\\\/artyplanevents.com\\\/ca\\\/#\\\/schema\\\/logo\\\/image\\\/\"},\"sameAs\":[\"https:\\\/\\\/www.facebook.com\\\/artyplan\",\"https:\\\/\\\/x.com\\\/artyplan\"]},{\"@type\":\"Person\",\"@id\":\"https:\\\/\\\/artyplanevents.com\\\/ca\\\/#\\\/schema\\\/person\\\/7e099d8fb4e2e75f604bce6a0026fc08\",\"name\":\"jcartagena\",\"image\":{\"@type\":\"ImageObject\",\"inLanguage\":\"ca\",\"@id\":\"https:\\\/\\\/secure.gravatar.com\\\/avatar\\\/74b6898d9dd18bcd06e733678b696165da09bb7631730fd9477d49273abe408c?s=96&d=mm&r=g\",\"url\":\"https:\\\/\\\/secure.gravatar.com\\\/avatar\\\/74b6898d9dd18bcd06e733678b696165da09bb7631730fd9477d49273abe408c?s=96&d=mm&r=g\",\"contentUrl\":\"https:\\\/\\\/secure.gravatar.com\\\/avatar\\\/74b6898d9dd18bcd06e733678b696165da09bb7631730fd9477d49273abe408c?s=96&d=mm&r=g\",\"caption\":\"jcartagena\"},\"sameAs\":[\"https:\\\/\\\/preweb.artyplan.com\"],\"url\":\"https:\\\/\\\/artyplanevents.com\\\/ca\\\/author\\\/jcartagena\\\/\"}]}<\/script>\n<!-- \/ Yoast SEO plugin. -->","yoast_head_json":{"title":"Materials gr\u00e0fics per a fires | Artyplan","description":"Est\u00e0s buscant materials gr\u00e0fics per a fires perqu\u00e8 la teva empresa \u00e9s expositora? Et recomanem quins s\u00f3n els m\u00e9s utilitzats.","robots":{"index":"noindex","follow":"follow","max-snippet":"max-snippet:-1","max-image-preview":"max-image-preview:large","max-video-preview":"max-video-preview:-1"},"og_locale":"ca_ES","og_type":"article","og_title":"Materials gr\u00e0fics per a fires | Artyplan","og_description":"Est\u00e0s buscant materials gr\u00e0fics per a fires perqu\u00e8 la teva empresa \u00e9s expositora? Et recomanem quins s\u00f3n els m\u00e9s utilitzats.","og_url":"https:\/\/artyplanevents.com\/ca\/blog\/materials-grafics-per-a-fires\/","og_site_name":"Artyplan","article_publisher":"https:\/\/www.facebook.com\/artyplan","article_published_time":"2022-12-19T22:00:00+00:00","article_modified_time":"2025-09-07T14:12:15+00:00","og_image":[{"width":1920,"height":600,"url":"https:\/\/artyplanevents.com\/wp-content\/uploads\/2025\/09\/stands-para-ferias.png","type":"image\/png"}],"author":"jcartagena","twitter_card":"summary_large_image","twitter_creator":"@artyplan","twitter_site":"@artyplan","twitter_misc":{"Escrit per":"jcartagena","Temps estimat de lectura":"3 minuts"},"schema":{"@context":"https:\/\/schema.org","@graph":[{"@type":"Article","@id":"https:\/\/artyplanevents.com\/ca\/blog\/materials-grafics-per-a-fires\/#article","isPartOf":{"@id":"https:\/\/artyplanevents.com\/ca\/blog\/materials-grafics-per-a-fires\/"},"author":{"name":"jcartagena","@id":"https:\/\/artyplanevents.com\/ca\/#\/schema\/person\/7e099d8fb4e2e75f604bce6a0026fc08"},"headline":"Materials gr\u00e0fics per a fires","datePublished":"2022-12-19T22:00:00+00:00","dateModified":"2025-09-07T14:12:15+00:00","mainEntityOfPage":{"@id":"https:\/\/artyplanevents.com\/ca\/blog\/materials-grafics-per-a-fires\/"},"wordCount":642,"publisher":{"@id":"https:\/\/artyplanevents.com\/ca\/#organization"},"image":{"@id":"https:\/\/artyplanevents.com\/ca\/blog\/materials-grafics-per-a-fires\/#primaryimage"},"thumbnailUrl":"https:\/\/artyplanevents.com\/wp-content\/uploads\/2025\/09\/stands-para-ferias.png","articleSection":["Noticies"],"inLanguage":"ca"},{"@type":"WebPage","@id":"https:\/\/artyplanevents.com\/ca\/blog\/materials-grafics-per-a-fires\/","url":"https:\/\/artyplanevents.com\/ca\/blog\/materials-grafics-per-a-fires\/","name":"Materials gr\u00e0fics per a fires | Artyplan","isPartOf":{"@id":"https:\/\/artyplanevents.com\/ca\/#website"},"primaryImageOfPage":{"@id":"https:\/\/artyplanevents.com\/ca\/blog\/materials-grafics-per-a-fires\/#primaryimage"},"image":{"@id":"https:\/\/artyplanevents.com\/ca\/blog\/materials-grafics-per-a-fires\/#primaryimage"},"thumbnailUrl":"https:\/\/artyplanevents.com\/wp-content\/uploads\/2025\/09\/stands-para-ferias.png","datePublished":"2022-12-19T22:00:00+00:00","dateModified":"2025-09-07T14:12:15+00:00","description":"Est\u00e0s buscant materials gr\u00e0fics per a fires perqu\u00e8 la teva empresa \u00e9s expositora? Et recomanem quins s\u00f3n els m\u00e9s utilitzats.","breadcrumb":{"@id":"https:\/\/artyplanevents.com\/ca\/blog\/materials-grafics-per-a-fires\/#breadcrumb"},"inLanguage":"ca","potentialAction":[{"@type":"ReadAction","target":["https:\/\/artyplanevents.com\/ca\/blog\/materials-grafics-per-a-fires\/"]}]},{"@type":"ImageObject","inLanguage":"ca","@id":"https:\/\/artyplanevents.com\/ca\/blog\/materials-grafics-per-a-fires\/#primaryimage","url":"https:\/\/artyplanevents.com\/wp-content\/uploads\/2025\/09\/stands-para-ferias.png","contentUrl":"https:\/\/artyplanevents.com\/wp-content\/uploads\/2025\/09\/stands-para-ferias.png","width":1920,"height":600,"caption":"stand publicitari materials gr\u00e0fics|stand publicitari materials gr\u00e0fics"},{"@type":"BreadcrumbList","@id":"https:\/\/artyplanevents.com\/ca\/blog\/materials-grafics-per-a-fires\/#breadcrumb","itemListElement":[{"@type":"ListItem","position":1,"name":"Artyplan","item":"https:\/\/artyplanevents.com\/ca\/"},{"@type":"ListItem","position":2,"name":"Materials gr\u00e0fics per a fires"}]},{"@type":"WebSite","@id":"https:\/\/artyplanevents.com\/ca\/#website","url":"https:\/\/artyplanevents.com\/ca\/","name":"Artyplan","description":"","publisher":{"@id":"https:\/\/artyplanevents.com\/ca\/#organization"},"potentialAction":[{"@type":"SearchAction","target":{"@type":"EntryPoint","urlTemplate":"https:\/\/artyplanevents.com\/ca\/?s={search_term_string}"},"query-input":{"@type":"PropertyValueSpecification","valueRequired":true,"valueName":"search_term_string"}}],"inLanguage":"ca"},{"@type":"Organization","@id":"https:\/\/artyplanevents.com\/ca\/#organization","name":"Artyplan","url":"https:\/\/artyplanevents.com\/ca\/","logo":{"@type":"ImageObject","inLanguage":"ca","@id":"https:\/\/artyplanevents.com\/ca\/#\/schema\/logo\/image\/","url":"https:\/\/preweb.artyplan.com\/wp-content\/uploads\/2025\/11\/Logo-artyplan-690x690-1.png","contentUrl":"https:\/\/preweb.artyplan.com\/wp-content\/uploads\/2025\/11\/Logo-artyplan-690x690-1.png","width":690,"height":690,"caption":"Artyplan"},"image":{"@id":"https:\/\/artyplanevents.com\/ca\/#\/schema\/logo\/image\/"},"sameAs":["https:\/\/www.facebook.com\/artyplan","https:\/\/x.com\/artyplan"]},{"@type":"Person","@id":"https:\/\/artyplanevents.com\/ca\/#\/schema\/person\/7e099d8fb4e2e75f604bce6a0026fc08","name":"jcartagena","image":{"@type":"ImageObject","inLanguage":"ca","@id":"https:\/\/secure.gravatar.com\/avatar\/74b6898d9dd18bcd06e733678b696165da09bb7631730fd9477d49273abe408c?s=96&d=mm&r=g","url":"https:\/\/secure.gravatar.com\/avatar\/74b6898d9dd18bcd06e733678b696165da09bb7631730fd9477d49273abe408c?s=96&d=mm&r=g","contentUrl":"https:\/\/secure.gravatar.com\/avatar\/74b6898d9dd18bcd06e733678b696165da09bb7631730fd9477d49273abe408c?s=96&d=mm&r=g","caption":"jcartagena"},"sameAs":["https:\/\/preweb.artyplan.com"],"url":"https:\/\/artyplanevents.com\/ca\/author\/jcartagena\/"}]}},"_links":{"self":[{"href":"https:\/\/artyplanevents.com\/ca\/wp-json\/wp\/v2\/posts\/5419","targetHints":{"allow":["GET"]}}],"collection":[{"href":"https:\/\/artyplanevents.com\/ca\/wp-json\/wp\/v2\/posts"}],"about":[{"href":"https:\/\/artyplanevents.com\/ca\/wp-json\/wp\/v2\/types\/post"}],"author":[{"embeddable":true,"href":"https:\/\/artyplanevents.com\/ca\/wp-json\/wp\/v2\/users\/1"}],"replies":[{"embeddable":true,"href":"https:\/\/artyplanevents.com\/ca\/wp-json\/wp\/v2\/comments?post=5419"}],"version-history":[{"count":7,"href":"https:\/\/artyplanevents.com\/ca\/wp-json\/wp\/v2\/posts\/5419\/revisions"}],"predecessor-version":[{"id":7718,"href":"https:\/\/artyplanevents.com\/ca\/wp-json\/wp\/v2\/posts\/5419\/revisions\/7718"}],"wp:featuredmedia":[{"embeddable":true,"href":"https:\/\/artyplanevents.com\/ca\/wp-json\/wp\/v2\/media\/7097"}],"wp:attachment":[{"href":"https:\/\/artyplanevents.com\/ca\/wp-json\/wp\/v2\/media?parent=5419"}],"wp:term":[{"taxonomy":"category","embeddable":true,"href":"https:\/\/artyplanevents.com\/ca\/wp-json\/wp\/v2\/categories?post=5419"},{"taxonomy":"post_tag","embeddable":true,"href":"https:\/\/artyplanevents.com\/ca\/wp-json\/wp\/v2\/tags?post=5419"}],"curies":[{"name":"wp","href":"https:\/\/api.w.org\/{rel}","templated":true}]}}