{"id":5434,"date":"2023-01-04T00:00:00","date_gmt":"2023-01-03T22:00:00","guid":{"rendered":"https:\/\/preweb.artyplan.com\/sin-categorizar\/vinils-decoratius-per-a-vidres\/"},"modified":"2025-09-07T16:12:25","modified_gmt":"2025-09-07T14:12:25","slug":"vinils-decoratius-per-a-vidres","status":"publish","type":"post","link":"https:\/\/artyplanevents.com\/ca\/blog\/vinils-decoratius-per-a-vidres\/","title":{"rendered":"Vinils decoratius per a vidres"},"content":{"rendered":"<p>Els vinils decoratius per a vidres s\u00f3n una forma popular i assequible d&#8217;afegir un toc personal i \u00fanic a espais dins de la teva empresa. Aquests adhesius<strong> s&#8217;apliquen directament en qualsevol vidre o superf\u00edcie<\/strong> llisa i vidriosa. En aquest article <strong>destacarem tres tipus de vinils<\/strong>, encara que existeixen altres estils:<\/p>\n<ul>\n<li><strong>Vinils transl\u00facids<\/strong> per a vidres d&#8217;exteriors o interiors: s\u00f3n una opci\u00f3 cada vegada m\u00e9s utilitzada per a afegir privacitat, ja que deixen passar la llum, per\u00f2 no permeten veure a trav\u00e9s d&#8217;ells. Aix\u00f2 \u00e9s especialment \u00fatil per a oficines o botigues a peu de carrer.<\/li>\n<li><strong>Vinils opacs <\/strong>per a finestres que poden utilitzar-se tipus mural i que permeten als usuaris gaudir de fotografies o dissenys amb una gran qualitat.<\/li>\n<li><strong>Vinils transparents<\/strong> que s\u00f3n un dels recursos m\u00e9s utilitzats per a donar protagonisme a l&#8217;aparador i a l&#8217;interior de botigues.<\/li>\n<\/ul>\n<p>Els tres tenen una gran <strong>versatilitat pel que fa a dissenys, mides i estils,<\/strong> per la qual cosa \u00e9s f\u00e0cil trobar un que s&#8217;adapti a la teva imatge de marca.<\/p>\n<p>Aquests vinils personalitzats poden ser <strong>f\u00e0cilment removibles sense fer malb\u00e9 el vidre<\/strong> i, s\u00f3n molt f\u00e0cils de netejar i mantenir: n&#8217;hi ha prou amb passar un drap humit i una mica de netejador de vidre per a eliminar la brut\u00edcia i les taques.<\/p>\n<p>Respecte a la seva resist\u00e8ncia i durabilitat, els vinils decoratius per a finestres o per a qualsevol altra superf\u00edcie poden suportar estar exposats a la intemp\u00e8rie i a la descoloraci\u00f3, per la qual cosa<strong> tenen una gran durabilitat.<\/strong><\/p>\n<h2>Vinils decoratius per a vidres: \u00fatil per qualsevol negoci<\/h2>\n<p>Sigui quin sigui el teu negoci, trobar\u00e0s el vinil amb les caracter\u00edstiques que millor s&#8217;adaptin a les teves necessitats:<\/p>\n<ul>\n<li><strong>Vinils per a oficines\u00a0<\/strong>per a millorar l&#8217;ambient de treball.<\/li>\n<li><strong>Vinils per a restauraci\u00f3<\/strong> perqu\u00e8 els teus clients es relaxin menjant.<\/li>\n<li><strong>Vinils per a hotels<\/strong> amb els quals els teus hostes se sentiran c\u00f2modes.<\/li>\n<li><strong>Vinils per a col\u00b7legis<\/strong>, guarderies i centres educatius perqu\u00e8 els nens gaudeixin aprenent.<\/li>\n<li><strong>Vinils per a botigues<\/strong> i aparadors per a atreure nous clients.<\/li>\n<\/ul>\n<h2>Artyplan: Vinils decoratius per a vidres a mida<\/h2>\n<p>Produ\u00efm diferents tipus de vinils per a vidres: <strong><a href=\"http:\/\/artyplan.com\/ca\/productes-impressio\/serveis-dimpressio-de-gran-format\/vinils-de-tall\/\" target=\"_blank\" rel=\"noopener\">vinils de tall<\/a> i <a href=\"http:\/\/artyplan.com\/ca\/productes-impressio\/serveis-dimpressio-de-gran-format\/vinils-impres\/\" target=\"_blank\" rel=\"noopener\">vinils impresos<\/a>, amb una \u00e0mplia gamma de dissenys i estils<\/strong>, des de gr\u00e0fics atractius i patrons abstractes fins a imatges de paisatges. Si b\u00e9, <strong>podem personalitzar un vinil amb el disseny que desitgis<\/strong> i que vagi d&#8217;acord amb la teva identitat de marca. Aix\u00f2 et donar\u00e0 l&#8217;oportunitat de tenir un estil \u00fanic i original.<\/p>\n<p>Si ho necessites, pots <strong>sol\u00b7licitar la instal\u00b7laci\u00f3 per part del nostre equip de professionals<\/strong> de vinils personalitzats per a finestres o qualsevol altra superf\u00edcie. Ells s&#8217;asseguraran de no deixar residus ni fer malb\u00e9 el vidre en el qual se situ\u00ef.<\/p>\n","protected":false},"excerpt":{"rendered":"<p>Els vinils decoratius per a vidres s\u00f3n una forma popular i assequible d&#8217;afegir un toc personal i \u00fanic a espais dins de la teva empresa. Aquests adhesius s&#8217;apliquen directament en qualsevol vidre o superf\u00edcie llisa i vidriosa. En aquest article destacarem tres tipus de vinils, encara que existeixen altres estils: Vinils transl\u00facids per a vidres [&hellip;]<\/p>\n","protected":false},"author":1,"featured_media":5433,"comment_status":"closed","ping_status":"closed","sticky":false,"template":"","format":"standard","meta":{"footnotes":""},"categories":[33],"tags":[],"class_list":["post-5434","post","type-post","status-publish","format-standard","has-post-thumbnail","hentry","category-noticies"],"yoast_head":"<!-- This site is optimized with the Yoast SEO plugin v27.4 - https:\/\/yoast.com\/product\/yoast-seo-wordpress\/ -->\n<title>Vinils decoratius per a vidres | Artyplan<\/title>\n<meta name=\"description\" content=\"Hi ha multitud de vinils decoratius per a vidres segons la finalitat de la seva ubicaci\u00f3. Tots ells \u00fatils per a qualsevol tipus de negoci.\" \/>\n<meta name=\"robots\" content=\"noindex, follow, max-snippet:-1, max-image-preview:large, max-video-preview:-1\" \/>\n<meta property=\"og:locale\" content=\"ca_ES\" \/>\n<meta property=\"og:type\" content=\"article\" \/>\n<meta property=\"og:title\" content=\"Vinils decoratius per a vidres | Artyplan\" \/>\n<meta property=\"og:description\" content=\"Hi ha multitud de vinils decoratius per a vidres segons la finalitat de la seva ubicaci\u00f3. Tots ells \u00fatils per a qualsevol tipus de negoci.\" \/>\n<meta property=\"og:url\" content=\"https:\/\/artyplanevents.com\/ca\/blog\/vinils-decoratius-per-a-vidres\/\" \/>\n<meta property=\"og:site_name\" content=\"Artyplan\" \/>\n<meta property=\"article:publisher\" content=\"https:\/\/www.facebook.com\/artyplan\" \/>\n<meta property=\"article:published_time\" content=\"2023-01-03T22:00:00+00:00\" \/>\n<meta property=\"article:modified_time\" content=\"2025-09-07T14:12:25+00:00\" \/>\n<meta property=\"og:image\" content=\"https:\/\/artyplanevents.com\/wp-content\/uploads\/2025\/09\/vinilo-oficinas.jpg\" \/>\n\t<meta property=\"og:image:width\" content=\"1920\" \/>\n\t<meta property=\"og:image:height\" content=\"600\" \/>\n\t<meta property=\"og:image:type\" content=\"image\/jpeg\" \/>\n<meta name=\"author\" content=\"jcartagena\" \/>\n<meta name=\"twitter:card\" content=\"summary_large_image\" \/>\n<meta name=\"twitter:creator\" content=\"@artyplan\" \/>\n<meta name=\"twitter:site\" content=\"@artyplan\" \/>\n<meta name=\"twitter:label1\" content=\"Escrit per\" \/>\n\t<meta name=\"twitter:data1\" content=\"jcartagena\" \/>\n\t<meta name=\"twitter:label2\" content=\"Temps estimat de lectura\" \/>\n\t<meta name=\"twitter:data2\" content=\"2 minuts\" \/>\n<script type=\"application\/ld+json\" class=\"yoast-schema-graph\">{\"@context\":\"https:\\\/\\\/schema.org\",\"@graph\":[{\"@type\":\"Article\",\"@id\":\"https:\\\/\\\/artyplanevents.com\\\/ca\\\/blog\\\/vinils-decoratius-per-a-vidres\\\/#article\",\"isPartOf\":{\"@id\":\"https:\\\/\\\/artyplanevents.com\\\/ca\\\/blog\\\/vinils-decoratius-per-a-vidres\\\/\"},\"author\":{\"name\":\"jcartagena\",\"@id\":\"https:\\\/\\\/artyplanevents.com\\\/ca\\\/#\\\/schema\\\/person\\\/7e099d8fb4e2e75f604bce6a0026fc08\"},\"headline\":\"Vinils decoratius per a vidres\",\"datePublished\":\"2023-01-03T22:00:00+00:00\",\"dateModified\":\"2025-09-07T14:12:25+00:00\",\"mainEntityOfPage\":{\"@id\":\"https:\\\/\\\/artyplanevents.com\\\/ca\\\/blog\\\/vinils-decoratius-per-a-vidres\\\/\"},\"wordCount\":493,\"publisher\":{\"@id\":\"https:\\\/\\\/artyplanevents.com\\\/ca\\\/#organization\"},\"image\":{\"@id\":\"https:\\\/\\\/artyplanevents.com\\\/ca\\\/blog\\\/vinils-decoratius-per-a-vidres\\\/#primaryimage\"},\"thumbnailUrl\":\"https:\\\/\\\/artyplanevents.com\\\/wp-content\\\/uploads\\\/2025\\\/09\\\/vinilo-oficinas.jpg\",\"articleSection\":[\"Noticies\"],\"inLanguage\":\"ca\"},{\"@type\":\"WebPage\",\"@id\":\"https:\\\/\\\/artyplanevents.com\\\/ca\\\/blog\\\/vinils-decoratius-per-a-vidres\\\/\",\"url\":\"https:\\\/\\\/artyplanevents.com\\\/ca\\\/blog\\\/vinils-decoratius-per-a-vidres\\\/\",\"name\":\"Vinils decoratius per a vidres | Artyplan\",\"isPartOf\":{\"@id\":\"https:\\\/\\\/artyplanevents.com\\\/ca\\\/#website\"},\"primaryImageOfPage\":{\"@id\":\"https:\\\/\\\/artyplanevents.com\\\/ca\\\/blog\\\/vinils-decoratius-per-a-vidres\\\/#primaryimage\"},\"image\":{\"@id\":\"https:\\\/\\\/artyplanevents.com\\\/ca\\\/blog\\\/vinils-decoratius-per-a-vidres\\\/#primaryimage\"},\"thumbnailUrl\":\"https:\\\/\\\/artyplanevents.com\\\/wp-content\\\/uploads\\\/2025\\\/09\\\/vinilo-oficinas.jpg\",\"datePublished\":\"2023-01-03T22:00:00+00:00\",\"dateModified\":\"2025-09-07T14:12:25+00:00\",\"description\":\"Hi ha multitud de vinils decoratius per a vidres segons la finalitat de la seva ubicaci\u00f3. Tots ells \u00fatils per a qualsevol tipus de negoci.\",\"breadcrumb\":{\"@id\":\"https:\\\/\\\/artyplanevents.com\\\/ca\\\/blog\\\/vinils-decoratius-per-a-vidres\\\/#breadcrumb\"},\"inLanguage\":\"ca\",\"potentialAction\":[{\"@type\":\"ReadAction\",\"target\":[\"https:\\\/\\\/artyplanevents.com\\\/ca\\\/blog\\\/vinils-decoratius-per-a-vidres\\\/\"]}]},{\"@type\":\"ImageObject\",\"inLanguage\":\"ca\",\"@id\":\"https:\\\/\\\/artyplanevents.com\\\/ca\\\/blog\\\/vinils-decoratius-per-a-vidres\\\/#primaryimage\",\"url\":\"https:\\\/\\\/artyplanevents.com\\\/wp-content\\\/uploads\\\/2025\\\/09\\\/vinilo-oficinas.jpg\",\"contentUrl\":\"https:\\\/\\\/artyplanevents.com\\\/wp-content\\\/uploads\\\/2025\\\/09\\\/vinilo-oficinas.jpg\",\"width\":1920,\"height\":600,\"caption\":\"vinilo oficinas|vinilos restaurantes|\"},{\"@type\":\"BreadcrumbList\",\"@id\":\"https:\\\/\\\/artyplanevents.com\\\/ca\\\/blog\\\/vinils-decoratius-per-a-vidres\\\/#breadcrumb\",\"itemListElement\":[{\"@type\":\"ListItem\",\"position\":1,\"name\":\"Artyplan\",\"item\":\"https:\\\/\\\/artyplanevents.com\\\/ca\\\/\"},{\"@type\":\"ListItem\",\"position\":2,\"name\":\"Vinils decoratius per a vidres\"}]},{\"@type\":\"WebSite\",\"@id\":\"https:\\\/\\\/artyplanevents.com\\\/ca\\\/#website\",\"url\":\"https:\\\/\\\/artyplanevents.com\\\/ca\\\/\",\"name\":\"Artyplan\",\"description\":\"\",\"publisher\":{\"@id\":\"https:\\\/\\\/artyplanevents.com\\\/ca\\\/#organization\"},\"potentialAction\":[{\"@type\":\"SearchAction\",\"target\":{\"@type\":\"EntryPoint\",\"urlTemplate\":\"https:\\\/\\\/artyplanevents.com\\\/ca\\\/?s={search_term_string}\"},\"query-input\":{\"@type\":\"PropertyValueSpecification\",\"valueRequired\":true,\"valueName\":\"search_term_string\"}}],\"inLanguage\":\"ca\"},{\"@type\":\"Organization\",\"@id\":\"https:\\\/\\\/artyplanevents.com\\\/ca\\\/#organization\",\"name\":\"Artyplan\",\"url\":\"https:\\\/\\\/artyplanevents.com\\\/ca\\\/\",\"logo\":{\"@type\":\"ImageObject\",\"inLanguage\":\"ca\",\"@id\":\"https:\\\/\\\/artyplanevents.com\\\/ca\\\/#\\\/schema\\\/logo\\\/image\\\/\",\"url\":\"https:\\\/\\\/preweb.artyplan.com\\\/wp-content\\\/uploads\\\/2025\\\/11\\\/Logo-artyplan-690x690-1.png\",\"contentUrl\":\"https:\\\/\\\/preweb.artyplan.com\\\/wp-content\\\/uploads\\\/2025\\\/11\\\/Logo-artyplan-690x690-1.png\",\"width\":690,\"height\":690,\"caption\":\"Artyplan\"},\"image\":{\"@id\":\"https:\\\/\\\/artyplanevents.com\\\/ca\\\/#\\\/schema\\\/logo\\\/image\\\/\"},\"sameAs\":[\"https:\\\/\\\/www.facebook.com\\\/artyplan\",\"https:\\\/\\\/x.com\\\/artyplan\"]},{\"@type\":\"Person\",\"@id\":\"https:\\\/\\\/artyplanevents.com\\\/ca\\\/#\\\/schema\\\/person\\\/7e099d8fb4e2e75f604bce6a0026fc08\",\"name\":\"jcartagena\",\"image\":{\"@type\":\"ImageObject\",\"inLanguage\":\"ca\",\"@id\":\"https:\\\/\\\/secure.gravatar.com\\\/avatar\\\/74b6898d9dd18bcd06e733678b696165da09bb7631730fd9477d49273abe408c?s=96&d=mm&r=g\",\"url\":\"https:\\\/\\\/secure.gravatar.com\\\/avatar\\\/74b6898d9dd18bcd06e733678b696165da09bb7631730fd9477d49273abe408c?s=96&d=mm&r=g\",\"contentUrl\":\"https:\\\/\\\/secure.gravatar.com\\\/avatar\\\/74b6898d9dd18bcd06e733678b696165da09bb7631730fd9477d49273abe408c?s=96&d=mm&r=g\",\"caption\":\"jcartagena\"},\"sameAs\":[\"https:\\\/\\\/preweb.artyplan.com\"],\"url\":\"https:\\\/\\\/artyplanevents.com\\\/ca\\\/author\\\/jcartagena\\\/\"}]}<\/script>\n<!-- \/ Yoast SEO plugin. -->","yoast_head_json":{"title":"Vinils decoratius per a vidres | Artyplan","description":"Hi ha multitud de vinils decoratius per a vidres segons la finalitat de la seva ubicaci\u00f3. Tots ells \u00fatils per a qualsevol tipus de negoci.","robots":{"index":"noindex","follow":"follow","max-snippet":"max-snippet:-1","max-image-preview":"max-image-preview:large","max-video-preview":"max-video-preview:-1"},"og_locale":"ca_ES","og_type":"article","og_title":"Vinils decoratius per a vidres | Artyplan","og_description":"Hi ha multitud de vinils decoratius per a vidres segons la finalitat de la seva ubicaci\u00f3. Tots ells \u00fatils per a qualsevol tipus de negoci.","og_url":"https:\/\/artyplanevents.com\/ca\/blog\/vinils-decoratius-per-a-vidres\/","og_site_name":"Artyplan","article_publisher":"https:\/\/www.facebook.com\/artyplan","article_published_time":"2023-01-03T22:00:00+00:00","article_modified_time":"2025-09-07T14:12:25+00:00","og_image":[{"width":1920,"height":600,"url":"https:\/\/artyplanevents.com\/wp-content\/uploads\/2025\/09\/vinilo-oficinas.jpg","type":"image\/jpeg"}],"author":"jcartagena","twitter_card":"summary_large_image","twitter_creator":"@artyplan","twitter_site":"@artyplan","twitter_misc":{"Escrit per":"jcartagena","Temps estimat de lectura":"2 minuts"},"schema":{"@context":"https:\/\/schema.org","@graph":[{"@type":"Article","@id":"https:\/\/artyplanevents.com\/ca\/blog\/vinils-decoratius-per-a-vidres\/#article","isPartOf":{"@id":"https:\/\/artyplanevents.com\/ca\/blog\/vinils-decoratius-per-a-vidres\/"},"author":{"name":"jcartagena","@id":"https:\/\/artyplanevents.com\/ca\/#\/schema\/person\/7e099d8fb4e2e75f604bce6a0026fc08"},"headline":"Vinils decoratius per a vidres","datePublished":"2023-01-03T22:00:00+00:00","dateModified":"2025-09-07T14:12:25+00:00","mainEntityOfPage":{"@id":"https:\/\/artyplanevents.com\/ca\/blog\/vinils-decoratius-per-a-vidres\/"},"wordCount":493,"publisher":{"@id":"https:\/\/artyplanevents.com\/ca\/#organization"},"image":{"@id":"https:\/\/artyplanevents.com\/ca\/blog\/vinils-decoratius-per-a-vidres\/#primaryimage"},"thumbnailUrl":"https:\/\/artyplanevents.com\/wp-content\/uploads\/2025\/09\/vinilo-oficinas.jpg","articleSection":["Noticies"],"inLanguage":"ca"},{"@type":"WebPage","@id":"https:\/\/artyplanevents.com\/ca\/blog\/vinils-decoratius-per-a-vidres\/","url":"https:\/\/artyplanevents.com\/ca\/blog\/vinils-decoratius-per-a-vidres\/","name":"Vinils decoratius per a vidres | Artyplan","isPartOf":{"@id":"https:\/\/artyplanevents.com\/ca\/#website"},"primaryImageOfPage":{"@id":"https:\/\/artyplanevents.com\/ca\/blog\/vinils-decoratius-per-a-vidres\/#primaryimage"},"image":{"@id":"https:\/\/artyplanevents.com\/ca\/blog\/vinils-decoratius-per-a-vidres\/#primaryimage"},"thumbnailUrl":"https:\/\/artyplanevents.com\/wp-content\/uploads\/2025\/09\/vinilo-oficinas.jpg","datePublished":"2023-01-03T22:00:00+00:00","dateModified":"2025-09-07T14:12:25+00:00","description":"Hi ha multitud de vinils decoratius per a vidres segons la finalitat de la seva ubicaci\u00f3. Tots ells \u00fatils per a qualsevol tipus de negoci.","breadcrumb":{"@id":"https:\/\/artyplanevents.com\/ca\/blog\/vinils-decoratius-per-a-vidres\/#breadcrumb"},"inLanguage":"ca","potentialAction":[{"@type":"ReadAction","target":["https:\/\/artyplanevents.com\/ca\/blog\/vinils-decoratius-per-a-vidres\/"]}]},{"@type":"ImageObject","inLanguage":"ca","@id":"https:\/\/artyplanevents.com\/ca\/blog\/vinils-decoratius-per-a-vidres\/#primaryimage","url":"https:\/\/artyplanevents.com\/wp-content\/uploads\/2025\/09\/vinilo-oficinas.jpg","contentUrl":"https:\/\/artyplanevents.com\/wp-content\/uploads\/2025\/09\/vinilo-oficinas.jpg","width":1920,"height":600,"caption":"vinilo oficinas|vinilos restaurantes|"},{"@type":"BreadcrumbList","@id":"https:\/\/artyplanevents.com\/ca\/blog\/vinils-decoratius-per-a-vidres\/#breadcrumb","itemListElement":[{"@type":"ListItem","position":1,"name":"Artyplan","item":"https:\/\/artyplanevents.com\/ca\/"},{"@type":"ListItem","position":2,"name":"Vinils decoratius per a vidres"}]},{"@type":"WebSite","@id":"https:\/\/artyplanevents.com\/ca\/#website","url":"https:\/\/artyplanevents.com\/ca\/","name":"Artyplan","description":"","publisher":{"@id":"https:\/\/artyplanevents.com\/ca\/#organization"},"potentialAction":[{"@type":"SearchAction","target":{"@type":"EntryPoint","urlTemplate":"https:\/\/artyplanevents.com\/ca\/?s={search_term_string}"},"query-input":{"@type":"PropertyValueSpecification","valueRequired":true,"valueName":"search_term_string"}}],"inLanguage":"ca"},{"@type":"Organization","@id":"https:\/\/artyplanevents.com\/ca\/#organization","name":"Artyplan","url":"https:\/\/artyplanevents.com\/ca\/","logo":{"@type":"ImageObject","inLanguage":"ca","@id":"https:\/\/artyplanevents.com\/ca\/#\/schema\/logo\/image\/","url":"https:\/\/preweb.artyplan.com\/wp-content\/uploads\/2025\/11\/Logo-artyplan-690x690-1.png","contentUrl":"https:\/\/preweb.artyplan.com\/wp-content\/uploads\/2025\/11\/Logo-artyplan-690x690-1.png","width":690,"height":690,"caption":"Artyplan"},"image":{"@id":"https:\/\/artyplanevents.com\/ca\/#\/schema\/logo\/image\/"},"sameAs":["https:\/\/www.facebook.com\/artyplan","https:\/\/x.com\/artyplan"]},{"@type":"Person","@id":"https:\/\/artyplanevents.com\/ca\/#\/schema\/person\/7e099d8fb4e2e75f604bce6a0026fc08","name":"jcartagena","image":{"@type":"ImageObject","inLanguage":"ca","@id":"https:\/\/secure.gravatar.com\/avatar\/74b6898d9dd18bcd06e733678b696165da09bb7631730fd9477d49273abe408c?s=96&d=mm&r=g","url":"https:\/\/secure.gravatar.com\/avatar\/74b6898d9dd18bcd06e733678b696165da09bb7631730fd9477d49273abe408c?s=96&d=mm&r=g","contentUrl":"https:\/\/secure.gravatar.com\/avatar\/74b6898d9dd18bcd06e733678b696165da09bb7631730fd9477d49273abe408c?s=96&d=mm&r=g","caption":"jcartagena"},"sameAs":["https:\/\/preweb.artyplan.com"],"url":"https:\/\/artyplanevents.com\/ca\/author\/jcartagena\/"}]}},"_links":{"self":[{"href":"https:\/\/artyplanevents.com\/ca\/wp-json\/wp\/v2\/posts\/5434","targetHints":{"allow":["GET"]}}],"collection":[{"href":"https:\/\/artyplanevents.com\/ca\/wp-json\/wp\/v2\/posts"}],"about":[{"href":"https:\/\/artyplanevents.com\/ca\/wp-json\/wp\/v2\/types\/post"}],"author":[{"embeddable":true,"href":"https:\/\/artyplanevents.com\/ca\/wp-json\/wp\/v2\/users\/1"}],"replies":[{"embeddable":true,"href":"https:\/\/artyplanevents.com\/ca\/wp-json\/wp\/v2\/comments?post=5434"}],"version-history":[{"count":1,"href":"https:\/\/artyplanevents.com\/ca\/wp-json\/wp\/v2\/posts\/5434\/revisions"}],"predecessor-version":[{"id":6472,"href":"https:\/\/artyplanevents.com\/ca\/wp-json\/wp\/v2\/posts\/5434\/revisions\/6472"}],"wp:featuredmedia":[{"embeddable":true,"href":"https:\/\/artyplanevents.com\/ca\/wp-json\/wp\/v2\/media\/5433"}],"wp:attachment":[{"href":"https:\/\/artyplanevents.com\/ca\/wp-json\/wp\/v2\/media?parent=5434"}],"wp:term":[{"taxonomy":"category","embeddable":true,"href":"https:\/\/artyplanevents.com\/ca\/wp-json\/wp\/v2\/categories?post=5434"},{"taxonomy":"post_tag","embeddable":true,"href":"https:\/\/artyplanevents.com\/ca\/wp-json\/wp\/v2\/tags?post=5434"}],"curies":[{"name":"wp","href":"https:\/\/api.w.org\/{rel}","templated":true}]}}