{"id":5453,"date":"2020-06-25T00:00:00","date_gmt":"2020-06-24T22:00:00","guid":{"rendered":"https:\/\/preweb.artyplan.com\/sin-categorizar\/beneficis-de-les-tintes-ecologiques-en-la-impressio-digital\/"},"modified":"2025-09-07T16:12:45","modified_gmt":"2025-09-07T14:12:45","slug":"beneficis-de-les-tintes-ecologiques-en-la-impressio-digital","status":"publish","type":"post","link":"https:\/\/artyplanevents.com\/ca\/blog\/beneficis-de-les-tintes-ecologiques-en-la-impressio-digital\/","title":{"rendered":"Beneficis de les tintes ecol\u00f2giques en la impressi\u00f3 digital"},"content":{"rendered":"<p>La\u00a0<strong>ind\u00fastria gr\u00e0fica<\/strong> ha posat els seus ulls en la cerca de materials respectuosos amb el medi ambient. L&#8217;\u00fas de <strong>tintes ecol\u00f2giques en la impressi\u00f3 digital\u00a0<\/strong>\u00e9s una de les grans apostes en el sector de la impremta.1<\/p>\n<p>La\u00a0<a href=\"http:\/\/artyplan.com\/ca\/productes-impressio\/serveis-dimpressio-de-gran-format\/\" target=\"_blank\" rel=\"noopener\">impressi\u00f3 digital respectuosa<\/a>\u00a0\u00e9s un pas en direcci\u00f3 correcta cap a la sostenibilitat. La qualitat i els resultats s\u00f3n impressionants, i al mateix temps, posem un granet de sorra per a salvar el planeta.<\/p>\n<h2>Beneficis de les tintes ecol\u00f2giques en la impressi\u00f3 digital<\/h2>\n<p>Les tintes amb base de petroli o pl\u00e0stic contenen productes qu\u00edmics perjudicials per a la nostra qualitat de vida. La\u00a0<strong>impressi\u00f3 ecol\u00f2gica<\/strong>\u00a0\u00e9s l&#8217;alternativa no contaminant perqu\u00e8 les denominades\u00a0tintes verdes\u00a0utilitzen ingredients org\u00e0nics, com la soia o vegetals. Et comptem m\u00e9s sobre elles.<\/p>\n<h3>Tipus de tintes ecol\u00f2giques<\/h3>\n<p>&#8211; La<strong>\u00a0tinta amb base de soia\u00a0<\/strong>\u00e9s una alternativa fant\u00e0stica que pots utilitzar i que reprodueix efectes similars a la base de petroli. El m\u00e9s important \u00e9s que no produeix efectes t\u00f2xics.<\/p>\n<p>&#8211; Una altra opci\u00f3 ecol\u00f2gica molt coneguda \u00e9s la<strong>\u00a0tinta vegetal<\/strong>. Es basa principalment en energies renovables en un 80%. La seva aplicaci\u00f3 redueix l&#8217;emissi\u00f3 de compostos org\u00e0nics vol\u00e0tils (COVs). L&#8217;avantatge principal que t&#8217;ofereix \u00e9s que es fabrica a partir de fonts renovables i, per tant, \u00e9s biodegradable.<\/p>\n<p>&#8211; La <strong>tinta UV<\/strong> requereix menys dissolvent a l&#8217;\u00e9sser un producte l\u00edquid 100% no vol\u00e0til que s&#8217;irradia amb energia UV. Pot romandre en una impressora durant llargs per\u00edodes de temps, encara que tingues en compte que el seu major inconvenient \u00e9s el cost de la inversi\u00f3 inicial.<\/p>\n<p>&#8211; Una altra proposta \u00e9s la que t&#8217;ofereix la <strong>tinta l\u00e0tex<\/strong> que utilitza tecnologia d&#8217;injecci\u00f3 t\u00e8rmica amb aigua. Ofereix impressions inodores de llarga durada, imatge n\u00edtida i durabilitat. Aquesta tinta no \u00e9s inflamable ni combustible, per la qual cosa no requereix d&#8217;un equip de ventilaci\u00f3 ni assecat especial.<\/p>\n<h3>Avantatges d&#8217;usar tintes ecol\u00f2giques<\/h3>\n<p>Aquestes tintes no t\u00f2xiques estan especialment recomanades per a la impressi\u00f3 de paper, cart\u00f3, cartells, fotografies, material art\u00edstic o senyalitzaci\u00f3 d&#8217;interior. A continuaci\u00f3, t&#8217;enumerem algunes dels seus\u00a0<strong>principals avantatges<\/strong>:<\/p>\n<p>&#8211; En gran nombre de casos t&#8217;aporten major qualitat i durabilitat que les tintes tradicionals.<\/p>\n<p>&#8211; T&#8217;ofereixen una gamma de colors m\u00e9s \u00e0mplia.<\/p>\n<p>&#8211; Et faciliten el reciclatge del material segons utilitzaci\u00f3.<\/p>\n<p>&#8211; No tenen olor o tenen molt poc.<\/p>\n<p>&#8211; Consumeixen menys energia perqu\u00e8 no necessiten una ventilaci\u00f3 especial i no afecten la salut de l&#8217;impressor.<\/p>\n<p>&#8211; Alguns d&#8217;aquests tipus de tintes ecol\u00f2giques s\u00f3n m\u00e9s resistents al clima.<\/p>\n<p>&#8211; En alguns casos, depenent de la tinta, resulten molt m\u00e9s econ\u00f2miques que les tradicionals.<\/p>\n<p>&#8211; Solen ser compatibles amb la majoria de materials.<\/p>\n<p>&#8211; Tenen una molt bona adhesi\u00f3.<\/p>\n<p>&#8211; No s\u00f3n inflamables, ni combustibles.<\/p>\n<p>En definitiva, des de l&#8217;any 2000 s&#8217;usen les\u00a0<strong>tintes ecol\u00f2giques en la impressi\u00f3 digital<\/strong>\u00a0com a presa de consci\u00e8ncia mediambiental. Com has pogut veure, posseeixen qualitats molt positives i s\u00f3n altament competitives.<\/p>\n","protected":false},"excerpt":{"rendered":"<p>La\u00a0ind\u00fastria gr\u00e0fica ha posat els seus ulls en la cerca de materials respectuosos amb el medi ambient. L&#8217;\u00fas de tintes ecol\u00f2giques en la impressi\u00f3 digital\u00a0\u00e9s una de les grans apostes en el sector de la impremta.1 La\u00a0impressi\u00f3 digital respectuosa\u00a0\u00e9s un pas en direcci\u00f3 correcta cap a la sostenibilitat. La qualitat i els resultats s\u00f3n impressionants, [&hellip;]<\/p>\n","protected":false},"author":1,"featured_media":4980,"comment_status":"closed","ping_status":"closed","sticky":false,"template":"","format":"standard","meta":{"footnotes":""},"categories":[33],"tags":[],"class_list":["post-5453","post","type-post","status-publish","format-standard","has-post-thumbnail","hentry","category-noticies"],"yoast_head":"<!-- This site is optimized with the Yoast SEO plugin v27.4 - https:\/\/yoast.com\/product\/yoast-seo-wordpress\/ -->\n<title>Beneficis de les tintes ecol\u00f2giques en la impressi\u00f3 digital | Artyplan<\/title>\n<meta name=\"description\" content=\"L&#039;\u00fas de tintes ecol\u00f2giques en la impressi\u00f3 digital \u00e9s una de les grans apostes en el sector de la impremta. T&#039;explqieum els seus beneficis.\" \/>\n<meta name=\"robots\" content=\"noindex, follow, max-snippet:-1, max-image-preview:large, max-video-preview:-1\" \/>\n<meta property=\"og:locale\" content=\"ca_ES\" \/>\n<meta property=\"og:type\" content=\"article\" \/>\n<meta property=\"og:title\" content=\"Beneficis de les tintes ecol\u00f2giques en la impressi\u00f3 digital | Artyplan\" \/>\n<meta property=\"og:description\" content=\"L&#039;\u00fas de tintes ecol\u00f2giques en la impressi\u00f3 digital \u00e9s una de les grans apostes en el sector de la impremta. T&#039;explqieum els seus beneficis.\" \/>\n<meta property=\"og:url\" content=\"https:\/\/artyplanevents.com\/ca\/blog\/beneficis-de-les-tintes-ecologiques-en-la-impressio-digital\/\" \/>\n<meta property=\"og:site_name\" content=\"Artyplan\" \/>\n<meta property=\"article:publisher\" content=\"https:\/\/www.facebook.com\/artyplan\" \/>\n<meta property=\"article:published_time\" content=\"2020-06-24T22:00:00+00:00\" \/>\n<meta property=\"article:modified_time\" content=\"2025-09-07T14:12:45+00:00\" \/>\n<meta property=\"og:image\" content=\"https:\/\/artyplanevents.com\/wp-content\/uploads\/2025\/09\/tintas-ecologicas.jpg\" \/>\n\t<meta property=\"og:image:width\" content=\"1280\" \/>\n\t<meta property=\"og:image:height\" content=\"960\" \/>\n\t<meta property=\"og:image:type\" content=\"image\/jpeg\" \/>\n<meta name=\"author\" content=\"jcartagena\" \/>\n<meta name=\"twitter:card\" content=\"summary_large_image\" \/>\n<meta name=\"twitter:creator\" content=\"@artyplan\" \/>\n<meta name=\"twitter:site\" content=\"@artyplan\" \/>\n<meta name=\"twitter:label1\" content=\"Escrit per\" \/>\n\t<meta name=\"twitter:data1\" content=\"jcartagena\" \/>\n\t<meta name=\"twitter:label2\" content=\"Temps estimat de lectura\" \/>\n\t<meta name=\"twitter:data2\" content=\"3 minuts\" \/>\n<script type=\"application\/ld+json\" class=\"yoast-schema-graph\">{\"@context\":\"https:\\\/\\\/schema.org\",\"@graph\":[{\"@type\":\"Article\",\"@id\":\"https:\\\/\\\/artyplanevents.com\\\/ca\\\/blog\\\/beneficis-de-les-tintes-ecologiques-en-la-impressio-digital\\\/#article\",\"isPartOf\":{\"@id\":\"https:\\\/\\\/artyplanevents.com\\\/ca\\\/blog\\\/beneficis-de-les-tintes-ecologiques-en-la-impressio-digital\\\/\"},\"author\":{\"name\":\"jcartagena\",\"@id\":\"https:\\\/\\\/artyplanevents.com\\\/ca\\\/#\\\/schema\\\/person\\\/7e099d8fb4e2e75f604bce6a0026fc08\"},\"headline\":\"Beneficis de les tintes ecol\u00f2giques en la impressi\u00f3 digital\",\"datePublished\":\"2020-06-24T22:00:00+00:00\",\"dateModified\":\"2025-09-07T14:12:45+00:00\",\"mainEntityOfPage\":{\"@id\":\"https:\\\/\\\/artyplanevents.com\\\/ca\\\/blog\\\/beneficis-de-les-tintes-ecologiques-en-la-impressio-digital\\\/\"},\"wordCount\":538,\"publisher\":{\"@id\":\"https:\\\/\\\/artyplanevents.com\\\/ca\\\/#organization\"},\"image\":{\"@id\":\"https:\\\/\\\/artyplanevents.com\\\/ca\\\/blog\\\/beneficis-de-les-tintes-ecologiques-en-la-impressio-digital\\\/#primaryimage\"},\"thumbnailUrl\":\"https:\\\/\\\/artyplanevents.com\\\/wp-content\\\/uploads\\\/2025\\\/09\\\/tintas-ecologicas.jpg\",\"articleSection\":[\"Noticies\"],\"inLanguage\":\"ca\"},{\"@type\":\"WebPage\",\"@id\":\"https:\\\/\\\/artyplanevents.com\\\/ca\\\/blog\\\/beneficis-de-les-tintes-ecologiques-en-la-impressio-digital\\\/\",\"url\":\"https:\\\/\\\/artyplanevents.com\\\/ca\\\/blog\\\/beneficis-de-les-tintes-ecologiques-en-la-impressio-digital\\\/\",\"name\":\"Beneficis de les tintes ecol\u00f2giques en la impressi\u00f3 digital | Artyplan\",\"isPartOf\":{\"@id\":\"https:\\\/\\\/artyplanevents.com\\\/ca\\\/#website\"},\"primaryImageOfPage\":{\"@id\":\"https:\\\/\\\/artyplanevents.com\\\/ca\\\/blog\\\/beneficis-de-les-tintes-ecologiques-en-la-impressio-digital\\\/#primaryimage\"},\"image\":{\"@id\":\"https:\\\/\\\/artyplanevents.com\\\/ca\\\/blog\\\/beneficis-de-les-tintes-ecologiques-en-la-impressio-digital\\\/#primaryimage\"},\"thumbnailUrl\":\"https:\\\/\\\/artyplanevents.com\\\/wp-content\\\/uploads\\\/2025\\\/09\\\/tintas-ecologicas.jpg\",\"datePublished\":\"2020-06-24T22:00:00+00:00\",\"dateModified\":\"2025-09-07T14:12:45+00:00\",\"description\":\"L'\u00fas de tintes ecol\u00f2giques en la impressi\u00f3 digital \u00e9s una de les grans apostes en el sector de la impremta. T'explqieum els seus beneficis.\",\"breadcrumb\":{\"@id\":\"https:\\\/\\\/artyplanevents.com\\\/ca\\\/blog\\\/beneficis-de-les-tintes-ecologiques-en-la-impressio-digital\\\/#breadcrumb\"},\"inLanguage\":\"ca\",\"potentialAction\":[{\"@type\":\"ReadAction\",\"target\":[\"https:\\\/\\\/artyplanevents.com\\\/ca\\\/blog\\\/beneficis-de-les-tintes-ecologiques-en-la-impressio-digital\\\/\"]}]},{\"@type\":\"ImageObject\",\"inLanguage\":\"ca\",\"@id\":\"https:\\\/\\\/artyplanevents.com\\\/ca\\\/blog\\\/beneficis-de-les-tintes-ecologiques-en-la-impressio-digital\\\/#primaryimage\",\"url\":\"https:\\\/\\\/artyplanevents.com\\\/wp-content\\\/uploads\\\/2025\\\/09\\\/tintas-ecologicas.jpg\",\"contentUrl\":\"https:\\\/\\\/artyplanevents.com\\\/wp-content\\\/uploads\\\/2025\\\/09\\\/tintas-ecologicas.jpg\",\"width\":1280,\"height\":960,\"caption\":\"tintes ecol\u00f2giques\"},{\"@type\":\"BreadcrumbList\",\"@id\":\"https:\\\/\\\/artyplanevents.com\\\/ca\\\/blog\\\/beneficis-de-les-tintes-ecologiques-en-la-impressio-digital\\\/#breadcrumb\",\"itemListElement\":[{\"@type\":\"ListItem\",\"position\":1,\"name\":\"Artyplan\",\"item\":\"https:\\\/\\\/artyplanevents.com\\\/ca\\\/\"},{\"@type\":\"ListItem\",\"position\":2,\"name\":\"Beneficis de les tintes ecol\u00f2giques en la impressi\u00f3 digital\"}]},{\"@type\":\"WebSite\",\"@id\":\"https:\\\/\\\/artyplanevents.com\\\/ca\\\/#website\",\"url\":\"https:\\\/\\\/artyplanevents.com\\\/ca\\\/\",\"name\":\"Artyplan\",\"description\":\"\",\"publisher\":{\"@id\":\"https:\\\/\\\/artyplanevents.com\\\/ca\\\/#organization\"},\"potentialAction\":[{\"@type\":\"SearchAction\",\"target\":{\"@type\":\"EntryPoint\",\"urlTemplate\":\"https:\\\/\\\/artyplanevents.com\\\/ca\\\/?s={search_term_string}\"},\"query-input\":{\"@type\":\"PropertyValueSpecification\",\"valueRequired\":true,\"valueName\":\"search_term_string\"}}],\"inLanguage\":\"ca\"},{\"@type\":\"Organization\",\"@id\":\"https:\\\/\\\/artyplanevents.com\\\/ca\\\/#organization\",\"name\":\"Artyplan\",\"url\":\"https:\\\/\\\/artyplanevents.com\\\/ca\\\/\",\"logo\":{\"@type\":\"ImageObject\",\"inLanguage\":\"ca\",\"@id\":\"https:\\\/\\\/artyplanevents.com\\\/ca\\\/#\\\/schema\\\/logo\\\/image\\\/\",\"url\":\"https:\\\/\\\/preweb.artyplan.com\\\/wp-content\\\/uploads\\\/2025\\\/11\\\/Logo-artyplan-690x690-1.png\",\"contentUrl\":\"https:\\\/\\\/preweb.artyplan.com\\\/wp-content\\\/uploads\\\/2025\\\/11\\\/Logo-artyplan-690x690-1.png\",\"width\":690,\"height\":690,\"caption\":\"Artyplan\"},\"image\":{\"@id\":\"https:\\\/\\\/artyplanevents.com\\\/ca\\\/#\\\/schema\\\/logo\\\/image\\\/\"},\"sameAs\":[\"https:\\\/\\\/www.facebook.com\\\/artyplan\",\"https:\\\/\\\/x.com\\\/artyplan\"]},{\"@type\":\"Person\",\"@id\":\"https:\\\/\\\/artyplanevents.com\\\/ca\\\/#\\\/schema\\\/person\\\/7e099d8fb4e2e75f604bce6a0026fc08\",\"name\":\"jcartagena\",\"image\":{\"@type\":\"ImageObject\",\"inLanguage\":\"ca\",\"@id\":\"https:\\\/\\\/secure.gravatar.com\\\/avatar\\\/74b6898d9dd18bcd06e733678b696165da09bb7631730fd9477d49273abe408c?s=96&d=mm&r=g\",\"url\":\"https:\\\/\\\/secure.gravatar.com\\\/avatar\\\/74b6898d9dd18bcd06e733678b696165da09bb7631730fd9477d49273abe408c?s=96&d=mm&r=g\",\"contentUrl\":\"https:\\\/\\\/secure.gravatar.com\\\/avatar\\\/74b6898d9dd18bcd06e733678b696165da09bb7631730fd9477d49273abe408c?s=96&d=mm&r=g\",\"caption\":\"jcartagena\"},\"sameAs\":[\"https:\\\/\\\/preweb.artyplan.com\"],\"url\":\"https:\\\/\\\/artyplanevents.com\\\/ca\\\/author\\\/jcartagena\\\/\"}]}<\/script>\n<!-- \/ Yoast SEO plugin. -->","yoast_head_json":{"title":"Beneficis de les tintes ecol\u00f2giques en la impressi\u00f3 digital | Artyplan","description":"L'\u00fas de tintes ecol\u00f2giques en la impressi\u00f3 digital \u00e9s una de les grans apostes en el sector de la impremta. T'explqieum els seus beneficis.","robots":{"index":"noindex","follow":"follow","max-snippet":"max-snippet:-1","max-image-preview":"max-image-preview:large","max-video-preview":"max-video-preview:-1"},"og_locale":"ca_ES","og_type":"article","og_title":"Beneficis de les tintes ecol\u00f2giques en la impressi\u00f3 digital | Artyplan","og_description":"L'\u00fas de tintes ecol\u00f2giques en la impressi\u00f3 digital \u00e9s una de les grans apostes en el sector de la impremta. T'explqieum els seus beneficis.","og_url":"https:\/\/artyplanevents.com\/ca\/blog\/beneficis-de-les-tintes-ecologiques-en-la-impressio-digital\/","og_site_name":"Artyplan","article_publisher":"https:\/\/www.facebook.com\/artyplan","article_published_time":"2020-06-24T22:00:00+00:00","article_modified_time":"2025-09-07T14:12:45+00:00","og_image":[{"width":1280,"height":960,"url":"https:\/\/artyplanevents.com\/wp-content\/uploads\/2025\/09\/tintas-ecologicas.jpg","type":"image\/jpeg"}],"author":"jcartagena","twitter_card":"summary_large_image","twitter_creator":"@artyplan","twitter_site":"@artyplan","twitter_misc":{"Escrit per":"jcartagena","Temps estimat de lectura":"3 minuts"},"schema":{"@context":"https:\/\/schema.org","@graph":[{"@type":"Article","@id":"https:\/\/artyplanevents.com\/ca\/blog\/beneficis-de-les-tintes-ecologiques-en-la-impressio-digital\/#article","isPartOf":{"@id":"https:\/\/artyplanevents.com\/ca\/blog\/beneficis-de-les-tintes-ecologiques-en-la-impressio-digital\/"},"author":{"name":"jcartagena","@id":"https:\/\/artyplanevents.com\/ca\/#\/schema\/person\/7e099d8fb4e2e75f604bce6a0026fc08"},"headline":"Beneficis de les tintes ecol\u00f2giques en la impressi\u00f3 digital","datePublished":"2020-06-24T22:00:00+00:00","dateModified":"2025-09-07T14:12:45+00:00","mainEntityOfPage":{"@id":"https:\/\/artyplanevents.com\/ca\/blog\/beneficis-de-les-tintes-ecologiques-en-la-impressio-digital\/"},"wordCount":538,"publisher":{"@id":"https:\/\/artyplanevents.com\/ca\/#organization"},"image":{"@id":"https:\/\/artyplanevents.com\/ca\/blog\/beneficis-de-les-tintes-ecologiques-en-la-impressio-digital\/#primaryimage"},"thumbnailUrl":"https:\/\/artyplanevents.com\/wp-content\/uploads\/2025\/09\/tintas-ecologicas.jpg","articleSection":["Noticies"],"inLanguage":"ca"},{"@type":"WebPage","@id":"https:\/\/artyplanevents.com\/ca\/blog\/beneficis-de-les-tintes-ecologiques-en-la-impressio-digital\/","url":"https:\/\/artyplanevents.com\/ca\/blog\/beneficis-de-les-tintes-ecologiques-en-la-impressio-digital\/","name":"Beneficis de les tintes ecol\u00f2giques en la impressi\u00f3 digital | Artyplan","isPartOf":{"@id":"https:\/\/artyplanevents.com\/ca\/#website"},"primaryImageOfPage":{"@id":"https:\/\/artyplanevents.com\/ca\/blog\/beneficis-de-les-tintes-ecologiques-en-la-impressio-digital\/#primaryimage"},"image":{"@id":"https:\/\/artyplanevents.com\/ca\/blog\/beneficis-de-les-tintes-ecologiques-en-la-impressio-digital\/#primaryimage"},"thumbnailUrl":"https:\/\/artyplanevents.com\/wp-content\/uploads\/2025\/09\/tintas-ecologicas.jpg","datePublished":"2020-06-24T22:00:00+00:00","dateModified":"2025-09-07T14:12:45+00:00","description":"L'\u00fas de tintes ecol\u00f2giques en la impressi\u00f3 digital \u00e9s una de les grans apostes en el sector de la impremta. T'explqieum els seus beneficis.","breadcrumb":{"@id":"https:\/\/artyplanevents.com\/ca\/blog\/beneficis-de-les-tintes-ecologiques-en-la-impressio-digital\/#breadcrumb"},"inLanguage":"ca","potentialAction":[{"@type":"ReadAction","target":["https:\/\/artyplanevents.com\/ca\/blog\/beneficis-de-les-tintes-ecologiques-en-la-impressio-digital\/"]}]},{"@type":"ImageObject","inLanguage":"ca","@id":"https:\/\/artyplanevents.com\/ca\/blog\/beneficis-de-les-tintes-ecologiques-en-la-impressio-digital\/#primaryimage","url":"https:\/\/artyplanevents.com\/wp-content\/uploads\/2025\/09\/tintas-ecologicas.jpg","contentUrl":"https:\/\/artyplanevents.com\/wp-content\/uploads\/2025\/09\/tintas-ecologicas.jpg","width":1280,"height":960,"caption":"tintes ecol\u00f2giques"},{"@type":"BreadcrumbList","@id":"https:\/\/artyplanevents.com\/ca\/blog\/beneficis-de-les-tintes-ecologiques-en-la-impressio-digital\/#breadcrumb","itemListElement":[{"@type":"ListItem","position":1,"name":"Artyplan","item":"https:\/\/artyplanevents.com\/ca\/"},{"@type":"ListItem","position":2,"name":"Beneficis de les tintes ecol\u00f2giques en la impressi\u00f3 digital"}]},{"@type":"WebSite","@id":"https:\/\/artyplanevents.com\/ca\/#website","url":"https:\/\/artyplanevents.com\/ca\/","name":"Artyplan","description":"","publisher":{"@id":"https:\/\/artyplanevents.com\/ca\/#organization"},"potentialAction":[{"@type":"SearchAction","target":{"@type":"EntryPoint","urlTemplate":"https:\/\/artyplanevents.com\/ca\/?s={search_term_string}"},"query-input":{"@type":"PropertyValueSpecification","valueRequired":true,"valueName":"search_term_string"}}],"inLanguage":"ca"},{"@type":"Organization","@id":"https:\/\/artyplanevents.com\/ca\/#organization","name":"Artyplan","url":"https:\/\/artyplanevents.com\/ca\/","logo":{"@type":"ImageObject","inLanguage":"ca","@id":"https:\/\/artyplanevents.com\/ca\/#\/schema\/logo\/image\/","url":"https:\/\/preweb.artyplan.com\/wp-content\/uploads\/2025\/11\/Logo-artyplan-690x690-1.png","contentUrl":"https:\/\/preweb.artyplan.com\/wp-content\/uploads\/2025\/11\/Logo-artyplan-690x690-1.png","width":690,"height":690,"caption":"Artyplan"},"image":{"@id":"https:\/\/artyplanevents.com\/ca\/#\/schema\/logo\/image\/"},"sameAs":["https:\/\/www.facebook.com\/artyplan","https:\/\/x.com\/artyplan"]},{"@type":"Person","@id":"https:\/\/artyplanevents.com\/ca\/#\/schema\/person\/7e099d8fb4e2e75f604bce6a0026fc08","name":"jcartagena","image":{"@type":"ImageObject","inLanguage":"ca","@id":"https:\/\/secure.gravatar.com\/avatar\/74b6898d9dd18bcd06e733678b696165da09bb7631730fd9477d49273abe408c?s=96&d=mm&r=g","url":"https:\/\/secure.gravatar.com\/avatar\/74b6898d9dd18bcd06e733678b696165da09bb7631730fd9477d49273abe408c?s=96&d=mm&r=g","contentUrl":"https:\/\/secure.gravatar.com\/avatar\/74b6898d9dd18bcd06e733678b696165da09bb7631730fd9477d49273abe408c?s=96&d=mm&r=g","caption":"jcartagena"},"sameAs":["https:\/\/preweb.artyplan.com"],"url":"https:\/\/artyplanevents.com\/ca\/author\/jcartagena\/"}]}},"_links":{"self":[{"href":"https:\/\/artyplanevents.com\/ca\/wp-json\/wp\/v2\/posts\/5453","targetHints":{"allow":["GET"]}}],"collection":[{"href":"https:\/\/artyplanevents.com\/ca\/wp-json\/wp\/v2\/posts"}],"about":[{"href":"https:\/\/artyplanevents.com\/ca\/wp-json\/wp\/v2\/types\/post"}],"author":[{"embeddable":true,"href":"https:\/\/artyplanevents.com\/ca\/wp-json\/wp\/v2\/users\/1"}],"replies":[{"embeddable":true,"href":"https:\/\/artyplanevents.com\/ca\/wp-json\/wp\/v2\/comments?post=5453"}],"version-history":[{"count":1,"href":"https:\/\/artyplanevents.com\/ca\/wp-json\/wp\/v2\/posts\/5453\/revisions"}],"predecessor-version":[{"id":6483,"href":"https:\/\/artyplanevents.com\/ca\/wp-json\/wp\/v2\/posts\/5453\/revisions\/6483"}],"wp:featuredmedia":[{"embeddable":true,"href":"https:\/\/artyplanevents.com\/ca\/wp-json\/wp\/v2\/media\/4980"}],"wp:attachment":[{"href":"https:\/\/artyplanevents.com\/ca\/wp-json\/wp\/v2\/media?parent=5453"}],"wp:term":[{"taxonomy":"category","embeddable":true,"href":"https:\/\/artyplanevents.com\/ca\/wp-json\/wp\/v2\/categories?post=5453"},{"taxonomy":"post_tag","embeddable":true,"href":"https:\/\/artyplanevents.com\/ca\/wp-json\/wp\/v2\/tags?post=5453"}],"curies":[{"name":"wp","href":"https:\/\/api.w.org\/{rel}","templated":true}]}}