{"id":5628,"date":"2023-08-30T00:00:00","date_gmt":"2023-08-29T22:00:00","guid":{"rendered":"https:\/\/preweb.artyplan.com\/sin-categorizar\/potencia-la-teva-estrategia-amb-la-impressio-de-cartells-publicitaris\/"},"modified":"2025-09-07T16:16:06","modified_gmt":"2025-09-07T14:16:06","slug":"potencia-la-teva-estrategia-amb-la-impressio-de-cartells-publicitaris","status":"publish","type":"post","link":"https:\/\/artyplanevents.com\/ca\/blog\/potencia-la-teva-estrategia-amb-la-impressio-de-cartells-publicitaris\/","title":{"rendered":"Pot\u00e8ncia estrat\u00e8gies amb la impressi\u00f3 de cartells publicitaris"},"content":{"rendered":"<p>La compet\u00e8ncia empresarial \u00e9s fero\u00e7 i l&#8217;atenci\u00f3 dels consumidors \u00e9s fuga\u00e7 \u00e9s per aix\u00f2 que, tenir estrat\u00e8gies publicit\u00e0ries efectives \u00e9s essencial per a destacar i captar l&#8217;atenci\u00f3 del teu p\u00fablic objectiu. Una eina poderosa en aquesta cerca \u00e9s l&#8217;\u00fas de cartells publicitaris impactants. Un cartell ben executat no sols transmet el teu missatge de manera r\u00e0pida i efectiva, sin\u00f3 que tamb\u00e9 deixa una impressi\u00f3 duradora en la ment dels espectadors.<\/p>\n<h2>La Import\u00e0ncia de la publicitat amb cartells<\/h2>\n<p>Els cartells transcendeixen barreres demogr\u00e0fiques en dirigir-se a un p\u00fablic ampli i divers en ubicacions estrat\u00e8giques. Ja sigui en un carrer concorregut, un esdeveniment especial o en el punt de venda, la seva pres\u00e8ncia f\u00edsica assegura que el teu missatge sigui impossible d&#8217;ignorar. A m\u00e9s, permeten una creativitat sense l\u00edmits: des de dissenys elegants i minimalistes fins a explosions de colors i gr\u00e0fics cridaners, cada cartell pot adaptar-se a la identitat de la teva marca i al missatge que desitges transmetre.<\/p>\n<h2>Caracter\u00edstiques dels cartells de publicitat<\/h2>\n<ul>\n<li><strong>Creativitat i Disseny<\/strong><\/li>\n<\/ul>\n<p>Crear un cartell publicitari efectiu es basa en un disseny creatiu que s&#8217;aline\u00ef amb la identitat de la teva marca i el missatge que desitges transmetre. Des de l&#8217;elecci\u00f3 de colors i tipografia fins a la disposici\u00f3 d&#8217;elements visuals i el contingut del missatge o el lema si es tracta d&#8217;un cartell publicitari amb esl\u00f2gan, cada detall compta. \u00c9s important que el disseny sigui coherent amb els teus valors i personalitat de marca perqu\u00e8 l&#8217;espectador pugui identificar r\u00e0pidament qui ets i qu\u00e8 ofereixes.<\/p>\n<p>Empra imatges d&#8217;alta qualitat relacionades amb la teva oferta i assegura&#8217;t que estiguin ben integrades en el disseny.<\/p>\n<ul>\n<li><strong>Maximitza el teu Abast<\/strong><\/li>\n<\/ul>\n<p>La ubicaci\u00f3 estrat\u00e8gica dels cartells \u00e9s crucial per a maximitzar el seu impacte. Ja sigui a la teva botiga f\u00edsica, en esdeveniments, fires comercials o en llocs amb alt tr\u00e0fic de persones, com a carrers concorreguts o centres comercials, col\u00b7locar els cartells en llocs rellevants augmentar\u00e0 la visibilitat i l&#8217;abast del teu missatge.<\/p>\n<ul>\n<li><strong>Qualitat d&#8217;Impressi\u00f3 i Materials Duradors<\/strong><\/li>\n<\/ul>\n<p>La qualitat d&#8217;impressi\u00f3 \u00e9s fonamental per a garantir que el teu cartell publicitari tingui un impacte visual significatiu. A m\u00e9s, l&#8217;elecci\u00f3 de materials duradors com a lones resistents a la intemp\u00e8rie o paper d&#8217;alta qualitat contribuir\u00e0 al fet que els teus cartells tinguin una vida \u00fatil m\u00e9s llarga i continu\u00efn impactant al llarg del temps. Tria una impremta de confian\u00e7a que ofereixi resultats d&#8217;alta qualitat en termes de colors i nitidesa.<\/p>\n<h2><strong>Impressi\u00f3 de cartells publicitaris Eco-Friendly i Sostenibles<\/strong><\/h2>\n<p>Estem compromesos amb la sostenibilitat. Reconeixem la import\u00e0n<img fetchpriority=\"high\" decoding=\"async\" class=\"size-medium wp-image-10534 alignleft\" src=\"https:\/\/preweb.artyplan.com\/wp-content\/uploads\/2025\/09\/carteles-sostenibles-300x200.png\" alt=\"carteles sostenibles\" width=\"300\" height=\"200\" \/>cia de reduir l&#8217;impacte ambiental en totes les nostres pr\u00e0ctiques d&#8217;impressi\u00f3. Treballem amb materials ecol\u00f2gics i processos d&#8217;impressi\u00f3 que minimitzen el desaprofitament i la contaminaci\u00f3, assegurant que el teu impacte en el medi ambient sigui m\u00ednim.<\/p>\n<p>Crear cartells publicitaris impactants \u00e9s un art que combina estrat\u00e8gia, disseny i execuci\u00f3 precisa. Els nostres <a href=\"http:\/\/artyplan.com\/ca\/productes-impressio\/serveis-dimpressio-de-gran-format\/\" target=\"_blank\" rel=\"noopener\">serveis d&#8217;impressi\u00f3<\/a> faciliten la creaci\u00f3 de cartells publicitaris per a exterior i interior que poden ajudar a impulsar el reconeixement de marca, augmentar l&#8217;inter\u00e8s en els teus productes, serveis o esdeveniment i generar resultats impactants en la teva estrat\u00e8gia publicit\u00e0ria.<\/p>\n","protected":false},"excerpt":{"rendered":"<p>La compet\u00e8ncia empresarial \u00e9s fero\u00e7 i l&#8217;atenci\u00f3 dels consumidors \u00e9s fuga\u00e7 \u00e9s per aix\u00f2 que, tenir estrat\u00e8gies publicit\u00e0ries efectives \u00e9s essencial per a destacar i captar l&#8217;atenci\u00f3 del teu p\u00fablic objectiu. Una eina poderosa en aquesta cerca \u00e9s l&#8217;\u00fas de cartells publicitaris impactants. Un cartell ben executat no sols transmet el teu missatge de manera [&hellip;]<\/p>\n","protected":false},"author":1,"featured_media":7226,"comment_status":"closed","ping_status":"closed","sticky":false,"template":"","format":"standard","meta":{"footnotes":""},"categories":[34,33],"tags":[],"class_list":["post-5628","post","type-post","status-publish","format-standard","has-post-thumbnail","hentry","category-ecologic","category-noticies"],"yoast_head":"<!-- This site is optimized with the Yoast SEO plugin v27.4 - https:\/\/yoast.com\/product\/yoast-seo-wordpress\/ -->\n<title>Pot\u00e8ncia estrat\u00e8gies amb la impressi\u00f3 de cartells publicitaris | Artyplan<\/title>\n<meta name=\"description\" content=\"Destaca amb la impressi\u00f3 cartells publicitaris. Comunica en segons, deixa una impressi\u00f3 duradora. Materials sostenibles.\" \/>\n<meta name=\"robots\" content=\"noindex, follow, max-snippet:-1, max-image-preview:large, max-video-preview:-1\" \/>\n<meta property=\"og:locale\" content=\"ca_ES\" \/>\n<meta property=\"og:type\" content=\"article\" \/>\n<meta property=\"og:title\" content=\"Pot\u00e8ncia estrat\u00e8gies amb la impressi\u00f3 de cartells publicitaris | Artyplan\" \/>\n<meta property=\"og:description\" content=\"Destaca amb la impressi\u00f3 cartells publicitaris. Comunica en segons, deixa una impressi\u00f3 duradora. Materials sostenibles.\" \/>\n<meta property=\"og:url\" content=\"https:\/\/artyplanevents.com\/ca\/blog\/potencia-la-teva-estrategia-amb-la-impressio-de-cartells-publicitaris\/\" \/>\n<meta property=\"og:site_name\" content=\"Artyplan\" \/>\n<meta property=\"article:publisher\" content=\"https:\/\/www.facebook.com\/artyplan\" \/>\n<meta property=\"article:published_time\" content=\"2023-08-29T22:00:00+00:00\" \/>\n<meta property=\"article:modified_time\" content=\"2025-09-07T14:16:06+00:00\" \/>\n<meta property=\"og:image\" content=\"https:\/\/artyplanevents.com\/wp-content\/uploads\/2025\/09\/Impresion-de-carteles-publicitarios.png\" \/>\n\t<meta property=\"og:image:width\" content=\"1920\" \/>\n\t<meta property=\"og:image:height\" content=\"600\" \/>\n\t<meta property=\"og:image:type\" content=\"image\/png\" \/>\n<meta name=\"author\" content=\"jcartagena\" \/>\n<meta name=\"twitter:card\" content=\"summary_large_image\" \/>\n<meta name=\"twitter:creator\" content=\"@artyplan\" \/>\n<meta name=\"twitter:site\" content=\"@artyplan\" \/>\n<meta name=\"twitter:label1\" content=\"Escrit per\" \/>\n\t<meta name=\"twitter:data1\" content=\"jcartagena\" \/>\n\t<meta name=\"twitter:label2\" content=\"Temps estimat de lectura\" \/>\n\t<meta name=\"twitter:data2\" content=\"3 minuts\" \/>\n<script type=\"application\/ld+json\" class=\"yoast-schema-graph\">{\"@context\":\"https:\\\/\\\/schema.org\",\"@graph\":[{\"@type\":\"Article\",\"@id\":\"https:\\\/\\\/artyplanevents.com\\\/ca\\\/blog\\\/potencia-la-teva-estrategia-amb-la-impressio-de-cartells-publicitaris\\\/#article\",\"isPartOf\":{\"@id\":\"https:\\\/\\\/artyplanevents.com\\\/ca\\\/blog\\\/potencia-la-teva-estrategia-amb-la-impressio-de-cartells-publicitaris\\\/\"},\"author\":{\"name\":\"jcartagena\",\"@id\":\"https:\\\/\\\/artyplanevents.com\\\/ca\\\/#\\\/schema\\\/person\\\/7e099d8fb4e2e75f604bce6a0026fc08\"},\"headline\":\"Pot\u00e8ncia estrat\u00e8gies amb la impressi\u00f3 de cartells publicitaris\",\"datePublished\":\"2023-08-29T22:00:00+00:00\",\"dateModified\":\"2025-09-07T14:16:06+00:00\",\"mainEntityOfPage\":{\"@id\":\"https:\\\/\\\/artyplanevents.com\\\/ca\\\/blog\\\/potencia-la-teva-estrategia-amb-la-impressio-de-cartells-publicitaris\\\/\"},\"wordCount\":572,\"publisher\":{\"@id\":\"https:\\\/\\\/artyplanevents.com\\\/ca\\\/#organization\"},\"image\":{\"@id\":\"https:\\\/\\\/artyplanevents.com\\\/ca\\\/blog\\\/potencia-la-teva-estrategia-amb-la-impressio-de-cartells-publicitaris\\\/#primaryimage\"},\"thumbnailUrl\":\"https:\\\/\\\/artyplanevents.com\\\/wp-content\\\/uploads\\\/2025\\\/09\\\/Impresion-de-carteles-publicitarios.png\",\"articleSection\":[\"Ecol\u00f2gic\",\"Noticies\"],\"inLanguage\":\"ca\"},{\"@type\":\"WebPage\",\"@id\":\"https:\\\/\\\/artyplanevents.com\\\/ca\\\/blog\\\/potencia-la-teva-estrategia-amb-la-impressio-de-cartells-publicitaris\\\/\",\"url\":\"https:\\\/\\\/artyplanevents.com\\\/ca\\\/blog\\\/potencia-la-teva-estrategia-amb-la-impressio-de-cartells-publicitaris\\\/\",\"name\":\"Pot\u00e8ncia estrat\u00e8gies amb la impressi\u00f3 de cartells publicitaris | Artyplan\",\"isPartOf\":{\"@id\":\"https:\\\/\\\/artyplanevents.com\\\/ca\\\/#website\"},\"primaryImageOfPage\":{\"@id\":\"https:\\\/\\\/artyplanevents.com\\\/ca\\\/blog\\\/potencia-la-teva-estrategia-amb-la-impressio-de-cartells-publicitaris\\\/#primaryimage\"},\"image\":{\"@id\":\"https:\\\/\\\/artyplanevents.com\\\/ca\\\/blog\\\/potencia-la-teva-estrategia-amb-la-impressio-de-cartells-publicitaris\\\/#primaryimage\"},\"thumbnailUrl\":\"https:\\\/\\\/artyplanevents.com\\\/wp-content\\\/uploads\\\/2025\\\/09\\\/Impresion-de-carteles-publicitarios.png\",\"datePublished\":\"2023-08-29T22:00:00+00:00\",\"dateModified\":\"2025-09-07T14:16:06+00:00\",\"description\":\"Destaca amb la impressi\u00f3 cartells publicitaris. Comunica en segons, deixa una impressi\u00f3 duradora. Materials sostenibles.\",\"breadcrumb\":{\"@id\":\"https:\\\/\\\/artyplanevents.com\\\/ca\\\/blog\\\/potencia-la-teva-estrategia-amb-la-impressio-de-cartells-publicitaris\\\/#breadcrumb\"},\"inLanguage\":\"ca\",\"potentialAction\":[{\"@type\":\"ReadAction\",\"target\":[\"https:\\\/\\\/artyplanevents.com\\\/ca\\\/blog\\\/potencia-la-teva-estrategia-amb-la-impressio-de-cartells-publicitaris\\\/\"]}]},{\"@type\":\"ImageObject\",\"inLanguage\":\"ca\",\"@id\":\"https:\\\/\\\/artyplanevents.com\\\/ca\\\/blog\\\/potencia-la-teva-estrategia-amb-la-impressio-de-cartells-publicitaris\\\/#primaryimage\",\"url\":\"https:\\\/\\\/artyplanevents.com\\\/wp-content\\\/uploads\\\/2025\\\/09\\\/Impresion-de-carteles-publicitarios.png\",\"contentUrl\":\"https:\\\/\\\/artyplanevents.com\\\/wp-content\\\/uploads\\\/2025\\\/09\\\/Impresion-de-carteles-publicitarios.png\",\"width\":1920,\"height\":600,\"caption\":\"Impresi\u00f3n de carteles publicitarios||carteles sostenibles\"},{\"@type\":\"BreadcrumbList\",\"@id\":\"https:\\\/\\\/artyplanevents.com\\\/ca\\\/blog\\\/potencia-la-teva-estrategia-amb-la-impressio-de-cartells-publicitaris\\\/#breadcrumb\",\"itemListElement\":[{\"@type\":\"ListItem\",\"position\":1,\"name\":\"Artyplan\",\"item\":\"https:\\\/\\\/artyplanevents.com\\\/ca\\\/\"},{\"@type\":\"ListItem\",\"position\":2,\"name\":\"Pot\u00e8ncia estrat\u00e8gies amb la impressi\u00f3 de cartells publicitaris\"}]},{\"@type\":\"WebSite\",\"@id\":\"https:\\\/\\\/artyplanevents.com\\\/ca\\\/#website\",\"url\":\"https:\\\/\\\/artyplanevents.com\\\/ca\\\/\",\"name\":\"Artyplan\",\"description\":\"\",\"publisher\":{\"@id\":\"https:\\\/\\\/artyplanevents.com\\\/ca\\\/#organization\"},\"potentialAction\":[{\"@type\":\"SearchAction\",\"target\":{\"@type\":\"EntryPoint\",\"urlTemplate\":\"https:\\\/\\\/artyplanevents.com\\\/ca\\\/?s={search_term_string}\"},\"query-input\":{\"@type\":\"PropertyValueSpecification\",\"valueRequired\":true,\"valueName\":\"search_term_string\"}}],\"inLanguage\":\"ca\"},{\"@type\":\"Organization\",\"@id\":\"https:\\\/\\\/artyplanevents.com\\\/ca\\\/#organization\",\"name\":\"Artyplan\",\"url\":\"https:\\\/\\\/artyplanevents.com\\\/ca\\\/\",\"logo\":{\"@type\":\"ImageObject\",\"inLanguage\":\"ca\",\"@id\":\"https:\\\/\\\/artyplanevents.com\\\/ca\\\/#\\\/schema\\\/logo\\\/image\\\/\",\"url\":\"https:\\\/\\\/preweb.artyplan.com\\\/wp-content\\\/uploads\\\/2025\\\/11\\\/Logo-artyplan-690x690-1.png\",\"contentUrl\":\"https:\\\/\\\/preweb.artyplan.com\\\/wp-content\\\/uploads\\\/2025\\\/11\\\/Logo-artyplan-690x690-1.png\",\"width\":690,\"height\":690,\"caption\":\"Artyplan\"},\"image\":{\"@id\":\"https:\\\/\\\/artyplanevents.com\\\/ca\\\/#\\\/schema\\\/logo\\\/image\\\/\"},\"sameAs\":[\"https:\\\/\\\/www.facebook.com\\\/artyplan\",\"https:\\\/\\\/x.com\\\/artyplan\"]},{\"@type\":\"Person\",\"@id\":\"https:\\\/\\\/artyplanevents.com\\\/ca\\\/#\\\/schema\\\/person\\\/7e099d8fb4e2e75f604bce6a0026fc08\",\"name\":\"jcartagena\",\"image\":{\"@type\":\"ImageObject\",\"inLanguage\":\"ca\",\"@id\":\"https:\\\/\\\/secure.gravatar.com\\\/avatar\\\/74b6898d9dd18bcd06e733678b696165da09bb7631730fd9477d49273abe408c?s=96&d=mm&r=g\",\"url\":\"https:\\\/\\\/secure.gravatar.com\\\/avatar\\\/74b6898d9dd18bcd06e733678b696165da09bb7631730fd9477d49273abe408c?s=96&d=mm&r=g\",\"contentUrl\":\"https:\\\/\\\/secure.gravatar.com\\\/avatar\\\/74b6898d9dd18bcd06e733678b696165da09bb7631730fd9477d49273abe408c?s=96&d=mm&r=g\",\"caption\":\"jcartagena\"},\"sameAs\":[\"https:\\\/\\\/preweb.artyplan.com\"],\"url\":\"https:\\\/\\\/artyplanevents.com\\\/ca\\\/author\\\/jcartagena\\\/\"}]}<\/script>\n<!-- \/ Yoast SEO plugin. -->","yoast_head_json":{"title":"Pot\u00e8ncia estrat\u00e8gies amb la impressi\u00f3 de cartells publicitaris | Artyplan","description":"Destaca amb la impressi\u00f3 cartells publicitaris. Comunica en segons, deixa una impressi\u00f3 duradora. Materials sostenibles.","robots":{"index":"noindex","follow":"follow","max-snippet":"max-snippet:-1","max-image-preview":"max-image-preview:large","max-video-preview":"max-video-preview:-1"},"og_locale":"ca_ES","og_type":"article","og_title":"Pot\u00e8ncia estrat\u00e8gies amb la impressi\u00f3 de cartells publicitaris | Artyplan","og_description":"Destaca amb la impressi\u00f3 cartells publicitaris. Comunica en segons, deixa una impressi\u00f3 duradora. Materials sostenibles.","og_url":"https:\/\/artyplanevents.com\/ca\/blog\/potencia-la-teva-estrategia-amb-la-impressio-de-cartells-publicitaris\/","og_site_name":"Artyplan","article_publisher":"https:\/\/www.facebook.com\/artyplan","article_published_time":"2023-08-29T22:00:00+00:00","article_modified_time":"2025-09-07T14:16:06+00:00","og_image":[{"width":1920,"height":600,"url":"https:\/\/artyplanevents.com\/wp-content\/uploads\/2025\/09\/Impresion-de-carteles-publicitarios.png","type":"image\/png"}],"author":"jcartagena","twitter_card":"summary_large_image","twitter_creator":"@artyplan","twitter_site":"@artyplan","twitter_misc":{"Escrit per":"jcartagena","Temps estimat de lectura":"3 minuts"},"schema":{"@context":"https:\/\/schema.org","@graph":[{"@type":"Article","@id":"https:\/\/artyplanevents.com\/ca\/blog\/potencia-la-teva-estrategia-amb-la-impressio-de-cartells-publicitaris\/#article","isPartOf":{"@id":"https:\/\/artyplanevents.com\/ca\/blog\/potencia-la-teva-estrategia-amb-la-impressio-de-cartells-publicitaris\/"},"author":{"name":"jcartagena","@id":"https:\/\/artyplanevents.com\/ca\/#\/schema\/person\/7e099d8fb4e2e75f604bce6a0026fc08"},"headline":"Pot\u00e8ncia estrat\u00e8gies amb la impressi\u00f3 de cartells publicitaris","datePublished":"2023-08-29T22:00:00+00:00","dateModified":"2025-09-07T14:16:06+00:00","mainEntityOfPage":{"@id":"https:\/\/artyplanevents.com\/ca\/blog\/potencia-la-teva-estrategia-amb-la-impressio-de-cartells-publicitaris\/"},"wordCount":572,"publisher":{"@id":"https:\/\/artyplanevents.com\/ca\/#organization"},"image":{"@id":"https:\/\/artyplanevents.com\/ca\/blog\/potencia-la-teva-estrategia-amb-la-impressio-de-cartells-publicitaris\/#primaryimage"},"thumbnailUrl":"https:\/\/artyplanevents.com\/wp-content\/uploads\/2025\/09\/Impresion-de-carteles-publicitarios.png","articleSection":["Ecol\u00f2gic","Noticies"],"inLanguage":"ca"},{"@type":"WebPage","@id":"https:\/\/artyplanevents.com\/ca\/blog\/potencia-la-teva-estrategia-amb-la-impressio-de-cartells-publicitaris\/","url":"https:\/\/artyplanevents.com\/ca\/blog\/potencia-la-teva-estrategia-amb-la-impressio-de-cartells-publicitaris\/","name":"Pot\u00e8ncia estrat\u00e8gies amb la impressi\u00f3 de cartells publicitaris | Artyplan","isPartOf":{"@id":"https:\/\/artyplanevents.com\/ca\/#website"},"primaryImageOfPage":{"@id":"https:\/\/artyplanevents.com\/ca\/blog\/potencia-la-teva-estrategia-amb-la-impressio-de-cartells-publicitaris\/#primaryimage"},"image":{"@id":"https:\/\/artyplanevents.com\/ca\/blog\/potencia-la-teva-estrategia-amb-la-impressio-de-cartells-publicitaris\/#primaryimage"},"thumbnailUrl":"https:\/\/artyplanevents.com\/wp-content\/uploads\/2025\/09\/Impresion-de-carteles-publicitarios.png","datePublished":"2023-08-29T22:00:00+00:00","dateModified":"2025-09-07T14:16:06+00:00","description":"Destaca amb la impressi\u00f3 cartells publicitaris. Comunica en segons, deixa una impressi\u00f3 duradora. Materials sostenibles.","breadcrumb":{"@id":"https:\/\/artyplanevents.com\/ca\/blog\/potencia-la-teva-estrategia-amb-la-impressio-de-cartells-publicitaris\/#breadcrumb"},"inLanguage":"ca","potentialAction":[{"@type":"ReadAction","target":["https:\/\/artyplanevents.com\/ca\/blog\/potencia-la-teva-estrategia-amb-la-impressio-de-cartells-publicitaris\/"]}]},{"@type":"ImageObject","inLanguage":"ca","@id":"https:\/\/artyplanevents.com\/ca\/blog\/potencia-la-teva-estrategia-amb-la-impressio-de-cartells-publicitaris\/#primaryimage","url":"https:\/\/artyplanevents.com\/wp-content\/uploads\/2025\/09\/Impresion-de-carteles-publicitarios.png","contentUrl":"https:\/\/artyplanevents.com\/wp-content\/uploads\/2025\/09\/Impresion-de-carteles-publicitarios.png","width":1920,"height":600,"caption":"Impresi\u00f3n de carteles publicitarios||carteles sostenibles"},{"@type":"BreadcrumbList","@id":"https:\/\/artyplanevents.com\/ca\/blog\/potencia-la-teva-estrategia-amb-la-impressio-de-cartells-publicitaris\/#breadcrumb","itemListElement":[{"@type":"ListItem","position":1,"name":"Artyplan","item":"https:\/\/artyplanevents.com\/ca\/"},{"@type":"ListItem","position":2,"name":"Pot\u00e8ncia estrat\u00e8gies amb la impressi\u00f3 de cartells publicitaris"}]},{"@type":"WebSite","@id":"https:\/\/artyplanevents.com\/ca\/#website","url":"https:\/\/artyplanevents.com\/ca\/","name":"Artyplan","description":"","publisher":{"@id":"https:\/\/artyplanevents.com\/ca\/#organization"},"potentialAction":[{"@type":"SearchAction","target":{"@type":"EntryPoint","urlTemplate":"https:\/\/artyplanevents.com\/ca\/?s={search_term_string}"},"query-input":{"@type":"PropertyValueSpecification","valueRequired":true,"valueName":"search_term_string"}}],"inLanguage":"ca"},{"@type":"Organization","@id":"https:\/\/artyplanevents.com\/ca\/#organization","name":"Artyplan","url":"https:\/\/artyplanevents.com\/ca\/","logo":{"@type":"ImageObject","inLanguage":"ca","@id":"https:\/\/artyplanevents.com\/ca\/#\/schema\/logo\/image\/","url":"https:\/\/preweb.artyplan.com\/wp-content\/uploads\/2025\/11\/Logo-artyplan-690x690-1.png","contentUrl":"https:\/\/preweb.artyplan.com\/wp-content\/uploads\/2025\/11\/Logo-artyplan-690x690-1.png","width":690,"height":690,"caption":"Artyplan"},"image":{"@id":"https:\/\/artyplanevents.com\/ca\/#\/schema\/logo\/image\/"},"sameAs":["https:\/\/www.facebook.com\/artyplan","https:\/\/x.com\/artyplan"]},{"@type":"Person","@id":"https:\/\/artyplanevents.com\/ca\/#\/schema\/person\/7e099d8fb4e2e75f604bce6a0026fc08","name":"jcartagena","image":{"@type":"ImageObject","inLanguage":"ca","@id":"https:\/\/secure.gravatar.com\/avatar\/74b6898d9dd18bcd06e733678b696165da09bb7631730fd9477d49273abe408c?s=96&d=mm&r=g","url":"https:\/\/secure.gravatar.com\/avatar\/74b6898d9dd18bcd06e733678b696165da09bb7631730fd9477d49273abe408c?s=96&d=mm&r=g","contentUrl":"https:\/\/secure.gravatar.com\/avatar\/74b6898d9dd18bcd06e733678b696165da09bb7631730fd9477d49273abe408c?s=96&d=mm&r=g","caption":"jcartagena"},"sameAs":["https:\/\/preweb.artyplan.com"],"url":"https:\/\/artyplanevents.com\/ca\/author\/jcartagena\/"}]}},"_links":{"self":[{"href":"https:\/\/artyplanevents.com\/ca\/wp-json\/wp\/v2\/posts\/5628","targetHints":{"allow":["GET"]}}],"collection":[{"href":"https:\/\/artyplanevents.com\/ca\/wp-json\/wp\/v2\/posts"}],"about":[{"href":"https:\/\/artyplanevents.com\/ca\/wp-json\/wp\/v2\/types\/post"}],"author":[{"embeddable":true,"href":"https:\/\/artyplanevents.com\/ca\/wp-json\/wp\/v2\/users\/1"}],"replies":[{"embeddable":true,"href":"https:\/\/artyplanevents.com\/ca\/wp-json\/wp\/v2\/comments?post=5628"}],"version-history":[{"count":7,"href":"https:\/\/artyplanevents.com\/ca\/wp-json\/wp\/v2\/posts\/5628\/revisions"}],"predecessor-version":[{"id":7809,"href":"https:\/\/artyplanevents.com\/ca\/wp-json\/wp\/v2\/posts\/5628\/revisions\/7809"}],"wp:featuredmedia":[{"embeddable":true,"href":"https:\/\/artyplanevents.com\/ca\/wp-json\/wp\/v2\/media\/7226"}],"wp:attachment":[{"href":"https:\/\/artyplanevents.com\/ca\/wp-json\/wp\/v2\/media?parent=5628"}],"wp:term":[{"taxonomy":"category","embeddable":true,"href":"https:\/\/artyplanevents.com\/ca\/wp-json\/wp\/v2\/categories?post=5628"},{"taxonomy":"post_tag","embeddable":true,"href":"https:\/\/artyplanevents.com\/ca\/wp-json\/wp\/v2\/tags?post=5628"}],"curies":[{"name":"wp","href":"https:\/\/api.w.org\/{rel}","templated":true}]}}