{"id":5652,"date":"2023-09-29T00:00:00","date_gmt":"2023-09-28T22:00:00","guid":{"rendered":"https:\/\/preweb.artyplan.com\/sin-categorizar\/la-importancia-dels-calendaris-personalitzats-per-a-empreses-en-2024\/"},"modified":"2025-09-07T16:16:30","modified_gmt":"2025-09-07T14:16:30","slug":"la-importancia-dels-calendaris-personalitzats-per-a-empreses-en-2024","status":"publish","type":"post","link":"https:\/\/artyplanevents.com\/ca\/blog\/la-importancia-dels-calendaris-personalitzats-per-a-empreses-en-2024\/","title":{"rendered":"La Import\u00e0ncia dels Calendaris Publicitaris per a Empreses en 2024"},"content":{"rendered":"<p>Les empreses han de considerar com poden millorar la seva gesti\u00f3 i promoure la seva marca de manera efectiva per a arribar a m\u00e9s audi\u00e8ncia al llarg del temps. Una eina que ha demostrat ser inavaluable en aquest sentit i una inversi\u00f3 intel\u00b7ligent s\u00f3n els calendaris personalitzats per a empreses.<\/p>\n<h2>Calendaris personalitzats: Promoci\u00f3 cont\u00ednua de la marca<\/h2>\n<p>Ofereixen una oportunitat \u00fanica per a mantenir una marca present durant tot l&#8217;any. Cada vegada que un client o soci de negocis consulti el teu calendari personalitzat, veur\u00e0 el seu logotip, els seus colors corporatius o missatges personalitzats i recordar\u00e0 la teva empresa. Ja sigui a l&#8217;oficina, a casa o en qualsevol lloc on s&#8217;utilitzi el calendari, la teva empresa ser\u00e0 present per recordar-los els teus productes o serveis.<\/p>\n<p>A difer\u00e8ncia d&#8217;altres materials de m\u00e0rqueting que sovint s\u00f3n rebutjats despr\u00e9s d&#8217;un sol \u00fas, els calendaris personalitzats tenen una vida \u00fatil prolongada Aix\u00f2 contribueix a una major retenci\u00f3 de marca i a la construcci\u00f3 de relacions s\u00f2lides amb els clients.<\/p>\n<h2>Planificaci\u00f3 efectiva amb calendaris corporatius<img fetchpriority=\"high\" decoding=\"async\" class=\"size-medium wp-image-10662 alignright\" style=\"font-size: 16px;\" src=\"https:\/\/preweb.artyplan.com\/wp-content\/uploads\/2025\/09\/calendari-wire-o-2024-scaled.jpg\" alt=\"calendari 2024\" width=\"300\" height=\"214\" \/><\/h2>\n<p>La planificaci\u00f3 d&#8217;un any amb \u00e8xit comen\u00e7a amb l&#8217;organitzaci\u00f3, i quina millor manera de mantenir-se al corrent de les metes i esdeveniments que amb un calendari personalitzat. Els calendaris corporatius permeten a les empreses una millor gesti\u00f3 del temps i organitzaci\u00f3 interna: incloure esdeveniments importants, dates de llan\u00e7ament de productes i altres dates clau. Aix\u00f2 facilita la planificaci\u00f3 efectiva i assegura que tots els membres de l&#8217;equip estiguin al corrent dels terminis importants i augmentar\u00e0 l&#8217;efici\u00e8ncia.<\/p>\n<p>La capacitat de personalitzar els calendaris amb codis de colors \u00e9s fonamental. Pots utilitzar colors per a categoritzar diferents tipus d&#8217;esdeveniments o projectes, la qual cosa facilita la identificaci\u00f3 r\u00e0pida del que \u00e9s m\u00e9s important en un moment donat.<\/p>\n<h2>Regals corporatius memorables<\/h2>\n<p>La impressi\u00f3 de calendaris personalitzats \u00e9s un regal corporatiu que els clients i socis comercials apreciaran. Pot ser una excel\u00b7lent manera d&#8217;enfortir relacions comercials.<\/p>\n<p>Tamb\u00e9 s\u00f3n ideals per a atreure a nous clients. Oferir un calendari personalitzat com a part d&#8217;una promoci\u00f3 o en fires comercials pot ajudar-te a captar l&#8217;atenci\u00f3 de nous prospectes. \u00c9s una forma efectiva d&#8217;iniciar converses i crear inter\u00e8s en la teva empresa.<\/p>\n<h2>Calendaris personalitzats per a qualsevol sector<\/h2>\n<p>Com a empresa d&#8217;impressi\u00f3 de calendaris tenim la flexibilitat per a adaptar-nos a les necessitats comercials de qualsevol sector. \u00a0La versatilitat dels calendaris personalitzats fa que siguin adequats per a diferents ind\u00fastries i prop\u00f2sits. Aqu\u00ed hi ha algunes idees creatives sobre on poden ser utilitzats:<\/p>\n<ul>\n<li><strong>Educaci\u00f3<\/strong>: Les institucions educatives poden utilitzar calendaris personalitzats per a promocionar esdeveniments escolars, dates importants i horaris. Tamb\u00e9 s\u00f3n excel\u00b7lents regals per a estudiants i pares, la qual cosa refor\u00e7a la identitat d&#8217;instituci\u00f3.<\/li>\n<li><strong>Cultura<\/strong>: Organitzacions culturals poden destacar les seves exposicions, espectacles i esdeveniments especials en calendaris personalitzats, atraient a amants de l&#8217;art i la cultura.<\/li>\n<li><strong>Administraci\u00f3 P\u00fablica<\/strong>: Les entitats governamentals poden utilitzar-los per a informar la comunitat sobre dates clau, serveis p\u00fablics i projectes en curs. S\u00f3n una eina efectiva per a mantenir als ciutadans informats i compromesos amb l&#8217;administraci\u00f3 p\u00fablica.<\/li>\n<li><strong>Alimentaci\u00f3 i Farmac\u00e8utiques<\/strong>: Aquests sectors poden aprofitar els calendaris per a promocionar productes, ofertes especials i recordatoris de salut importants, de cites m\u00e8diques o de la presa de medicaments.<\/li>\n<li><strong>Esdeveniments<\/strong>: Les empreses que organitzen esdeveniments poden utilitzar calendaris personalitzats com a part de la seva estrat\u00e8gia de promoci\u00f3, destacant dates i detalls dels seus esdeveniments.<\/li>\n<\/ul>\n<h2>Tipus de calendaris impresos<img decoding=\"async\" class=\"size-medium wp-image-10667 alignright\" src=\"https:\/\/preweb.artyplan.com\/wp-content\/uploads\/2025\/09\/calendarios-bolsillo-scaled.png\" alt=\"calendaris personalitzats per a empreses\" width=\"212\" height=\"300\" \/><\/h2>\n<p>Podr\u00e0s triar entre calendaris de paper de diferents estils i formats per a satisfer les necessitats espec\u00edfiques de la teva empresa.<\/p>\n<ul>\n<li><strong>Calendaris de Paret<\/strong>: S\u00f3n ideals per a espais d&#8217;oficina i \u00e0rees comunes. Poden incloure fotos personalitzades, gr\u00e0fics i dades importants de l&#8217;empresa.<\/li>\n<li><strong>Calendaris d&#8217;Escriptori<\/strong>:\u00a0Perfectes per a escriptoris d&#8217;oficina, aquests calendaris brinden una visi\u00f3 r\u00e0pida dels esdeveniments i reunions programats.<\/li>\n<li><strong>Calendaris de Butxaca<\/strong>: Compactes i port\u00e0tils, aquests calendaris s\u00f3n ideals per a distribuir a clients en fires comercials i esdeveniments.<\/li>\n<li><strong>Calendaris Magn\u00e8tics<\/strong>: S&#8217;adhereixen f\u00e0cilment a superf\u00edcies met\u00e0l\u00b7liques, com a refrigeradors, la qual cosa garanteix que la teva marca sigui present en la llar dels teus clients.<\/li>\n<\/ul>\n<p>Aquests s\u00f3n nom\u00e9s algunes opcions de calendaris amb publicitat. Amb el 2024 molt a la vora, \u00e9s el moment perfecte per a considerar com aquesta eina pot beneficiar-te. Compromesos a donar-te una soluci\u00f3 i <a href=\"http:\/\/artyplan.com\/ca\/contacte\/\">pressupost de calendaris<\/a> que s&#8217;adapti a les teves necessitats i objectius Si est\u00e0s buscant una impremta per als teus calendaris, no dubtis a contactar amb nosaltres.<\/p>\n","protected":false},"excerpt":{"rendered":"<p>Les empreses han de considerar com poden millorar la seva gesti\u00f3 i promoure la seva marca de manera efectiva per a arribar a m\u00e9s audi\u00e8ncia al llarg del temps. Una eina que ha demostrat ser inavaluable en aquest sentit i una inversi\u00f3 intel\u00b7ligent s\u00f3n els calendaris personalitzats per a empreses. Calendaris personalitzats: Promoci\u00f3 cont\u00ednua de [&hellip;]<\/p>\n","protected":false},"author":1,"featured_media":7242,"comment_status":"closed","ping_status":"closed","sticky":false,"template":"","format":"standard","meta":{"footnotes":""},"categories":[33],"tags":[],"class_list":["post-5652","post","type-post","status-publish","format-standard","has-post-thumbnail","hentry","category-noticies"],"yoast_head":"<!-- This site is optimized with the Yoast SEO plugin v27.4 - https:\/\/yoast.com\/product\/yoast-seo-wordpress\/ -->\n<title>Calendaris publicitaris per a empreses 2024 | Artyplan<\/title>\n<meta name=\"description\" content=\"Els calendaris personalitzats per a empreses visibilitzen la teva marca, ajuden a planificar de manera efectiva i s\u00f3n bons regals corporatius.\" \/>\n<meta name=\"robots\" content=\"noindex, follow, max-snippet:-1, max-image-preview:large, max-video-preview:-1\" \/>\n<meta property=\"og:locale\" content=\"ca_ES\" \/>\n<meta property=\"og:type\" content=\"article\" \/>\n<meta property=\"og:title\" content=\"Calendaris publicitaris per a empreses 2024 | Artyplan\" \/>\n<meta property=\"og:description\" content=\"Els calendaris personalitzats per a empreses visibilitzen la teva marca, ajuden a planificar de manera efectiva i s\u00f3n bons regals corporatius.\" \/>\n<meta property=\"og:url\" content=\"https:\/\/artyplanevents.com\/ca\/blog\/la-importancia-dels-calendaris-personalitzats-per-a-empreses-en-2024\/\" \/>\n<meta property=\"og:site_name\" content=\"Artyplan\" \/>\n<meta property=\"article:publisher\" content=\"https:\/\/www.facebook.com\/artyplan\" \/>\n<meta property=\"article:published_time\" content=\"2023-09-28T22:00:00+00:00\" \/>\n<meta property=\"article:modified_time\" content=\"2025-09-07T14:16:30+00:00\" \/>\n<meta property=\"og:image\" content=\"https:\/\/artyplanevents.com\/wp-content\/uploads\/2025\/09\/Calendario-pared-1-scaled-1.jpg\" \/>\n\t<meta property=\"og:image:width\" content=\"2560\" \/>\n\t<meta property=\"og:image:height\" content=\"1882\" \/>\n\t<meta property=\"og:image:type\" content=\"image\/jpeg\" \/>\n<meta name=\"author\" content=\"jcartagena\" \/>\n<meta name=\"twitter:card\" content=\"summary_large_image\" \/>\n<meta name=\"twitter:creator\" content=\"@artyplan\" \/>\n<meta name=\"twitter:site\" content=\"@artyplan\" \/>\n<meta name=\"twitter:label1\" content=\"Escrit per\" \/>\n\t<meta name=\"twitter:data1\" content=\"jcartagena\" \/>\n\t<meta name=\"twitter:label2\" content=\"Temps estimat de lectura\" \/>\n\t<meta name=\"twitter:data2\" content=\"4 minuts\" \/>\n<script type=\"application\/ld+json\" class=\"yoast-schema-graph\">{\"@context\":\"https:\\\/\\\/schema.org\",\"@graph\":[{\"@type\":\"Article\",\"@id\":\"https:\\\/\\\/artyplanevents.com\\\/ca\\\/blog\\\/la-importancia-dels-calendaris-personalitzats-per-a-empreses-en-2024\\\/#article\",\"isPartOf\":{\"@id\":\"https:\\\/\\\/artyplanevents.com\\\/ca\\\/blog\\\/la-importancia-dels-calendaris-personalitzats-per-a-empreses-en-2024\\\/\"},\"author\":{\"name\":\"jcartagena\",\"@id\":\"https:\\\/\\\/artyplanevents.com\\\/ca\\\/#\\\/schema\\\/person\\\/7e099d8fb4e2e75f604bce6a0026fc08\"},\"headline\":\"La Import\u00e0ncia dels Calendaris Publicitaris per a Empreses en 2024\",\"datePublished\":\"2023-09-28T22:00:00+00:00\",\"dateModified\":\"2025-09-07T14:16:30+00:00\",\"mainEntityOfPage\":{\"@id\":\"https:\\\/\\\/artyplanevents.com\\\/ca\\\/blog\\\/la-importancia-dels-calendaris-personalitzats-per-a-empreses-en-2024\\\/\"},\"wordCount\":803,\"publisher\":{\"@id\":\"https:\\\/\\\/artyplanevents.com\\\/ca\\\/#organization\"},\"image\":{\"@id\":\"https:\\\/\\\/artyplanevents.com\\\/ca\\\/blog\\\/la-importancia-dels-calendaris-personalitzats-per-a-empreses-en-2024\\\/#primaryimage\"},\"thumbnailUrl\":\"https:\\\/\\\/artyplanevents.com\\\/wp-content\\\/uploads\\\/2025\\\/09\\\/Calendario-pared-1-scaled-1.jpg\",\"articleSection\":[\"Noticies\"],\"inLanguage\":\"ca\"},{\"@type\":\"WebPage\",\"@id\":\"https:\\\/\\\/artyplanevents.com\\\/ca\\\/blog\\\/la-importancia-dels-calendaris-personalitzats-per-a-empreses-en-2024\\\/\",\"url\":\"https:\\\/\\\/artyplanevents.com\\\/ca\\\/blog\\\/la-importancia-dels-calendaris-personalitzats-per-a-empreses-en-2024\\\/\",\"name\":\"Calendaris publicitaris per a empreses 2024 | Artyplan\",\"isPartOf\":{\"@id\":\"https:\\\/\\\/artyplanevents.com\\\/ca\\\/#website\"},\"primaryImageOfPage\":{\"@id\":\"https:\\\/\\\/artyplanevents.com\\\/ca\\\/blog\\\/la-importancia-dels-calendaris-personalitzats-per-a-empreses-en-2024\\\/#primaryimage\"},\"image\":{\"@id\":\"https:\\\/\\\/artyplanevents.com\\\/ca\\\/blog\\\/la-importancia-dels-calendaris-personalitzats-per-a-empreses-en-2024\\\/#primaryimage\"},\"thumbnailUrl\":\"https:\\\/\\\/artyplanevents.com\\\/wp-content\\\/uploads\\\/2025\\\/09\\\/Calendario-pared-1-scaled-1.jpg\",\"datePublished\":\"2023-09-28T22:00:00+00:00\",\"dateModified\":\"2025-09-07T14:16:30+00:00\",\"description\":\"Els calendaris personalitzats per a empreses visibilitzen la teva marca, ajuden a planificar de manera efectiva i s\u00f3n bons regals corporatius.\",\"breadcrumb\":{\"@id\":\"https:\\\/\\\/artyplanevents.com\\\/ca\\\/blog\\\/la-importancia-dels-calendaris-personalitzats-per-a-empreses-en-2024\\\/#breadcrumb\"},\"inLanguage\":\"ca\",\"potentialAction\":[{\"@type\":\"ReadAction\",\"target\":[\"https:\\\/\\\/artyplanevents.com\\\/ca\\\/blog\\\/la-importancia-dels-calendaris-personalitzats-per-a-empreses-en-2024\\\/\"]}]},{\"@type\":\"ImageObject\",\"inLanguage\":\"ca\",\"@id\":\"https:\\\/\\\/artyplanevents.com\\\/ca\\\/blog\\\/la-importancia-dels-calendaris-personalitzats-per-a-empreses-en-2024\\\/#primaryimage\",\"url\":\"https:\\\/\\\/artyplanevents.com\\\/wp-content\\\/uploads\\\/2025\\\/09\\\/Calendario-pared-1-scaled-1.jpg\",\"contentUrl\":\"https:\\\/\\\/artyplanevents.com\\\/wp-content\\\/uploads\\\/2025\\\/09\\\/Calendario-pared-1-scaled-1.jpg\",\"width\":2560,\"height\":1882,\"caption\":\"Calendario pared|calendario 2024|calendario wire-o|calendarios personalizados para empresas|calentari paret|calendari paret\"},{\"@type\":\"BreadcrumbList\",\"@id\":\"https:\\\/\\\/artyplanevents.com\\\/ca\\\/blog\\\/la-importancia-dels-calendaris-personalitzats-per-a-empreses-en-2024\\\/#breadcrumb\",\"itemListElement\":[{\"@type\":\"ListItem\",\"position\":1,\"name\":\"Artyplan\",\"item\":\"https:\\\/\\\/artyplanevents.com\\\/ca\\\/\"},{\"@type\":\"ListItem\",\"position\":2,\"name\":\"La Import\u00e0ncia dels Calendaris Publicitaris per a Empreses en 2024\"}]},{\"@type\":\"WebSite\",\"@id\":\"https:\\\/\\\/artyplanevents.com\\\/ca\\\/#website\",\"url\":\"https:\\\/\\\/artyplanevents.com\\\/ca\\\/\",\"name\":\"Artyplan\",\"description\":\"\",\"publisher\":{\"@id\":\"https:\\\/\\\/artyplanevents.com\\\/ca\\\/#organization\"},\"potentialAction\":[{\"@type\":\"SearchAction\",\"target\":{\"@type\":\"EntryPoint\",\"urlTemplate\":\"https:\\\/\\\/artyplanevents.com\\\/ca\\\/?s={search_term_string}\"},\"query-input\":{\"@type\":\"PropertyValueSpecification\",\"valueRequired\":true,\"valueName\":\"search_term_string\"}}],\"inLanguage\":\"ca\"},{\"@type\":\"Organization\",\"@id\":\"https:\\\/\\\/artyplanevents.com\\\/ca\\\/#organization\",\"name\":\"Artyplan\",\"url\":\"https:\\\/\\\/artyplanevents.com\\\/ca\\\/\",\"logo\":{\"@type\":\"ImageObject\",\"inLanguage\":\"ca\",\"@id\":\"https:\\\/\\\/artyplanevents.com\\\/ca\\\/#\\\/schema\\\/logo\\\/image\\\/\",\"url\":\"https:\\\/\\\/preweb.artyplan.com\\\/wp-content\\\/uploads\\\/2025\\\/11\\\/Logo-artyplan-690x690-1.png\",\"contentUrl\":\"https:\\\/\\\/preweb.artyplan.com\\\/wp-content\\\/uploads\\\/2025\\\/11\\\/Logo-artyplan-690x690-1.png\",\"width\":690,\"height\":690,\"caption\":\"Artyplan\"},\"image\":{\"@id\":\"https:\\\/\\\/artyplanevents.com\\\/ca\\\/#\\\/schema\\\/logo\\\/image\\\/\"},\"sameAs\":[\"https:\\\/\\\/www.facebook.com\\\/artyplan\",\"https:\\\/\\\/x.com\\\/artyplan\"]},{\"@type\":\"Person\",\"@id\":\"https:\\\/\\\/artyplanevents.com\\\/ca\\\/#\\\/schema\\\/person\\\/7e099d8fb4e2e75f604bce6a0026fc08\",\"name\":\"jcartagena\",\"image\":{\"@type\":\"ImageObject\",\"inLanguage\":\"ca\",\"@id\":\"https:\\\/\\\/secure.gravatar.com\\\/avatar\\\/74b6898d9dd18bcd06e733678b696165da09bb7631730fd9477d49273abe408c?s=96&d=mm&r=g\",\"url\":\"https:\\\/\\\/secure.gravatar.com\\\/avatar\\\/74b6898d9dd18bcd06e733678b696165da09bb7631730fd9477d49273abe408c?s=96&d=mm&r=g\",\"contentUrl\":\"https:\\\/\\\/secure.gravatar.com\\\/avatar\\\/74b6898d9dd18bcd06e733678b696165da09bb7631730fd9477d49273abe408c?s=96&d=mm&r=g\",\"caption\":\"jcartagena\"},\"sameAs\":[\"https:\\\/\\\/preweb.artyplan.com\"],\"url\":\"https:\\\/\\\/artyplanevents.com\\\/ca\\\/author\\\/jcartagena\\\/\"}]}<\/script>\n<!-- \/ Yoast SEO plugin. -->","yoast_head_json":{"title":"Calendaris publicitaris per a empreses 2024 | Artyplan","description":"Els calendaris personalitzats per a empreses visibilitzen la teva marca, ajuden a planificar de manera efectiva i s\u00f3n bons regals corporatius.","robots":{"index":"noindex","follow":"follow","max-snippet":"max-snippet:-1","max-image-preview":"max-image-preview:large","max-video-preview":"max-video-preview:-1"},"og_locale":"ca_ES","og_type":"article","og_title":"Calendaris publicitaris per a empreses 2024 | Artyplan","og_description":"Els calendaris personalitzats per a empreses visibilitzen la teva marca, ajuden a planificar de manera efectiva i s\u00f3n bons regals corporatius.","og_url":"https:\/\/artyplanevents.com\/ca\/blog\/la-importancia-dels-calendaris-personalitzats-per-a-empreses-en-2024\/","og_site_name":"Artyplan","article_publisher":"https:\/\/www.facebook.com\/artyplan","article_published_time":"2023-09-28T22:00:00+00:00","article_modified_time":"2025-09-07T14:16:30+00:00","og_image":[{"width":2560,"height":1882,"url":"https:\/\/artyplanevents.com\/wp-content\/uploads\/2025\/09\/Calendario-pared-1-scaled-1.jpg","type":"image\/jpeg"}],"author":"jcartagena","twitter_card":"summary_large_image","twitter_creator":"@artyplan","twitter_site":"@artyplan","twitter_misc":{"Escrit per":"jcartagena","Temps estimat de lectura":"4 minuts"},"schema":{"@context":"https:\/\/schema.org","@graph":[{"@type":"Article","@id":"https:\/\/artyplanevents.com\/ca\/blog\/la-importancia-dels-calendaris-personalitzats-per-a-empreses-en-2024\/#article","isPartOf":{"@id":"https:\/\/artyplanevents.com\/ca\/blog\/la-importancia-dels-calendaris-personalitzats-per-a-empreses-en-2024\/"},"author":{"name":"jcartagena","@id":"https:\/\/artyplanevents.com\/ca\/#\/schema\/person\/7e099d8fb4e2e75f604bce6a0026fc08"},"headline":"La Import\u00e0ncia dels Calendaris Publicitaris per a Empreses en 2024","datePublished":"2023-09-28T22:00:00+00:00","dateModified":"2025-09-07T14:16:30+00:00","mainEntityOfPage":{"@id":"https:\/\/artyplanevents.com\/ca\/blog\/la-importancia-dels-calendaris-personalitzats-per-a-empreses-en-2024\/"},"wordCount":803,"publisher":{"@id":"https:\/\/artyplanevents.com\/ca\/#organization"},"image":{"@id":"https:\/\/artyplanevents.com\/ca\/blog\/la-importancia-dels-calendaris-personalitzats-per-a-empreses-en-2024\/#primaryimage"},"thumbnailUrl":"https:\/\/artyplanevents.com\/wp-content\/uploads\/2025\/09\/Calendario-pared-1-scaled-1.jpg","articleSection":["Noticies"],"inLanguage":"ca"},{"@type":"WebPage","@id":"https:\/\/artyplanevents.com\/ca\/blog\/la-importancia-dels-calendaris-personalitzats-per-a-empreses-en-2024\/","url":"https:\/\/artyplanevents.com\/ca\/blog\/la-importancia-dels-calendaris-personalitzats-per-a-empreses-en-2024\/","name":"Calendaris publicitaris per a empreses 2024 | Artyplan","isPartOf":{"@id":"https:\/\/artyplanevents.com\/ca\/#website"},"primaryImageOfPage":{"@id":"https:\/\/artyplanevents.com\/ca\/blog\/la-importancia-dels-calendaris-personalitzats-per-a-empreses-en-2024\/#primaryimage"},"image":{"@id":"https:\/\/artyplanevents.com\/ca\/blog\/la-importancia-dels-calendaris-personalitzats-per-a-empreses-en-2024\/#primaryimage"},"thumbnailUrl":"https:\/\/artyplanevents.com\/wp-content\/uploads\/2025\/09\/Calendario-pared-1-scaled-1.jpg","datePublished":"2023-09-28T22:00:00+00:00","dateModified":"2025-09-07T14:16:30+00:00","description":"Els calendaris personalitzats per a empreses visibilitzen la teva marca, ajuden a planificar de manera efectiva i s\u00f3n bons regals corporatius.","breadcrumb":{"@id":"https:\/\/artyplanevents.com\/ca\/blog\/la-importancia-dels-calendaris-personalitzats-per-a-empreses-en-2024\/#breadcrumb"},"inLanguage":"ca","potentialAction":[{"@type":"ReadAction","target":["https:\/\/artyplanevents.com\/ca\/blog\/la-importancia-dels-calendaris-personalitzats-per-a-empreses-en-2024\/"]}]},{"@type":"ImageObject","inLanguage":"ca","@id":"https:\/\/artyplanevents.com\/ca\/blog\/la-importancia-dels-calendaris-personalitzats-per-a-empreses-en-2024\/#primaryimage","url":"https:\/\/artyplanevents.com\/wp-content\/uploads\/2025\/09\/Calendario-pared-1-scaled-1.jpg","contentUrl":"https:\/\/artyplanevents.com\/wp-content\/uploads\/2025\/09\/Calendario-pared-1-scaled-1.jpg","width":2560,"height":1882,"caption":"Calendario pared|calendario 2024|calendario wire-o|calendarios personalizados para empresas|calentari paret|calendari paret"},{"@type":"BreadcrumbList","@id":"https:\/\/artyplanevents.com\/ca\/blog\/la-importancia-dels-calendaris-personalitzats-per-a-empreses-en-2024\/#breadcrumb","itemListElement":[{"@type":"ListItem","position":1,"name":"Artyplan","item":"https:\/\/artyplanevents.com\/ca\/"},{"@type":"ListItem","position":2,"name":"La Import\u00e0ncia dels Calendaris Publicitaris per a Empreses en 2024"}]},{"@type":"WebSite","@id":"https:\/\/artyplanevents.com\/ca\/#website","url":"https:\/\/artyplanevents.com\/ca\/","name":"Artyplan","description":"","publisher":{"@id":"https:\/\/artyplanevents.com\/ca\/#organization"},"potentialAction":[{"@type":"SearchAction","target":{"@type":"EntryPoint","urlTemplate":"https:\/\/artyplanevents.com\/ca\/?s={search_term_string}"},"query-input":{"@type":"PropertyValueSpecification","valueRequired":true,"valueName":"search_term_string"}}],"inLanguage":"ca"},{"@type":"Organization","@id":"https:\/\/artyplanevents.com\/ca\/#organization","name":"Artyplan","url":"https:\/\/artyplanevents.com\/ca\/","logo":{"@type":"ImageObject","inLanguage":"ca","@id":"https:\/\/artyplanevents.com\/ca\/#\/schema\/logo\/image\/","url":"https:\/\/preweb.artyplan.com\/wp-content\/uploads\/2025\/11\/Logo-artyplan-690x690-1.png","contentUrl":"https:\/\/preweb.artyplan.com\/wp-content\/uploads\/2025\/11\/Logo-artyplan-690x690-1.png","width":690,"height":690,"caption":"Artyplan"},"image":{"@id":"https:\/\/artyplanevents.com\/ca\/#\/schema\/logo\/image\/"},"sameAs":["https:\/\/www.facebook.com\/artyplan","https:\/\/x.com\/artyplan"]},{"@type":"Person","@id":"https:\/\/artyplanevents.com\/ca\/#\/schema\/person\/7e099d8fb4e2e75f604bce6a0026fc08","name":"jcartagena","image":{"@type":"ImageObject","inLanguage":"ca","@id":"https:\/\/secure.gravatar.com\/avatar\/74b6898d9dd18bcd06e733678b696165da09bb7631730fd9477d49273abe408c?s=96&d=mm&r=g","url":"https:\/\/secure.gravatar.com\/avatar\/74b6898d9dd18bcd06e733678b696165da09bb7631730fd9477d49273abe408c?s=96&d=mm&r=g","contentUrl":"https:\/\/secure.gravatar.com\/avatar\/74b6898d9dd18bcd06e733678b696165da09bb7631730fd9477d49273abe408c?s=96&d=mm&r=g","caption":"jcartagena"},"sameAs":["https:\/\/preweb.artyplan.com"],"url":"https:\/\/artyplanevents.com\/ca\/author\/jcartagena\/"}]}},"_links":{"self":[{"href":"https:\/\/artyplanevents.com\/ca\/wp-json\/wp\/v2\/posts\/5652","targetHints":{"allow":["GET"]}}],"collection":[{"href":"https:\/\/artyplanevents.com\/ca\/wp-json\/wp\/v2\/posts"}],"about":[{"href":"https:\/\/artyplanevents.com\/ca\/wp-json\/wp\/v2\/types\/post"}],"author":[{"embeddable":true,"href":"https:\/\/artyplanevents.com\/ca\/wp-json\/wp\/v2\/users\/1"}],"replies":[{"embeddable":true,"href":"https:\/\/artyplanevents.com\/ca\/wp-json\/wp\/v2\/comments?post=5652"}],"version-history":[{"count":7,"href":"https:\/\/artyplanevents.com\/ca\/wp-json\/wp\/v2\/posts\/5652\/revisions"}],"predecessor-version":[{"id":7821,"href":"https:\/\/artyplanevents.com\/ca\/wp-json\/wp\/v2\/posts\/5652\/revisions\/7821"}],"wp:featuredmedia":[{"embeddable":true,"href":"https:\/\/artyplanevents.com\/ca\/wp-json\/wp\/v2\/media\/7242"}],"wp:attachment":[{"href":"https:\/\/artyplanevents.com\/ca\/wp-json\/wp\/v2\/media?parent=5652"}],"wp:term":[{"taxonomy":"category","embeddable":true,"href":"https:\/\/artyplanevents.com\/ca\/wp-json\/wp\/v2\/categories?post=5652"},{"taxonomy":"post_tag","embeddable":true,"href":"https:\/\/artyplanevents.com\/ca\/wp-json\/wp\/v2\/tags?post=5652"}],"curies":[{"name":"wp","href":"https:\/\/api.w.org\/{rel}","templated":true}]}}