{"id":5695,"date":"2023-11-20T00:00:00","date_gmt":"2023-11-19T22:00:00","guid":{"rendered":"https:\/\/preweb.artyplan.com\/sin-categorizar\/com-les-etiquetes-i-autoadhesius-poden-transformar-el-teu-negoci\/"},"modified":"2025-09-07T16:17:18","modified_gmt":"2025-09-07T14:17:18","slug":"com-les-etiquetes-i-autoadhesius-poden-transformar-el-teu-negoci","status":"publish","type":"post","link":"https:\/\/artyplanevents.com\/ca\/blog\/com-les-etiquetes-i-autoadhesius-poden-transformar-el-teu-negoci\/","title":{"rendered":"Com les etiquetes i autoadhesius poden transformar el teu negoci"},"content":{"rendered":"<p>La impressi\u00f3 d&#8217;etiquetes i autoadhesius personalitzats emergeixen com a solucions innovadores, transformant la percepci\u00f3 de productes i marques. Aquestes eines s&#8217;adapten a una \u00e0mplia gamma de necessitats i s\u00f3n r\u00e0pides de dissenyar i produir, permetent a les empreses mantenir-se al dia amb les tend\u00e8ncies i prefer\u00e8ncies dels consumidors.<\/p>\n<h2>Aplicacions de les etiquetes personalitzades per a imprimir<\/h2>\n<p>La impressi\u00f3 d&#8217;etiquetes adhesives obre un m\u00f3n de possibilitats per a les empreses que busquen destacar davant la seva compet\u00e8ncia. El seu \u00fas va m\u00e9s enll\u00e0 de fins tradicionals: des d&#8217;embalatge per a productes fins a estrat\u00e8gies de publicitat i decoraci\u00f3. Aquesta diversitat no ofereix \u00fanicament flexibilitat en l&#8217;aplicaci\u00f3, sin\u00f3 que tamb\u00e9 obre portes a la creativitat i a la\u00a0innovaci\u00f3 en la imatge de marca.<\/p>\n<ul>\n<li><strong>En embalatge<\/strong>: Una de les aplicacions m\u00e9s visibles s\u00f3n les etiquetes en productes i el seu embalatge. Per exemple, una empresa d&#8217;aliments artesanals pot utilitzar etiquetes personalitzades autoadhesives per a transmetre la qualitat i l&#8217;origen natural dels seus productes. Imprimir una etiqueta adhesiva amb un disseny \u00fanic i un missatge atractiu pot convertir un embalatge ordinari en una experi\u00e8ncia memorable pel consumidor, elevant la percepci\u00f3 del producte.<\/li>\n<li><strong>En la ind\u00fastria de begudes<\/strong>, les etiquetes no diferencien \u00fanicament un producte en les\u00a0prestatgeries abarrotades, sin\u00f3 que tamb\u00e9 poden ser utilitzades per a camp<img fetchpriority=\"high\" decoding=\"async\" class=\"size-medium wp-image-10912 alignright\" src=\"https:\/\/preweb.artyplan.com\/wp-content\/uploads\/2025\/09\/etiquetas-de-producto-cosmetica-300x300.png\" alt=\"etiquetas de producto cosm\u00e9tica\" width=\"300\" height=\"300\" \/>anyes promocionals o edicions limitades, afegint un factor d&#8217;exclusivitat.<\/li>\n<li><strong>En cosm\u00e8tics:<\/strong> Les etiquetes en els productes cosm\u00e8tics no sols serveixen per a informar, sin\u00f3 que tamb\u00e9 han de reflectir l&#8217;eleg\u00e0ncia i el luxe associats amb la marca. Una etiqueta ben dissenyada en un producte cosm\u00e8tic pot augmentar significativament el seu atractiu i percepci\u00f3 d&#8217;alta qualitat.<\/li>\n<li><strong>En publicitat:<\/strong> Les etiquetes per a imprimir s\u00f3n eines poderoses per a campanyes creatives. Un exemple hipot\u00e8tic podria ser una botiga de moda que utilitza autoadhesius amb dissenys cridaners en llocs estrat\u00e8gics de la ciutat, creant curiositat i atraient als clients als seus esdeveniments de llan\u00e7ament.<\/li>\n<li><strong>En decoraci\u00f3:<\/strong> Imprimir en etiquetes pot transformar espais de venda i oficines. Un cas real podria ser una cafeteria que utilitza autoadhesius en les seves parets i finestres, creant un ambient acollidor i distintiu que reflecteix la seva marca i atreu als clients.<\/li>\n<\/ul>\n<h2>Potenciant la Marca amb Etiquetes imprimibles<\/h2>\n<p>Imprimir etiquetes personalitzades\u00a0 augmenta la visibilitat i el reconeixement d&#8217;una marca en un mercat saturat.<\/p>\n<ul>\n<li><strong>Augment de la Visibilitat de la Marca:<\/strong> La personalitzaci\u00f3 permet que les marques augmentin la seva notorietat. Una etiqueta o autoadhesiu ben dissenyat en un producte atreu l&#8217;atenci\u00f3 en el punt de venda y crea una impressi\u00f3 visual duradora en la ment del consumidor. Aquesta major visibilitat es tradueix en una major probabilitat de que els consumidors recordin i prefereixin una marca davant dels seus competidors.<\/li>\n<li><strong>Impacte en el Reconeixement de Marca<\/strong>: El reconeixement de marca \u00e9s m\u00e9s que simplement recordar un nom; es tracta d&#8217;associar una marca amb uns certs valors, qualitat i experi\u00e8ncies. Les etiquetes i autoadhesius personalitzats, en incorporar elements de disseny que reflecteixen la identitat de la marca, ajuden a crear aquestes associacions fortes. Una marca que promou la sostenibilitat pot usar etiquetes ecol\u00f2giques per a refor\u00e7ar aquest missatge, la qual cosa fa que la seva audi\u00e8ncia objectiu s&#8217;identifiqui m\u00e9s amb els seus productes.<\/li>\n<li><strong>Foment de la Lleialtat del Client:<\/strong> La personalitzaci\u00f3 tamb\u00e9 juga un paper crucial en la lleialtat del client. Els consumidors tendeixen a desenvolupar un sentit de lleialtat cap a marques que els ofereixen experi\u00e8ncies personalitzades i que demostren comprendre les seves necessitats i prefer\u00e8ncies. Les etiquetes i autoadhesius poden ser utilitzats per a crear aquestes experi\u00e8ncies personalitzades, ja sigui a trav\u00e9s d&#8217;empaquetatges personalitzats per a ocasions especials, missatges dirigits a segments espec\u00edfics del mercat, o fins i tot a trav\u00e9s de promocions exclusives. En sentir-se valorats i entesos, els clients tenen m\u00e9s probabilitats de repetir les seves compres i recomanar la marca a uns altres.<\/li>\n<\/ul>\n<h2>Consells per al Disseny Gr\u00e0fic d&#8217;Etiquetes i Autoadhesius<\/h2>\n<p>El disseny gr\u00e0fic \u00e9s essencial per a assegurar que les etiquetes i autoadhesius no sols siguin atractius, sin\u00f3 que tamb\u00e9 comuniquin efectivament l&#8217;ess\u00e8ncia de la marca. Alguns consells clau inclouen:<\/p>\n<ul>\n<li><strong>Consist\u00e8ncia amb la Identitat de Marca<\/strong>: Assegura&#8217;t que el disseny de les teves etiquetes i autoadhesius estigui alineat amb la identitat visual global de la teva marca. Aix\u00f2 inclou l&#8217;\u00fas de colors corporatius, tipografies i estils gr\u00e0fics que els consumidors ja associen amb la teva empresa.<\/li>\n<li><strong>Claredat i Llegibilitat<\/strong>: Encara que \u00e9s temptador incloure la major quantitat d&#8217;informaci\u00f3 possible, \u00e9s crucial mantenir un disseny clar i llegible. Aix\u00f2 \u00e9s especialment important per a productes que requereixen instruccions d&#8217;\u00fas o informaci\u00f3 legal.<\/li>\n<li><strong>Adaptabilitat a Diferents Formats<\/strong>: Considera com el teu disseny s&#8217;adaptar\u00e0 a diferents grand\u00e0ries i formes d&#8217;etiquetes. Podem trobar, etiquetes adhesives rodones, quadrades o penjants,. Un bon disseny ha de ser flexible i mantenir la seva integritat visual tant en una etiqueta petita com en un autoadhesiu de gran grand\u00e0ria.<\/li>\n<li><strong>Resson\u00e0ncia amb el p\u00fablic objectiu<\/strong>: Ent\u00e9n a la teva audi\u00e8ncia i dissenya pensant en les seves prefer\u00e8ncies. Un disseny vibrant pot ser atractiu per a un p\u00fablic m\u00e9s jove, mentre que un disseny minimalista i sofisticat pot ressonar millor amb un mercat de luxe.<\/li>\n<\/ul>\n<p>En combinar materials innovadors amb un disseny gr\u00e0fic ben pensat, les etiquetes i autoadhesius poden convertir-se en poderoses eines de m\u00e0rqueting i br\u00e0nding. Aquests elements no sols tenen el potencial de captar l&#8217;atenci\u00f3 del consumidor, sin\u00f3 tamb\u00e9 de comunicar els valors i la personalitat de la marca, enfortint aix\u00ed la seva pres\u00e8ncia en el mercat.<\/p>\n<p>Eleva la teva marca al seg\u00fcent nivell, des <a href=\"http:\/\/artyplan.com\/ca\/productes-impressio\/packaging\/\">d&#8217;embalatge cridaners<\/a> fins a material promocional \u00fanic. Contacta&#8217;ns per a explorar opcions adaptades a les teves necessitats de negoci i transforma la percepci\u00f3 de la teva marca en el mercat.<\/p>\n","protected":false},"excerpt":{"rendered":"<p>La impressi\u00f3 d&#8217;etiquetes i autoadhesius personalitzats emergeixen com a solucions innovadores, transformant la percepci\u00f3 de productes i marques. Aquestes eines s&#8217;adapten a una \u00e0mplia gamma de necessitats i s\u00f3n r\u00e0pides de dissenyar i produir, permetent a les empreses mantenir-se al dia amb les tend\u00e8ncies i prefer\u00e8ncies dels consumidors. Aplicacions de les etiquetes personalitzades per a [&hellip;]<\/p>\n","protected":false},"author":1,"featured_media":7274,"comment_status":"closed","ping_status":"closed","sticky":false,"template":"","format":"standard","meta":{"footnotes":""},"categories":[34,33],"tags":[],"class_list":["post-5695","post","type-post","status-publish","format-standard","has-post-thumbnail","hentry","category-ecologic","category-noticies"],"yoast_head":"<!-- This site is optimized with the Yoast SEO plugin v27.4 - https:\/\/yoast.com\/product\/yoast-seo-wordpress\/ -->\n<title>La impressi\u00f3 d&#039;etiquetes i autoadhesius transformen el teu negoci | Aryplan<\/title>\n<meta name=\"description\" content=\"La impressi\u00f3 d&#039;etiquetes i autoadhesius personalitzades revolucionen el m\u00e0rqueting amb solucions per a embalatge, publicitat i decoraci\u00f3.\" \/>\n<meta name=\"robots\" content=\"noindex, follow, max-snippet:-1, max-image-preview:large, max-video-preview:-1\" \/>\n<meta property=\"og:locale\" content=\"ca_ES\" \/>\n<meta property=\"og:type\" content=\"article\" \/>\n<meta property=\"og:title\" content=\"La impressi\u00f3 d&#039;etiquetes i autoadhesius transformen el teu negoci | Aryplan\" \/>\n<meta property=\"og:description\" content=\"La impressi\u00f3 d&#039;etiquetes i autoadhesius personalitzades revolucionen el m\u00e0rqueting amb solucions per a embalatge, publicitat i decoraci\u00f3.\" \/>\n<meta property=\"og:url\" content=\"https:\/\/artyplanevents.com\/ca\/blog\/com-les-etiquetes-i-autoadhesius-poden-transformar-el-teu-negoci\/\" \/>\n<meta property=\"og:site_name\" content=\"Artyplan\" \/>\n<meta property=\"article:publisher\" content=\"https:\/\/www.facebook.com\/artyplan\" \/>\n<meta property=\"article:published_time\" content=\"2023-11-19T22:00:00+00:00\" \/>\n<meta property=\"article:modified_time\" content=\"2025-09-07T14:17:18+00:00\" \/>\n<meta property=\"og:image\" content=\"https:\/\/artyplanevents.com\/wp-content\/uploads\/2025\/09\/blog-etiquetes.png\" \/>\n\t<meta property=\"og:image:width\" content=\"1920\" \/>\n\t<meta property=\"og:image:height\" content=\"600\" \/>\n\t<meta property=\"og:image:type\" content=\"image\/png\" \/>\n<meta name=\"author\" content=\"jcartagena\" \/>\n<meta name=\"twitter:card\" content=\"summary_large_image\" \/>\n<meta name=\"twitter:creator\" content=\"@artyplan\" \/>\n<meta name=\"twitter:site\" content=\"@artyplan\" \/>\n<meta name=\"twitter:label1\" content=\"Escrit per\" \/>\n\t<meta name=\"twitter:data1\" content=\"jcartagena\" \/>\n\t<meta name=\"twitter:label2\" content=\"Temps estimat de lectura\" \/>\n\t<meta name=\"twitter:data2\" content=\"5 minuts\" \/>\n<script type=\"application\/ld+json\" class=\"yoast-schema-graph\">{\"@context\":\"https:\\\/\\\/schema.org\",\"@graph\":[{\"@type\":\"Article\",\"@id\":\"https:\\\/\\\/artyplanevents.com\\\/ca\\\/blog\\\/com-les-etiquetes-i-autoadhesius-poden-transformar-el-teu-negoci\\\/#article\",\"isPartOf\":{\"@id\":\"https:\\\/\\\/artyplanevents.com\\\/ca\\\/blog\\\/com-les-etiquetes-i-autoadhesius-poden-transformar-el-teu-negoci\\\/\"},\"author\":{\"name\":\"jcartagena\",\"@id\":\"https:\\\/\\\/artyplanevents.com\\\/ca\\\/#\\\/schema\\\/person\\\/7e099d8fb4e2e75f604bce6a0026fc08\"},\"headline\":\"Com les etiquetes i autoadhesius poden transformar el teu negoci\",\"datePublished\":\"2023-11-19T22:00:00+00:00\",\"dateModified\":\"2025-09-07T14:17:18+00:00\",\"mainEntityOfPage\":{\"@id\":\"https:\\\/\\\/artyplanevents.com\\\/ca\\\/blog\\\/com-les-etiquetes-i-autoadhesius-poden-transformar-el-teu-negoci\\\/\"},\"wordCount\":1024,\"publisher\":{\"@id\":\"https:\\\/\\\/artyplanevents.com\\\/ca\\\/#organization\"},\"image\":{\"@id\":\"https:\\\/\\\/artyplanevents.com\\\/ca\\\/blog\\\/com-les-etiquetes-i-autoadhesius-poden-transformar-el-teu-negoci\\\/#primaryimage\"},\"thumbnailUrl\":\"https:\\\/\\\/artyplanevents.com\\\/wp-content\\\/uploads\\\/2025\\\/09\\\/blog-etiquetes.png\",\"articleSection\":[\"Ecol\u00f2gic\",\"Noticies\"],\"inLanguage\":\"ca\"},{\"@type\":\"WebPage\",\"@id\":\"https:\\\/\\\/artyplanevents.com\\\/ca\\\/blog\\\/com-les-etiquetes-i-autoadhesius-poden-transformar-el-teu-negoci\\\/\",\"url\":\"https:\\\/\\\/artyplanevents.com\\\/ca\\\/blog\\\/com-les-etiquetes-i-autoadhesius-poden-transformar-el-teu-negoci\\\/\",\"name\":\"La impressi\u00f3 d'etiquetes i autoadhesius transformen el teu negoci | Aryplan\",\"isPartOf\":{\"@id\":\"https:\\\/\\\/artyplanevents.com\\\/ca\\\/#website\"},\"primaryImageOfPage\":{\"@id\":\"https:\\\/\\\/artyplanevents.com\\\/ca\\\/blog\\\/com-les-etiquetes-i-autoadhesius-poden-transformar-el-teu-negoci\\\/#primaryimage\"},\"image\":{\"@id\":\"https:\\\/\\\/artyplanevents.com\\\/ca\\\/blog\\\/com-les-etiquetes-i-autoadhesius-poden-transformar-el-teu-negoci\\\/#primaryimage\"},\"thumbnailUrl\":\"https:\\\/\\\/artyplanevents.com\\\/wp-content\\\/uploads\\\/2025\\\/09\\\/blog-etiquetes.png\",\"datePublished\":\"2023-11-19T22:00:00+00:00\",\"dateModified\":\"2025-09-07T14:17:18+00:00\",\"description\":\"La impressi\u00f3 d'etiquetes i autoadhesius personalitzades revolucionen el m\u00e0rqueting amb solucions per a embalatge, publicitat i decoraci\u00f3.\",\"breadcrumb\":{\"@id\":\"https:\\\/\\\/artyplanevents.com\\\/ca\\\/blog\\\/com-les-etiquetes-i-autoadhesius-poden-transformar-el-teu-negoci\\\/#breadcrumb\"},\"inLanguage\":\"ca\",\"potentialAction\":[{\"@type\":\"ReadAction\",\"target\":[\"https:\\\/\\\/artyplanevents.com\\\/ca\\\/blog\\\/com-les-etiquetes-i-autoadhesius-poden-transformar-el-teu-negoci\\\/\"]}]},{\"@type\":\"ImageObject\",\"inLanguage\":\"ca\",\"@id\":\"https:\\\/\\\/artyplanevents.com\\\/ca\\\/blog\\\/com-les-etiquetes-i-autoadhesius-poden-transformar-el-teu-negoci\\\/#primaryimage\",\"url\":\"https:\\\/\\\/artyplanevents.com\\\/wp-content\\\/uploads\\\/2025\\\/09\\\/blog-etiquetes.png\",\"contentUrl\":\"https:\\\/\\\/artyplanevents.com\\\/wp-content\\\/uploads\\\/2025\\\/09\\\/blog-etiquetes.png\",\"width\":1920,\"height\":600,\"caption\":\"etiquetes adhesives|etiquetas de producto cosm\u00e9tica|etiqueta para packaging|etiquetas adhesivas\"},{\"@type\":\"BreadcrumbList\",\"@id\":\"https:\\\/\\\/artyplanevents.com\\\/ca\\\/blog\\\/com-les-etiquetes-i-autoadhesius-poden-transformar-el-teu-negoci\\\/#breadcrumb\",\"itemListElement\":[{\"@type\":\"ListItem\",\"position\":1,\"name\":\"Artyplan\",\"item\":\"https:\\\/\\\/artyplanevents.com\\\/ca\\\/\"},{\"@type\":\"ListItem\",\"position\":2,\"name\":\"Com les etiquetes i autoadhesius poden transformar el teu negoci\"}]},{\"@type\":\"WebSite\",\"@id\":\"https:\\\/\\\/artyplanevents.com\\\/ca\\\/#website\",\"url\":\"https:\\\/\\\/artyplanevents.com\\\/ca\\\/\",\"name\":\"Artyplan\",\"description\":\"\",\"publisher\":{\"@id\":\"https:\\\/\\\/artyplanevents.com\\\/ca\\\/#organization\"},\"potentialAction\":[{\"@type\":\"SearchAction\",\"target\":{\"@type\":\"EntryPoint\",\"urlTemplate\":\"https:\\\/\\\/artyplanevents.com\\\/ca\\\/?s={search_term_string}\"},\"query-input\":{\"@type\":\"PropertyValueSpecification\",\"valueRequired\":true,\"valueName\":\"search_term_string\"}}],\"inLanguage\":\"ca\"},{\"@type\":\"Organization\",\"@id\":\"https:\\\/\\\/artyplanevents.com\\\/ca\\\/#organization\",\"name\":\"Artyplan\",\"url\":\"https:\\\/\\\/artyplanevents.com\\\/ca\\\/\",\"logo\":{\"@type\":\"ImageObject\",\"inLanguage\":\"ca\",\"@id\":\"https:\\\/\\\/artyplanevents.com\\\/ca\\\/#\\\/schema\\\/logo\\\/image\\\/\",\"url\":\"https:\\\/\\\/preweb.artyplan.com\\\/wp-content\\\/uploads\\\/2025\\\/11\\\/Logo-artyplan-690x690-1.png\",\"contentUrl\":\"https:\\\/\\\/preweb.artyplan.com\\\/wp-content\\\/uploads\\\/2025\\\/11\\\/Logo-artyplan-690x690-1.png\",\"width\":690,\"height\":690,\"caption\":\"Artyplan\"},\"image\":{\"@id\":\"https:\\\/\\\/artyplanevents.com\\\/ca\\\/#\\\/schema\\\/logo\\\/image\\\/\"},\"sameAs\":[\"https:\\\/\\\/www.facebook.com\\\/artyplan\",\"https:\\\/\\\/x.com\\\/artyplan\"]},{\"@type\":\"Person\",\"@id\":\"https:\\\/\\\/artyplanevents.com\\\/ca\\\/#\\\/schema\\\/person\\\/7e099d8fb4e2e75f604bce6a0026fc08\",\"name\":\"jcartagena\",\"image\":{\"@type\":\"ImageObject\",\"inLanguage\":\"ca\",\"@id\":\"https:\\\/\\\/secure.gravatar.com\\\/avatar\\\/74b6898d9dd18bcd06e733678b696165da09bb7631730fd9477d49273abe408c?s=96&d=mm&r=g\",\"url\":\"https:\\\/\\\/secure.gravatar.com\\\/avatar\\\/74b6898d9dd18bcd06e733678b696165da09bb7631730fd9477d49273abe408c?s=96&d=mm&r=g\",\"contentUrl\":\"https:\\\/\\\/secure.gravatar.com\\\/avatar\\\/74b6898d9dd18bcd06e733678b696165da09bb7631730fd9477d49273abe408c?s=96&d=mm&r=g\",\"caption\":\"jcartagena\"},\"sameAs\":[\"https:\\\/\\\/preweb.artyplan.com\"],\"url\":\"https:\\\/\\\/artyplanevents.com\\\/ca\\\/author\\\/jcartagena\\\/\"}]}<\/script>\n<!-- \/ Yoast SEO plugin. -->","yoast_head_json":{"title":"La impressi\u00f3 d'etiquetes i autoadhesius transformen el teu negoci | Aryplan","description":"La impressi\u00f3 d'etiquetes i autoadhesius personalitzades revolucionen el m\u00e0rqueting amb solucions per a embalatge, publicitat i decoraci\u00f3.","robots":{"index":"noindex","follow":"follow","max-snippet":"max-snippet:-1","max-image-preview":"max-image-preview:large","max-video-preview":"max-video-preview:-1"},"og_locale":"ca_ES","og_type":"article","og_title":"La impressi\u00f3 d'etiquetes i autoadhesius transformen el teu negoci | Aryplan","og_description":"La impressi\u00f3 d'etiquetes i autoadhesius personalitzades revolucionen el m\u00e0rqueting amb solucions per a embalatge, publicitat i decoraci\u00f3.","og_url":"https:\/\/artyplanevents.com\/ca\/blog\/com-les-etiquetes-i-autoadhesius-poden-transformar-el-teu-negoci\/","og_site_name":"Artyplan","article_publisher":"https:\/\/www.facebook.com\/artyplan","article_published_time":"2023-11-19T22:00:00+00:00","article_modified_time":"2025-09-07T14:17:18+00:00","og_image":[{"width":1920,"height":600,"url":"https:\/\/artyplanevents.com\/wp-content\/uploads\/2025\/09\/blog-etiquetes.png","type":"image\/png"}],"author":"jcartagena","twitter_card":"summary_large_image","twitter_creator":"@artyplan","twitter_site":"@artyplan","twitter_misc":{"Escrit per":"jcartagena","Temps estimat de lectura":"5 minuts"},"schema":{"@context":"https:\/\/schema.org","@graph":[{"@type":"Article","@id":"https:\/\/artyplanevents.com\/ca\/blog\/com-les-etiquetes-i-autoadhesius-poden-transformar-el-teu-negoci\/#article","isPartOf":{"@id":"https:\/\/artyplanevents.com\/ca\/blog\/com-les-etiquetes-i-autoadhesius-poden-transformar-el-teu-negoci\/"},"author":{"name":"jcartagena","@id":"https:\/\/artyplanevents.com\/ca\/#\/schema\/person\/7e099d8fb4e2e75f604bce6a0026fc08"},"headline":"Com les etiquetes i autoadhesius poden transformar el teu negoci","datePublished":"2023-11-19T22:00:00+00:00","dateModified":"2025-09-07T14:17:18+00:00","mainEntityOfPage":{"@id":"https:\/\/artyplanevents.com\/ca\/blog\/com-les-etiquetes-i-autoadhesius-poden-transformar-el-teu-negoci\/"},"wordCount":1024,"publisher":{"@id":"https:\/\/artyplanevents.com\/ca\/#organization"},"image":{"@id":"https:\/\/artyplanevents.com\/ca\/blog\/com-les-etiquetes-i-autoadhesius-poden-transformar-el-teu-negoci\/#primaryimage"},"thumbnailUrl":"https:\/\/artyplanevents.com\/wp-content\/uploads\/2025\/09\/blog-etiquetes.png","articleSection":["Ecol\u00f2gic","Noticies"],"inLanguage":"ca"},{"@type":"WebPage","@id":"https:\/\/artyplanevents.com\/ca\/blog\/com-les-etiquetes-i-autoadhesius-poden-transformar-el-teu-negoci\/","url":"https:\/\/artyplanevents.com\/ca\/blog\/com-les-etiquetes-i-autoadhesius-poden-transformar-el-teu-negoci\/","name":"La impressi\u00f3 d'etiquetes i autoadhesius transformen el teu negoci | Aryplan","isPartOf":{"@id":"https:\/\/artyplanevents.com\/ca\/#website"},"primaryImageOfPage":{"@id":"https:\/\/artyplanevents.com\/ca\/blog\/com-les-etiquetes-i-autoadhesius-poden-transformar-el-teu-negoci\/#primaryimage"},"image":{"@id":"https:\/\/artyplanevents.com\/ca\/blog\/com-les-etiquetes-i-autoadhesius-poden-transformar-el-teu-negoci\/#primaryimage"},"thumbnailUrl":"https:\/\/artyplanevents.com\/wp-content\/uploads\/2025\/09\/blog-etiquetes.png","datePublished":"2023-11-19T22:00:00+00:00","dateModified":"2025-09-07T14:17:18+00:00","description":"La impressi\u00f3 d'etiquetes i autoadhesius personalitzades revolucionen el m\u00e0rqueting amb solucions per a embalatge, publicitat i decoraci\u00f3.","breadcrumb":{"@id":"https:\/\/artyplanevents.com\/ca\/blog\/com-les-etiquetes-i-autoadhesius-poden-transformar-el-teu-negoci\/#breadcrumb"},"inLanguage":"ca","potentialAction":[{"@type":"ReadAction","target":["https:\/\/artyplanevents.com\/ca\/blog\/com-les-etiquetes-i-autoadhesius-poden-transformar-el-teu-negoci\/"]}]},{"@type":"ImageObject","inLanguage":"ca","@id":"https:\/\/artyplanevents.com\/ca\/blog\/com-les-etiquetes-i-autoadhesius-poden-transformar-el-teu-negoci\/#primaryimage","url":"https:\/\/artyplanevents.com\/wp-content\/uploads\/2025\/09\/blog-etiquetes.png","contentUrl":"https:\/\/artyplanevents.com\/wp-content\/uploads\/2025\/09\/blog-etiquetes.png","width":1920,"height":600,"caption":"etiquetes adhesives|etiquetas de producto cosm\u00e9tica|etiqueta para packaging|etiquetas adhesivas"},{"@type":"BreadcrumbList","@id":"https:\/\/artyplanevents.com\/ca\/blog\/com-les-etiquetes-i-autoadhesius-poden-transformar-el-teu-negoci\/#breadcrumb","itemListElement":[{"@type":"ListItem","position":1,"name":"Artyplan","item":"https:\/\/artyplanevents.com\/ca\/"},{"@type":"ListItem","position":2,"name":"Com les etiquetes i autoadhesius poden transformar el teu negoci"}]},{"@type":"WebSite","@id":"https:\/\/artyplanevents.com\/ca\/#website","url":"https:\/\/artyplanevents.com\/ca\/","name":"Artyplan","description":"","publisher":{"@id":"https:\/\/artyplanevents.com\/ca\/#organization"},"potentialAction":[{"@type":"SearchAction","target":{"@type":"EntryPoint","urlTemplate":"https:\/\/artyplanevents.com\/ca\/?s={search_term_string}"},"query-input":{"@type":"PropertyValueSpecification","valueRequired":true,"valueName":"search_term_string"}}],"inLanguage":"ca"},{"@type":"Organization","@id":"https:\/\/artyplanevents.com\/ca\/#organization","name":"Artyplan","url":"https:\/\/artyplanevents.com\/ca\/","logo":{"@type":"ImageObject","inLanguage":"ca","@id":"https:\/\/artyplanevents.com\/ca\/#\/schema\/logo\/image\/","url":"https:\/\/preweb.artyplan.com\/wp-content\/uploads\/2025\/11\/Logo-artyplan-690x690-1.png","contentUrl":"https:\/\/preweb.artyplan.com\/wp-content\/uploads\/2025\/11\/Logo-artyplan-690x690-1.png","width":690,"height":690,"caption":"Artyplan"},"image":{"@id":"https:\/\/artyplanevents.com\/ca\/#\/schema\/logo\/image\/"},"sameAs":["https:\/\/www.facebook.com\/artyplan","https:\/\/x.com\/artyplan"]},{"@type":"Person","@id":"https:\/\/artyplanevents.com\/ca\/#\/schema\/person\/7e099d8fb4e2e75f604bce6a0026fc08","name":"jcartagena","image":{"@type":"ImageObject","inLanguage":"ca","@id":"https:\/\/secure.gravatar.com\/avatar\/74b6898d9dd18bcd06e733678b696165da09bb7631730fd9477d49273abe408c?s=96&d=mm&r=g","url":"https:\/\/secure.gravatar.com\/avatar\/74b6898d9dd18bcd06e733678b696165da09bb7631730fd9477d49273abe408c?s=96&d=mm&r=g","contentUrl":"https:\/\/secure.gravatar.com\/avatar\/74b6898d9dd18bcd06e733678b696165da09bb7631730fd9477d49273abe408c?s=96&d=mm&r=g","caption":"jcartagena"},"sameAs":["https:\/\/preweb.artyplan.com"],"url":"https:\/\/artyplanevents.com\/ca\/author\/jcartagena\/"}]}},"_links":{"self":[{"href":"https:\/\/artyplanevents.com\/ca\/wp-json\/wp\/v2\/posts\/5695","targetHints":{"allow":["GET"]}}],"collection":[{"href":"https:\/\/artyplanevents.com\/ca\/wp-json\/wp\/v2\/posts"}],"about":[{"href":"https:\/\/artyplanevents.com\/ca\/wp-json\/wp\/v2\/types\/post"}],"author":[{"embeddable":true,"href":"https:\/\/artyplanevents.com\/ca\/wp-json\/wp\/v2\/users\/1"}],"replies":[{"embeddable":true,"href":"https:\/\/artyplanevents.com\/ca\/wp-json\/wp\/v2\/comments?post=5695"}],"version-history":[{"count":7,"href":"https:\/\/artyplanevents.com\/ca\/wp-json\/wp\/v2\/posts\/5695\/revisions"}],"predecessor-version":[{"id":7845,"href":"https:\/\/artyplanevents.com\/ca\/wp-json\/wp\/v2\/posts\/5695\/revisions\/7845"}],"wp:featuredmedia":[{"embeddable":true,"href":"https:\/\/artyplanevents.com\/ca\/wp-json\/wp\/v2\/media\/7274"}],"wp:attachment":[{"href":"https:\/\/artyplanevents.com\/ca\/wp-json\/wp\/v2\/media?parent=5695"}],"wp:term":[{"taxonomy":"category","embeddable":true,"href":"https:\/\/artyplanevents.com\/ca\/wp-json\/wp\/v2\/categories?post=5695"},{"taxonomy":"post_tag","embeddable":true,"href":"https:\/\/artyplanevents.com\/ca\/wp-json\/wp\/v2\/tags?post=5695"}],"curies":[{"name":"wp","href":"https:\/\/api.w.org\/{rel}","templated":true}]}}