{"id":5796,"date":"2024-03-15T00:00:00","date_gmt":"2024-03-14T22:00:00","guid":{"rendered":"https:\/\/preweb.artyplan.com\/sin-categorizar\/la-psicologia-del-color-en-la-publicitat-impresa\/"},"modified":"2025-09-07T16:18:43","modified_gmt":"2025-09-07T14:18:43","slug":"la-psicologia-del-color-en-la-publicitat-impresa","status":"publish","type":"post","link":"https:\/\/artyplanevents.com\/ca\/blog\/la-psicologia-del-color-en-la-publicitat-impresa\/","title":{"rendered":"La psicologia del color en la publicitat impresa"},"content":{"rendered":"<p>En el m\u00f3n de la publicitat impresa, el color no \u00e9s nom\u00e9s un aspecte del disseny; \u00e9s una eina psicol\u00f2gica poderosa que influeix en les emocions i les decisions de compra dels consumidors. Comprendre la psicologia del color pot ajudar les marques a transmetre el seu missatge de manera m\u00e9s efectiva, establir una connexi\u00f3 emocional amb la seva audi\u00e8ncia i enfortir una campanya en un mercat competitiu.<\/p>\n<h2>Influ\u00e8ncia del color en la percepci\u00f3 de la marca<\/h2>\n<p>Cada color evoca diferents emocions i t\u00e9 associacions culturals espec\u00edfiques, la qual cosa pot influir en com es percep un missatge o una marca. A continuaci\u00f3, es presenten alguns exemples de com els colors m\u00e9s comuns s&#8217;utilitzen en la publicitat:<\/p>\n<ul>\n<li><strong>Vermell<\/strong>: Associat amb l&#8217;energia, la passi\u00f3 i l&#8217;acci\u00f3. \u00c9s un color que capta l&#8217;atenci\u00f3 i s&#8217;usa sovint per a crear un sentit d&#8217;urg\u00e8ncia, ideal per a anomenades a l&#8217;acci\u00f3 o promocions. Solem veure-ho en la ind\u00fastria aliment\u00e0ria.<\/li>\n<li><strong>Blau<\/strong>: Evoca confian\u00e7a, seguretat i serenitat. \u00c9s el color preferit per a les marques que desitgen transmetre fiabilitat i professionalisme. Ideal per a corporacions, ind\u00fastria tecnol\u00f2gica o financera.<\/li>\n<li><strong>Verd<\/strong>: Representa la naturalesa, la salut i la tranquil\u00b7litat. S&#8217;utilitza en productes relacionats amb la salut, la sostenibilitat i el medi ambient.<\/li>\n<li><strong>Groc<\/strong>: Simbolitza la felicitat, l&#8217;energia i l&#8217;optimisme. La seva lluentor atreu la mirada, fent-ho efectiu per a ressaltar informaci\u00f3 important. Efectiu per a marques juvenils.<\/li>\n<li><strong>Taronja<\/strong>: Mescla de l&#8217;energia del vermell i la felicitat del groc, s&#8217;utilitza per a invocar emocions positives i cridar l&#8217;atenci\u00f3 sense ser tan aclaparador com el vermell.<\/li>\n<li><strong>Negre<\/strong>: Associat amb la sofisticaci\u00f3 i el luxe. \u00c9s com\u00fa en productes d&#8217;alta gamma per a transmetre eleg\u00e0ncia i exclusivitat.<\/li>\n<\/ul>\n<h2>Consideracions abans de l&#8217;aplicaci\u00f3 el color en impressi\u00f3<\/h2>\n<p>Per a aprofitar el poder del color en la publicitat impresa, considera els seg\u00fcents aspectes:<\/p>\n<ul>\n<li>Coneix la teva audi\u00e8ncia: La percepci\u00f3 del color pot variar segons factors culturals, demogr\u00e0fics i personals. Assegura&#8217;t d&#8217;entendre a la teva audi\u00e8ncia objectiu per a triar colors que ressonin amb ells.<\/li>\n<li>Defineix el missatge i el to: Tria colors que s&#8217;aline\u00efn amb el missatge que desitges transmetre i el to de la teva marca. Per exemple, si la teva marca \u00e9s energ\u00e8tica i jove, el vermell o el taronja poden ser colors apropiats.<\/li>\n<li>Utilitza contrastos i combinacions: El contrast ajuda al fet que la teva publicitat sigui m\u00e9s llegible i atractiva. Combinar colors de manera estrat\u00e8gica pot ressaltar elements clau i millorar la comprensi\u00f3 del missatge.<\/li>\n<li>Consist\u00e8ncia de marca: Mantingues una paleta de colors coherent en totes les teves campanyes publicit\u00e0ries per a enfortir el reconeixement de marca.<\/li>\n<li>Proves A\/B: Realitza proves amb diferents combinacions de colors en els teus materials impresos per a veure qu\u00e8 funciona millor amb la teva audi\u00e8ncia.<\/li>\n<\/ul>\n<h3>Consideracions culturals<\/h3>\n<p>\u00c9s important considerar les connotacions culturals dels colors, ja que varien significativament entre diferents regions i cultures. Per exemple, el blanc \u00e9s associat amb la puresa en moltes cultures occidentals, per\u00f2 en algunes cultures asi\u00e0tiques, s&#8217;associa amb el dol. Aquestes difer\u00e8ncies culturals poden influir en com es percep una marca globalment.<\/p>\n<h2>Aplicaci\u00f3 del color en M\u00e0rqueting i Publicitat impresa<\/h2>\n<ul>\n<li><strong>Disseny de Producte<\/strong><\/li>\n<\/ul>\n<p>El color d&#8217;un producte pot influir en el seu atractiu i en com \u00e9s percebut pels consumidors. Per exemple, productes ecol\u00f2gics solen utilitzar tons verds per a comunicar el seu comprom\u00eds amb la sostenibilitat. En seleccionar colors per a un producte, les marques han de considerar les emocions i els valors que volen associar amb ell.<\/p>\n<ul>\n<li><strong>Publicitat i Promoci\u00f3<\/strong><\/li>\n<\/ul>\n<p>La publicitat utilitza el color per a captar l&#8217;atenci\u00f3 i crear atmosferes que reforcin el missatge de la campanya. Colors vibrants poden ser efectius per a destacar entre la compet\u00e8ncia, mentre que combinacions de colors m\u00e9s subtils poden ser usades per a comunicar un missatge sofisticat o de luxe.<\/p>\n<ul>\n<li><strong>Br\u00e0nding i Identitat de Marca<\/strong><\/li>\n<\/ul>\n<p>La paleta de colors d&#8217;una marca \u00e9s un element fonamental de la seva identitat visual. Els colors triats han de reflectir els valors i la personalitat de la marca, facilitant el seu reconeixement i diferenciaci\u00f3 en el mercat. La coher\u00e8ncia en l&#8217;\u00fas del color a trav\u00e9s de tots els punts de contacte amb el client enforteix la identitat de la marca i contribueix a una experi\u00e8ncia de marca unificada.<\/p>\n<p>La psicologia del color \u00e9s una eina valuosa en la<a href=\"http:\/\/artyplan.com\/ca\/productes-impressio\/serveis-dimpressio-de-gran-format\/\"> publicitat impresa<\/a>, capa\u00e7 d&#8217;influir en les percepcions i accions del consumidor. En triar colors de manera estrat\u00e8gica, les marques poden millorar significativament l&#8217;efectivitat de les seves campanyes publicit\u00e0ries, creant una connexi\u00f3 emocional amb la seva audi\u00e8ncia i motivant-los cap a l&#8217;acci\u00f3 desitjada. Recorda, el color no \u00e9s nom\u00e9s un detall est\u00e8tic; \u00e9s un mitj\u00e0 de comunicaci\u00f3 que, quan s&#8217;utilitza correctament, pot marcar la difer\u00e8ncia en l&#8217;\u00e8xit de la teva publicitat impresa.<\/p>\n","protected":false},"excerpt":{"rendered":"<p>En el m\u00f3n de la publicitat impresa, el color no \u00e9s nom\u00e9s un aspecte del disseny; \u00e9s una eina psicol\u00f2gica poderosa que influeix en les emocions i les decisions de compra dels consumidors. Comprendre la psicologia del color pot ajudar les marques a transmetre el seu missatge de manera m\u00e9s efectiva, establir una connexi\u00f3 emocional [&hellip;]<\/p>\n","protected":false},"author":1,"featured_media":5795,"comment_status":"closed","ping_status":"closed","sticky":false,"template":"","format":"standard","meta":{"footnotes":""},"categories":[33],"tags":[],"class_list":["post-5796","post","type-post","status-publish","format-standard","has-post-thumbnail","hentry","category-noticies"],"yoast_head":"<!-- This site is optimized with the Yoast SEO plugin v27.4 - https:\/\/yoast.com\/product\/yoast-seo-wordpress\/ -->\n<title>La psicologia del color en la publicitat impresa | Artyplan<\/title>\n<meta name=\"description\" content=\"Com la psicologia del color en la publicitat impresa influeix en decisions de compra, i com aprofitar-lo per a enfortir la teva marca.\" \/>\n<meta name=\"robots\" content=\"noindex, follow, max-snippet:-1, max-image-preview:large, max-video-preview:-1\" \/>\n<meta property=\"og:locale\" content=\"ca_ES\" \/>\n<meta property=\"og:type\" content=\"article\" \/>\n<meta property=\"og:title\" content=\"La psicologia del color en la publicitat impresa | Artyplan\" \/>\n<meta property=\"og:description\" content=\"Com la psicologia del color en la publicitat impresa influeix en decisions de compra, i com aprofitar-lo per a enfortir la teva marca.\" \/>\n<meta property=\"og:url\" content=\"https:\/\/artyplanevents.com\/ca\/blog\/la-psicologia-del-color-en-la-publicitat-impresa\/\" \/>\n<meta property=\"og:site_name\" content=\"Artyplan\" \/>\n<meta property=\"article:publisher\" content=\"https:\/\/www.facebook.com\/artyplan\" \/>\n<meta property=\"article:published_time\" content=\"2024-03-14T22:00:00+00:00\" \/>\n<meta property=\"article:modified_time\" content=\"2025-09-07T14:18:43+00:00\" \/>\n<meta property=\"og:image\" content=\"https:\/\/artyplanevents.com\/wp-content\/uploads\/2025\/09\/tamany-blog-COLORS.png\" \/>\n\t<meta property=\"og:image:width\" content=\"1920\" \/>\n\t<meta property=\"og:image:height\" content=\"600\" \/>\n\t<meta property=\"og:image:type\" content=\"image\/png\" \/>\n<meta name=\"author\" content=\"jcartagena\" \/>\n<meta name=\"twitter:card\" content=\"summary_large_image\" \/>\n<meta name=\"twitter:creator\" content=\"@artyplan\" \/>\n<meta name=\"twitter:site\" content=\"@artyplan\" \/>\n<meta name=\"twitter:label1\" content=\"Escrit per\" \/>\n\t<meta name=\"twitter:data1\" content=\"jcartagena\" \/>\n\t<meta name=\"twitter:label2\" content=\"Temps estimat de lectura\" \/>\n\t<meta name=\"twitter:data2\" content=\"4 minuts\" \/>\n<script type=\"application\/ld+json\" class=\"yoast-schema-graph\">{\"@context\":\"https:\\\/\\\/schema.org\",\"@graph\":[{\"@type\":\"Article\",\"@id\":\"https:\\\/\\\/artyplanevents.com\\\/ca\\\/blog\\\/la-psicologia-del-color-en-la-publicitat-impresa\\\/#article\",\"isPartOf\":{\"@id\":\"https:\\\/\\\/artyplanevents.com\\\/ca\\\/blog\\\/la-psicologia-del-color-en-la-publicitat-impresa\\\/\"},\"author\":{\"name\":\"jcartagena\",\"@id\":\"https:\\\/\\\/artyplanevents.com\\\/ca\\\/#\\\/schema\\\/person\\\/7e099d8fb4e2e75f604bce6a0026fc08\"},\"headline\":\"La psicologia del color en la publicitat impresa\",\"datePublished\":\"2024-03-14T22:00:00+00:00\",\"dateModified\":\"2025-09-07T14:18:43+00:00\",\"mainEntityOfPage\":{\"@id\":\"https:\\\/\\\/artyplanevents.com\\\/ca\\\/blog\\\/la-psicologia-del-color-en-la-publicitat-impresa\\\/\"},\"wordCount\":858,\"publisher\":{\"@id\":\"https:\\\/\\\/artyplanevents.com\\\/ca\\\/#organization\"},\"image\":{\"@id\":\"https:\\\/\\\/artyplanevents.com\\\/ca\\\/blog\\\/la-psicologia-del-color-en-la-publicitat-impresa\\\/#primaryimage\"},\"thumbnailUrl\":\"https:\\\/\\\/artyplanevents.com\\\/wp-content\\\/uploads\\\/2025\\\/09\\\/tamany-blog-COLORS.png\",\"articleSection\":[\"Noticies\"],\"inLanguage\":\"ca\"},{\"@type\":\"WebPage\",\"@id\":\"https:\\\/\\\/artyplanevents.com\\\/ca\\\/blog\\\/la-psicologia-del-color-en-la-publicitat-impresa\\\/\",\"url\":\"https:\\\/\\\/artyplanevents.com\\\/ca\\\/blog\\\/la-psicologia-del-color-en-la-publicitat-impresa\\\/\",\"name\":\"La psicologia del color en la publicitat impresa | Artyplan\",\"isPartOf\":{\"@id\":\"https:\\\/\\\/artyplanevents.com\\\/ca\\\/#website\"},\"primaryImageOfPage\":{\"@id\":\"https:\\\/\\\/artyplanevents.com\\\/ca\\\/blog\\\/la-psicologia-del-color-en-la-publicitat-impresa\\\/#primaryimage\"},\"image\":{\"@id\":\"https:\\\/\\\/artyplanevents.com\\\/ca\\\/blog\\\/la-psicologia-del-color-en-la-publicitat-impresa\\\/#primaryimage\"},\"thumbnailUrl\":\"https:\\\/\\\/artyplanevents.com\\\/wp-content\\\/uploads\\\/2025\\\/09\\\/tamany-blog-COLORS.png\",\"datePublished\":\"2024-03-14T22:00:00+00:00\",\"dateModified\":\"2025-09-07T14:18:43+00:00\",\"description\":\"Com la psicologia del color en la publicitat impresa influeix en decisions de compra, i com aprofitar-lo per a enfortir la teva marca.\",\"breadcrumb\":{\"@id\":\"https:\\\/\\\/artyplanevents.com\\\/ca\\\/blog\\\/la-psicologia-del-color-en-la-publicitat-impresa\\\/#breadcrumb\"},\"inLanguage\":\"ca\",\"potentialAction\":[{\"@type\":\"ReadAction\",\"target\":[\"https:\\\/\\\/artyplanevents.com\\\/ca\\\/blog\\\/la-psicologia-del-color-en-la-publicitat-impresa\\\/\"]}]},{\"@type\":\"ImageObject\",\"inLanguage\":\"ca\",\"@id\":\"https:\\\/\\\/artyplanevents.com\\\/ca\\\/blog\\\/la-psicologia-del-color-en-la-publicitat-impresa\\\/#primaryimage\",\"url\":\"https:\\\/\\\/artyplanevents.com\\\/wp-content\\\/uploads\\\/2025\\\/09\\\/tamany-blog-COLORS.png\",\"contentUrl\":\"https:\\\/\\\/artyplanevents.com\\\/wp-content\\\/uploads\\\/2025\\\/09\\\/tamany-blog-COLORS.png\",\"width\":1920,\"height\":600,\"caption\":\"psicologia color impresi\u00f3n\"},{\"@type\":\"BreadcrumbList\",\"@id\":\"https:\\\/\\\/artyplanevents.com\\\/ca\\\/blog\\\/la-psicologia-del-color-en-la-publicitat-impresa\\\/#breadcrumb\",\"itemListElement\":[{\"@type\":\"ListItem\",\"position\":1,\"name\":\"Artyplan\",\"item\":\"https:\\\/\\\/artyplanevents.com\\\/ca\\\/\"},{\"@type\":\"ListItem\",\"position\":2,\"name\":\"La psicologia del color en la publicitat impresa\"}]},{\"@type\":\"WebSite\",\"@id\":\"https:\\\/\\\/artyplanevents.com\\\/ca\\\/#website\",\"url\":\"https:\\\/\\\/artyplanevents.com\\\/ca\\\/\",\"name\":\"Artyplan\",\"description\":\"\",\"publisher\":{\"@id\":\"https:\\\/\\\/artyplanevents.com\\\/ca\\\/#organization\"},\"potentialAction\":[{\"@type\":\"SearchAction\",\"target\":{\"@type\":\"EntryPoint\",\"urlTemplate\":\"https:\\\/\\\/artyplanevents.com\\\/ca\\\/?s={search_term_string}\"},\"query-input\":{\"@type\":\"PropertyValueSpecification\",\"valueRequired\":true,\"valueName\":\"search_term_string\"}}],\"inLanguage\":\"ca\"},{\"@type\":\"Organization\",\"@id\":\"https:\\\/\\\/artyplanevents.com\\\/ca\\\/#organization\",\"name\":\"Artyplan\",\"url\":\"https:\\\/\\\/artyplanevents.com\\\/ca\\\/\",\"logo\":{\"@type\":\"ImageObject\",\"inLanguage\":\"ca\",\"@id\":\"https:\\\/\\\/artyplanevents.com\\\/ca\\\/#\\\/schema\\\/logo\\\/image\\\/\",\"url\":\"https:\\\/\\\/preweb.artyplan.com\\\/wp-content\\\/uploads\\\/2025\\\/11\\\/Logo-artyplan-690x690-1.png\",\"contentUrl\":\"https:\\\/\\\/preweb.artyplan.com\\\/wp-content\\\/uploads\\\/2025\\\/11\\\/Logo-artyplan-690x690-1.png\",\"width\":690,\"height\":690,\"caption\":\"Artyplan\"},\"image\":{\"@id\":\"https:\\\/\\\/artyplanevents.com\\\/ca\\\/#\\\/schema\\\/logo\\\/image\\\/\"},\"sameAs\":[\"https:\\\/\\\/www.facebook.com\\\/artyplan\",\"https:\\\/\\\/x.com\\\/artyplan\"]},{\"@type\":\"Person\",\"@id\":\"https:\\\/\\\/artyplanevents.com\\\/ca\\\/#\\\/schema\\\/person\\\/7e099d8fb4e2e75f604bce6a0026fc08\",\"name\":\"jcartagena\",\"image\":{\"@type\":\"ImageObject\",\"inLanguage\":\"ca\",\"@id\":\"https:\\\/\\\/secure.gravatar.com\\\/avatar\\\/74b6898d9dd18bcd06e733678b696165da09bb7631730fd9477d49273abe408c?s=96&d=mm&r=g\",\"url\":\"https:\\\/\\\/secure.gravatar.com\\\/avatar\\\/74b6898d9dd18bcd06e733678b696165da09bb7631730fd9477d49273abe408c?s=96&d=mm&r=g\",\"contentUrl\":\"https:\\\/\\\/secure.gravatar.com\\\/avatar\\\/74b6898d9dd18bcd06e733678b696165da09bb7631730fd9477d49273abe408c?s=96&d=mm&r=g\",\"caption\":\"jcartagena\"},\"sameAs\":[\"https:\\\/\\\/preweb.artyplan.com\"],\"url\":\"https:\\\/\\\/artyplanevents.com\\\/ca\\\/author\\\/jcartagena\\\/\"}]}<\/script>\n<!-- \/ Yoast SEO plugin. -->","yoast_head_json":{"title":"La psicologia del color en la publicitat impresa | Artyplan","description":"Com la psicologia del color en la publicitat impresa influeix en decisions de compra, i com aprofitar-lo per a enfortir la teva marca.","robots":{"index":"noindex","follow":"follow","max-snippet":"max-snippet:-1","max-image-preview":"max-image-preview:large","max-video-preview":"max-video-preview:-1"},"og_locale":"ca_ES","og_type":"article","og_title":"La psicologia del color en la publicitat impresa | Artyplan","og_description":"Com la psicologia del color en la publicitat impresa influeix en decisions de compra, i com aprofitar-lo per a enfortir la teva marca.","og_url":"https:\/\/artyplanevents.com\/ca\/blog\/la-psicologia-del-color-en-la-publicitat-impresa\/","og_site_name":"Artyplan","article_publisher":"https:\/\/www.facebook.com\/artyplan","article_published_time":"2024-03-14T22:00:00+00:00","article_modified_time":"2025-09-07T14:18:43+00:00","og_image":[{"width":1920,"height":600,"url":"https:\/\/artyplanevents.com\/wp-content\/uploads\/2025\/09\/tamany-blog-COLORS.png","type":"image\/png"}],"author":"jcartagena","twitter_card":"summary_large_image","twitter_creator":"@artyplan","twitter_site":"@artyplan","twitter_misc":{"Escrit per":"jcartagena","Temps estimat de lectura":"4 minuts"},"schema":{"@context":"https:\/\/schema.org","@graph":[{"@type":"Article","@id":"https:\/\/artyplanevents.com\/ca\/blog\/la-psicologia-del-color-en-la-publicitat-impresa\/#article","isPartOf":{"@id":"https:\/\/artyplanevents.com\/ca\/blog\/la-psicologia-del-color-en-la-publicitat-impresa\/"},"author":{"name":"jcartagena","@id":"https:\/\/artyplanevents.com\/ca\/#\/schema\/person\/7e099d8fb4e2e75f604bce6a0026fc08"},"headline":"La psicologia del color en la publicitat impresa","datePublished":"2024-03-14T22:00:00+00:00","dateModified":"2025-09-07T14:18:43+00:00","mainEntityOfPage":{"@id":"https:\/\/artyplanevents.com\/ca\/blog\/la-psicologia-del-color-en-la-publicitat-impresa\/"},"wordCount":858,"publisher":{"@id":"https:\/\/artyplanevents.com\/ca\/#organization"},"image":{"@id":"https:\/\/artyplanevents.com\/ca\/blog\/la-psicologia-del-color-en-la-publicitat-impresa\/#primaryimage"},"thumbnailUrl":"https:\/\/artyplanevents.com\/wp-content\/uploads\/2025\/09\/tamany-blog-COLORS.png","articleSection":["Noticies"],"inLanguage":"ca"},{"@type":"WebPage","@id":"https:\/\/artyplanevents.com\/ca\/blog\/la-psicologia-del-color-en-la-publicitat-impresa\/","url":"https:\/\/artyplanevents.com\/ca\/blog\/la-psicologia-del-color-en-la-publicitat-impresa\/","name":"La psicologia del color en la publicitat impresa | Artyplan","isPartOf":{"@id":"https:\/\/artyplanevents.com\/ca\/#website"},"primaryImageOfPage":{"@id":"https:\/\/artyplanevents.com\/ca\/blog\/la-psicologia-del-color-en-la-publicitat-impresa\/#primaryimage"},"image":{"@id":"https:\/\/artyplanevents.com\/ca\/blog\/la-psicologia-del-color-en-la-publicitat-impresa\/#primaryimage"},"thumbnailUrl":"https:\/\/artyplanevents.com\/wp-content\/uploads\/2025\/09\/tamany-blog-COLORS.png","datePublished":"2024-03-14T22:00:00+00:00","dateModified":"2025-09-07T14:18:43+00:00","description":"Com la psicologia del color en la publicitat impresa influeix en decisions de compra, i com aprofitar-lo per a enfortir la teva marca.","breadcrumb":{"@id":"https:\/\/artyplanevents.com\/ca\/blog\/la-psicologia-del-color-en-la-publicitat-impresa\/#breadcrumb"},"inLanguage":"ca","potentialAction":[{"@type":"ReadAction","target":["https:\/\/artyplanevents.com\/ca\/blog\/la-psicologia-del-color-en-la-publicitat-impresa\/"]}]},{"@type":"ImageObject","inLanguage":"ca","@id":"https:\/\/artyplanevents.com\/ca\/blog\/la-psicologia-del-color-en-la-publicitat-impresa\/#primaryimage","url":"https:\/\/artyplanevents.com\/wp-content\/uploads\/2025\/09\/tamany-blog-COLORS.png","contentUrl":"https:\/\/artyplanevents.com\/wp-content\/uploads\/2025\/09\/tamany-blog-COLORS.png","width":1920,"height":600,"caption":"psicologia color impresi\u00f3n"},{"@type":"BreadcrumbList","@id":"https:\/\/artyplanevents.com\/ca\/blog\/la-psicologia-del-color-en-la-publicitat-impresa\/#breadcrumb","itemListElement":[{"@type":"ListItem","position":1,"name":"Artyplan","item":"https:\/\/artyplanevents.com\/ca\/"},{"@type":"ListItem","position":2,"name":"La psicologia del color en la publicitat impresa"}]},{"@type":"WebSite","@id":"https:\/\/artyplanevents.com\/ca\/#website","url":"https:\/\/artyplanevents.com\/ca\/","name":"Artyplan","description":"","publisher":{"@id":"https:\/\/artyplanevents.com\/ca\/#organization"},"potentialAction":[{"@type":"SearchAction","target":{"@type":"EntryPoint","urlTemplate":"https:\/\/artyplanevents.com\/ca\/?s={search_term_string}"},"query-input":{"@type":"PropertyValueSpecification","valueRequired":true,"valueName":"search_term_string"}}],"inLanguage":"ca"},{"@type":"Organization","@id":"https:\/\/artyplanevents.com\/ca\/#organization","name":"Artyplan","url":"https:\/\/artyplanevents.com\/ca\/","logo":{"@type":"ImageObject","inLanguage":"ca","@id":"https:\/\/artyplanevents.com\/ca\/#\/schema\/logo\/image\/","url":"https:\/\/preweb.artyplan.com\/wp-content\/uploads\/2025\/11\/Logo-artyplan-690x690-1.png","contentUrl":"https:\/\/preweb.artyplan.com\/wp-content\/uploads\/2025\/11\/Logo-artyplan-690x690-1.png","width":690,"height":690,"caption":"Artyplan"},"image":{"@id":"https:\/\/artyplanevents.com\/ca\/#\/schema\/logo\/image\/"},"sameAs":["https:\/\/www.facebook.com\/artyplan","https:\/\/x.com\/artyplan"]},{"@type":"Person","@id":"https:\/\/artyplanevents.com\/ca\/#\/schema\/person\/7e099d8fb4e2e75f604bce6a0026fc08","name":"jcartagena","image":{"@type":"ImageObject","inLanguage":"ca","@id":"https:\/\/secure.gravatar.com\/avatar\/74b6898d9dd18bcd06e733678b696165da09bb7631730fd9477d49273abe408c?s=96&d=mm&r=g","url":"https:\/\/secure.gravatar.com\/avatar\/74b6898d9dd18bcd06e733678b696165da09bb7631730fd9477d49273abe408c?s=96&d=mm&r=g","contentUrl":"https:\/\/secure.gravatar.com\/avatar\/74b6898d9dd18bcd06e733678b696165da09bb7631730fd9477d49273abe408c?s=96&d=mm&r=g","caption":"jcartagena"},"sameAs":["https:\/\/preweb.artyplan.com"],"url":"https:\/\/artyplanevents.com\/ca\/author\/jcartagena\/"}]}},"_links":{"self":[{"href":"https:\/\/artyplanevents.com\/ca\/wp-json\/wp\/v2\/posts\/5796","targetHints":{"allow":["GET"]}}],"collection":[{"href":"https:\/\/artyplanevents.com\/ca\/wp-json\/wp\/v2\/posts"}],"about":[{"href":"https:\/\/artyplanevents.com\/ca\/wp-json\/wp\/v2\/types\/post"}],"author":[{"embeddable":true,"href":"https:\/\/artyplanevents.com\/ca\/wp-json\/wp\/v2\/users\/1"}],"replies":[{"embeddable":true,"href":"https:\/\/artyplanevents.com\/ca\/wp-json\/wp\/v2\/comments?post=5796"}],"version-history":[{"count":1,"href":"https:\/\/artyplanevents.com\/ca\/wp-json\/wp\/v2\/posts\/5796\/revisions"}],"predecessor-version":[{"id":6686,"href":"https:\/\/artyplanevents.com\/ca\/wp-json\/wp\/v2\/posts\/5796\/revisions\/6686"}],"wp:featuredmedia":[{"embeddable":true,"href":"https:\/\/artyplanevents.com\/ca\/wp-json\/wp\/v2\/media\/5795"}],"wp:attachment":[{"href":"https:\/\/artyplanevents.com\/ca\/wp-json\/wp\/v2\/media?parent=5796"}],"wp:term":[{"taxonomy":"category","embeddable":true,"href":"https:\/\/artyplanevents.com\/ca\/wp-json\/wp\/v2\/categories?post=5796"},{"taxonomy":"post_tag","embeddable":true,"href":"https:\/\/artyplanevents.com\/ca\/wp-json\/wp\/v2\/tags?post=5796"}],"curies":[{"name":"wp","href":"https:\/\/api.w.org\/{rel}","templated":true}]}}