{"id":5906,"date":"2024-06-20T00:00:00","date_gmt":"2024-06-19T22:00:00","guid":{"rendered":"https:\/\/preweb.artyplan.com\/sin-categorizar\/certificacio-iso-14001-compromis-amb-el-medi-ambient-en-el-nostre-centre-de-produccio\/"},"modified":"2025-09-07T16:20:28","modified_gmt":"2025-09-07T14:20:28","slug":"certificacio-iso-14001-compromis-amb-el-medi-ambient-en-el-nostre-centre-de-produccio","status":"publish","type":"post","link":"https:\/\/artyplanevents.com\/ca\/blog\/certificacio-iso-14001-compromis-amb-el-medi-ambient-en-el-nostre-centre-de-produccio\/","title":{"rendered":"Certificaci\u00f3 ISO 14001: Comprom\u00eds amb el medi ambient en el nostre centre de producci\u00f3"},"content":{"rendered":"<p>En la nostra constant cerca per l&#8217;excel\u00b7l\u00e8ncia i el comprom\u00eds amb el medi ambient, ens complau anunciar que el nostre centre de producci\u00f3 ha obtingut recentment la Certificaci\u00f3 ISO 14001.<\/p>\n<p>Aquesta norma internacional estableix els requisits per a un sistema de gesti\u00f3 ambiental efectiu, ajudant-nos a gestionar de manera m\u00e9s eficient els nostres impactes ambientals i a promoure pr\u00e0ctiques sostenibles en totes les nostres operacions.<\/p>\n<h2>Import\u00e0ncia de la Certificaci\u00f3 ISO 14001<\/h2>\n<p>La certificaci\u00f3 ISO 14001 no sols representa un assoliment significatiu per a la nostra empresa, sin\u00f3 que tamb\u00e9 reflecteix el nostre comprom\u00eds amb la sostenibilitat i la responsabilitat ambiental. A trav\u00e9s d&#8217;aquest sistema de gesti\u00f3, podem identificar aspectes ambientals clau, establir objectius i metes ambientals, i mesurar cont\u00ednuament el nostre acompliment ambiental per a millorar de manera constant.<\/p>\n<h2>Impacte positiu en els nostres clients<img fetchpriority=\"high\" decoding=\"async\" class=\"size-medium wp-image-12574 alignright\" src=\"https:\/\/preweb.artyplan.com\/wp-content\/uploads\/2025\/09\/urs-iso-14001-1-172x300.png\" alt=\"ISO 14001\" width=\"172\" height=\"300\" \/><\/h2>\n<p>Amb la finalitat d&#8217;avaluar l&#8217;impacte d&#8217;aquesta certificaci\u00f3 en els nostres clients, vam afegir una pregunta relativa a aquest tema en les enquestes de satisfacci\u00f3 que realitzem amb assidu\u00eftat. De les 126 enquestes realitzades, s&#8217;ha obtingut que el:<\/p>\n<p>\u2022 <strong>90%<\/strong> dels nostres clients van valorar positivament l&#8217;obtenci\u00f3 de l&#8217;ISO 14001, atorgant-li una puntuaci\u00f3 major a 7 en una escala de l&#8217;1 al 10.<\/p>\n<p>\u2022 Nom\u00e9s un <strong>10%<\/strong> va indicar una valoraci\u00f3 de 7 o menys.<\/p>\n<p>Aquests resultats destaquen la import\u00e0ncia que els nostres clients assignen a les pr\u00e0ctiques empresarials sostenibles i com la certificaci\u00f3 ISO 14001 refor\u00e7a la seva confian\u00e7a en la nostra empresa com un soci comprom\u00e8s amb el medi ambient.<\/p>\n<h2>An\u00e0lisi dels resultats per sector<\/h2>\n<p>A m\u00e9s, hem analitzat com els diferents sectors per als quals treballem valoren l&#8217;obtenci\u00f3 de la certificaci\u00f3 ISO 14001.<\/p>\n<p><em>*Del total de les valoracions hem realitzat una mitjana per a obtenir els resultats seg\u00fcents.<\/em><\/p>\n<p><img decoding=\"async\" class=\" wp-image-12593 alignleft\" src=\"https:\/\/preweb.artyplan.com\/wp-content\/uploads\/2025\/09\/iso-14001-sectors-1-298x300.jpg\" alt=\"iso 14001 sectors\" width=\"404\" height=\"407\" \/><\/p>\n<p>&nbsp;<\/p>\n<p>Aquestes dades demostren que aquesta certificaci\u00f3 \u00e9s valorada positivament en una gran varietat de sectors, subratllant la seva rellev\u00e0ncia universal en la promoci\u00f3 de pr\u00e0ctiques empresarials responsables.<\/p>\n<p>L&#8217;obtenci\u00f3 de la certificaci\u00f3 ISO 14001 en el nostre centre de producci\u00f3 marca una fita en el nostre comprom\u00eds per reduir el nostre impacte ambiental i promoure la sostenibilitat en la nostra operativa di\u00e0ria.<\/p>\n<p>Continuarem treballant per a millorar cont\u00ednuament els nostres est\u00e0ndards ambientals.<\/p>\n","protected":false},"excerpt":{"rendered":"<p>En la nostra constant cerca per l&#8217;excel\u00b7l\u00e8ncia i el comprom\u00eds amb el medi ambient, ens complau anunciar que el nostre centre de producci\u00f3 ha obtingut recentment la Certificaci\u00f3 ISO 14001. Aquesta norma internacional estableix els requisits per a un sistema de gesti\u00f3 ambiental efectiu, ajudant-nos a gestionar de manera m\u00e9s eficient els nostres impactes ambientals [&hellip;]<\/p>\n","protected":false},"author":1,"featured_media":7432,"comment_status":"closed","ping_status":"closed","sticky":false,"template":"","format":"standard","meta":{"footnotes":""},"categories":[34,33],"tags":[],"class_list":["post-5906","post","type-post","status-publish","format-standard","has-post-thumbnail","hentry","category-ecologic","category-noticies"],"yoast_head":"<!-- This site is optimized with the Yoast SEO plugin v27.4 - https:\/\/yoast.com\/product\/yoast-seo-wordpress\/ -->\n<title>Certificaci\u00f3 ISO 14001 al nostre centre de producci\u00f3 | Artyplan<\/title>\n<meta name=\"description\" content=\"Obtenim la Certificaci\u00f3 ISO 14001 en el nostre centre de producci\u00f3, reflectint comprom\u00eds amb la sostenibilitat i responsabilitat ambiental\" \/>\n<meta name=\"robots\" content=\"noindex, follow, max-snippet:-1, max-image-preview:large, max-video-preview:-1\" \/>\n<meta property=\"og:locale\" content=\"ca_ES\" \/>\n<meta property=\"og:type\" content=\"article\" \/>\n<meta property=\"og:title\" content=\"Certificaci\u00f3 ISO 14001 al nostre centre de producci\u00f3 | Artyplan\" \/>\n<meta property=\"og:description\" content=\"Obtenim la Certificaci\u00f3 ISO 14001 en el nostre centre de producci\u00f3, reflectint comprom\u00eds amb la sostenibilitat i responsabilitat ambiental\" \/>\n<meta property=\"og:url\" content=\"https:\/\/artyplanevents.com\/ca\/blog\/certificacio-iso-14001-compromis-amb-el-medi-ambient-en-el-nostre-centre-de-produccio\/\" \/>\n<meta property=\"og:site_name\" content=\"Artyplan\" \/>\n<meta property=\"article:publisher\" content=\"https:\/\/www.facebook.com\/artyplan\" \/>\n<meta property=\"article:published_time\" content=\"2024-06-19T22:00:00+00:00\" \/>\n<meta property=\"article:modified_time\" content=\"2025-09-07T14:20:28+00:00\" \/>\n<meta property=\"og:image\" content=\"https:\/\/artyplanevents.com\/wp-content\/uploads\/2025\/09\/ISO-14001-1.jpg\" \/>\n\t<meta property=\"og:image:width\" content=\"1920\" \/>\n\t<meta property=\"og:image:height\" content=\"600\" \/>\n\t<meta property=\"og:image:type\" content=\"image\/jpeg\" \/>\n<meta name=\"author\" content=\"jcartagena\" \/>\n<meta name=\"twitter:card\" content=\"summary_large_image\" \/>\n<meta name=\"twitter:creator\" content=\"@artyplan\" \/>\n<meta name=\"twitter:site\" content=\"@artyplan\" \/>\n<meta name=\"twitter:label1\" content=\"Escrit per\" \/>\n\t<meta name=\"twitter:data1\" content=\"jcartagena\" \/>\n\t<meta name=\"twitter:label2\" content=\"Temps estimat de lectura\" \/>\n\t<meta name=\"twitter:data2\" content=\"2 minuts\" \/>\n<script type=\"application\/ld+json\" class=\"yoast-schema-graph\">{\"@context\":\"https:\\\/\\\/schema.org\",\"@graph\":[{\"@type\":\"Article\",\"@id\":\"https:\\\/\\\/artyplanevents.com\\\/ca\\\/blog\\\/certificacio-iso-14001-compromis-amb-el-medi-ambient-en-el-nostre-centre-de-produccio\\\/#article\",\"isPartOf\":{\"@id\":\"https:\\\/\\\/artyplanevents.com\\\/ca\\\/blog\\\/certificacio-iso-14001-compromis-amb-el-medi-ambient-en-el-nostre-centre-de-produccio\\\/\"},\"author\":{\"name\":\"jcartagena\",\"@id\":\"https:\\\/\\\/artyplanevents.com\\\/ca\\\/#\\\/schema\\\/person\\\/7e099d8fb4e2e75f604bce6a0026fc08\"},\"headline\":\"Certificaci\u00f3 ISO 14001: Comprom\u00eds amb el medi ambient en el nostre centre de producci\u00f3\",\"datePublished\":\"2024-06-19T22:00:00+00:00\",\"dateModified\":\"2025-09-07T14:20:28+00:00\",\"mainEntityOfPage\":{\"@id\":\"https:\\\/\\\/artyplanevents.com\\\/ca\\\/blog\\\/certificacio-iso-14001-compromis-amb-el-medi-ambient-en-el-nostre-centre-de-produccio\\\/\"},\"wordCount\":391,\"publisher\":{\"@id\":\"https:\\\/\\\/artyplanevents.com\\\/ca\\\/#organization\"},\"image\":{\"@id\":\"https:\\\/\\\/artyplanevents.com\\\/ca\\\/blog\\\/certificacio-iso-14001-compromis-amb-el-medi-ambient-en-el-nostre-centre-de-produccio\\\/#primaryimage\"},\"thumbnailUrl\":\"https:\\\/\\\/artyplanevents.com\\\/wp-content\\\/uploads\\\/2025\\\/09\\\/ISO-14001-1.jpg\",\"articleSection\":[\"Ecol\u00f2gic\",\"Noticies\"],\"inLanguage\":\"ca\"},{\"@type\":\"WebPage\",\"@id\":\"https:\\\/\\\/artyplanevents.com\\\/ca\\\/blog\\\/certificacio-iso-14001-compromis-amb-el-medi-ambient-en-el-nostre-centre-de-produccio\\\/\",\"url\":\"https:\\\/\\\/artyplanevents.com\\\/ca\\\/blog\\\/certificacio-iso-14001-compromis-amb-el-medi-ambient-en-el-nostre-centre-de-produccio\\\/\",\"name\":\"Certificaci\u00f3 ISO 14001 al nostre centre de producci\u00f3 | Artyplan\",\"isPartOf\":{\"@id\":\"https:\\\/\\\/artyplanevents.com\\\/ca\\\/#website\"},\"primaryImageOfPage\":{\"@id\":\"https:\\\/\\\/artyplanevents.com\\\/ca\\\/blog\\\/certificacio-iso-14001-compromis-amb-el-medi-ambient-en-el-nostre-centre-de-produccio\\\/#primaryimage\"},\"image\":{\"@id\":\"https:\\\/\\\/artyplanevents.com\\\/ca\\\/blog\\\/certificacio-iso-14001-compromis-amb-el-medi-ambient-en-el-nostre-centre-de-produccio\\\/#primaryimage\"},\"thumbnailUrl\":\"https:\\\/\\\/artyplanevents.com\\\/wp-content\\\/uploads\\\/2025\\\/09\\\/ISO-14001-1.jpg\",\"datePublished\":\"2024-06-19T22:00:00+00:00\",\"dateModified\":\"2025-09-07T14:20:28+00:00\",\"description\":\"Obtenim la Certificaci\u00f3 ISO 14001 en el nostre centre de producci\u00f3, reflectint comprom\u00eds amb la sostenibilitat i responsabilitat ambiental\",\"breadcrumb\":{\"@id\":\"https:\\\/\\\/artyplanevents.com\\\/ca\\\/blog\\\/certificacio-iso-14001-compromis-amb-el-medi-ambient-en-el-nostre-centre-de-produccio\\\/#breadcrumb\"},\"inLanguage\":\"ca\",\"potentialAction\":[{\"@type\":\"ReadAction\",\"target\":[\"https:\\\/\\\/artyplanevents.com\\\/ca\\\/blog\\\/certificacio-iso-14001-compromis-amb-el-medi-ambient-en-el-nostre-centre-de-produccio\\\/\"]}]},{\"@type\":\"ImageObject\",\"inLanguage\":\"ca\",\"@id\":\"https:\\\/\\\/artyplanevents.com\\\/ca\\\/blog\\\/certificacio-iso-14001-compromis-amb-el-medi-ambient-en-el-nostre-centre-de-produccio\\\/#primaryimage\",\"url\":\"https:\\\/\\\/artyplanevents.com\\\/wp-content\\\/uploads\\\/2025\\\/09\\\/ISO-14001-1.jpg\",\"contentUrl\":\"https:\\\/\\\/artyplanevents.com\\\/wp-content\\\/uploads\\\/2025\\\/09\\\/ISO-14001-1.jpg\",\"width\":1920,\"height\":600,\"caption\":\"ISO 14001|ISO 14001|iso 14001 sectores||iso 14001 sectors|\"},{\"@type\":\"BreadcrumbList\",\"@id\":\"https:\\\/\\\/artyplanevents.com\\\/ca\\\/blog\\\/certificacio-iso-14001-compromis-amb-el-medi-ambient-en-el-nostre-centre-de-produccio\\\/#breadcrumb\",\"itemListElement\":[{\"@type\":\"ListItem\",\"position\":1,\"name\":\"Artyplan\",\"item\":\"https:\\\/\\\/artyplanevents.com\\\/ca\\\/\"},{\"@type\":\"ListItem\",\"position\":2,\"name\":\"Certificaci\u00f3 ISO 14001: Comprom\u00eds amb el medi ambient en el nostre centre de producci\u00f3\"}]},{\"@type\":\"WebSite\",\"@id\":\"https:\\\/\\\/artyplanevents.com\\\/ca\\\/#website\",\"url\":\"https:\\\/\\\/artyplanevents.com\\\/ca\\\/\",\"name\":\"Artyplan\",\"description\":\"\",\"publisher\":{\"@id\":\"https:\\\/\\\/artyplanevents.com\\\/ca\\\/#organization\"},\"potentialAction\":[{\"@type\":\"SearchAction\",\"target\":{\"@type\":\"EntryPoint\",\"urlTemplate\":\"https:\\\/\\\/artyplanevents.com\\\/ca\\\/?s={search_term_string}\"},\"query-input\":{\"@type\":\"PropertyValueSpecification\",\"valueRequired\":true,\"valueName\":\"search_term_string\"}}],\"inLanguage\":\"ca\"},{\"@type\":\"Organization\",\"@id\":\"https:\\\/\\\/artyplanevents.com\\\/ca\\\/#organization\",\"name\":\"Artyplan\",\"url\":\"https:\\\/\\\/artyplanevents.com\\\/ca\\\/\",\"logo\":{\"@type\":\"ImageObject\",\"inLanguage\":\"ca\",\"@id\":\"https:\\\/\\\/artyplanevents.com\\\/ca\\\/#\\\/schema\\\/logo\\\/image\\\/\",\"url\":\"https:\\\/\\\/preweb.artyplan.com\\\/wp-content\\\/uploads\\\/2025\\\/11\\\/Logo-artyplan-690x690-1.png\",\"contentUrl\":\"https:\\\/\\\/preweb.artyplan.com\\\/wp-content\\\/uploads\\\/2025\\\/11\\\/Logo-artyplan-690x690-1.png\",\"width\":690,\"height\":690,\"caption\":\"Artyplan\"},\"image\":{\"@id\":\"https:\\\/\\\/artyplanevents.com\\\/ca\\\/#\\\/schema\\\/logo\\\/image\\\/\"},\"sameAs\":[\"https:\\\/\\\/www.facebook.com\\\/artyplan\",\"https:\\\/\\\/x.com\\\/artyplan\"]},{\"@type\":\"Person\",\"@id\":\"https:\\\/\\\/artyplanevents.com\\\/ca\\\/#\\\/schema\\\/person\\\/7e099d8fb4e2e75f604bce6a0026fc08\",\"name\":\"jcartagena\",\"image\":{\"@type\":\"ImageObject\",\"inLanguage\":\"ca\",\"@id\":\"https:\\\/\\\/secure.gravatar.com\\\/avatar\\\/74b6898d9dd18bcd06e733678b696165da09bb7631730fd9477d49273abe408c?s=96&d=mm&r=g\",\"url\":\"https:\\\/\\\/secure.gravatar.com\\\/avatar\\\/74b6898d9dd18bcd06e733678b696165da09bb7631730fd9477d49273abe408c?s=96&d=mm&r=g\",\"contentUrl\":\"https:\\\/\\\/secure.gravatar.com\\\/avatar\\\/74b6898d9dd18bcd06e733678b696165da09bb7631730fd9477d49273abe408c?s=96&d=mm&r=g\",\"caption\":\"jcartagena\"},\"sameAs\":[\"https:\\\/\\\/preweb.artyplan.com\"],\"url\":\"https:\\\/\\\/artyplanevents.com\\\/ca\\\/author\\\/jcartagena\\\/\"}]}<\/script>\n<!-- \/ Yoast SEO plugin. -->","yoast_head_json":{"title":"Certificaci\u00f3 ISO 14001 al nostre centre de producci\u00f3 | Artyplan","description":"Obtenim la Certificaci\u00f3 ISO 14001 en el nostre centre de producci\u00f3, reflectint comprom\u00eds amb la sostenibilitat i responsabilitat ambiental","robots":{"index":"noindex","follow":"follow","max-snippet":"max-snippet:-1","max-image-preview":"max-image-preview:large","max-video-preview":"max-video-preview:-1"},"og_locale":"ca_ES","og_type":"article","og_title":"Certificaci\u00f3 ISO 14001 al nostre centre de producci\u00f3 | Artyplan","og_description":"Obtenim la Certificaci\u00f3 ISO 14001 en el nostre centre de producci\u00f3, reflectint comprom\u00eds amb la sostenibilitat i responsabilitat ambiental","og_url":"https:\/\/artyplanevents.com\/ca\/blog\/certificacio-iso-14001-compromis-amb-el-medi-ambient-en-el-nostre-centre-de-produccio\/","og_site_name":"Artyplan","article_publisher":"https:\/\/www.facebook.com\/artyplan","article_published_time":"2024-06-19T22:00:00+00:00","article_modified_time":"2025-09-07T14:20:28+00:00","og_image":[{"width":1920,"height":600,"url":"https:\/\/artyplanevents.com\/wp-content\/uploads\/2025\/09\/ISO-14001-1.jpg","type":"image\/jpeg"}],"author":"jcartagena","twitter_card":"summary_large_image","twitter_creator":"@artyplan","twitter_site":"@artyplan","twitter_misc":{"Escrit per":"jcartagena","Temps estimat de lectura":"2 minuts"},"schema":{"@context":"https:\/\/schema.org","@graph":[{"@type":"Article","@id":"https:\/\/artyplanevents.com\/ca\/blog\/certificacio-iso-14001-compromis-amb-el-medi-ambient-en-el-nostre-centre-de-produccio\/#article","isPartOf":{"@id":"https:\/\/artyplanevents.com\/ca\/blog\/certificacio-iso-14001-compromis-amb-el-medi-ambient-en-el-nostre-centre-de-produccio\/"},"author":{"name":"jcartagena","@id":"https:\/\/artyplanevents.com\/ca\/#\/schema\/person\/7e099d8fb4e2e75f604bce6a0026fc08"},"headline":"Certificaci\u00f3 ISO 14001: Comprom\u00eds amb el medi ambient en el nostre centre de producci\u00f3","datePublished":"2024-06-19T22:00:00+00:00","dateModified":"2025-09-07T14:20:28+00:00","mainEntityOfPage":{"@id":"https:\/\/artyplanevents.com\/ca\/blog\/certificacio-iso-14001-compromis-amb-el-medi-ambient-en-el-nostre-centre-de-produccio\/"},"wordCount":391,"publisher":{"@id":"https:\/\/artyplanevents.com\/ca\/#organization"},"image":{"@id":"https:\/\/artyplanevents.com\/ca\/blog\/certificacio-iso-14001-compromis-amb-el-medi-ambient-en-el-nostre-centre-de-produccio\/#primaryimage"},"thumbnailUrl":"https:\/\/artyplanevents.com\/wp-content\/uploads\/2025\/09\/ISO-14001-1.jpg","articleSection":["Ecol\u00f2gic","Noticies"],"inLanguage":"ca"},{"@type":"WebPage","@id":"https:\/\/artyplanevents.com\/ca\/blog\/certificacio-iso-14001-compromis-amb-el-medi-ambient-en-el-nostre-centre-de-produccio\/","url":"https:\/\/artyplanevents.com\/ca\/blog\/certificacio-iso-14001-compromis-amb-el-medi-ambient-en-el-nostre-centre-de-produccio\/","name":"Certificaci\u00f3 ISO 14001 al nostre centre de producci\u00f3 | Artyplan","isPartOf":{"@id":"https:\/\/artyplanevents.com\/ca\/#website"},"primaryImageOfPage":{"@id":"https:\/\/artyplanevents.com\/ca\/blog\/certificacio-iso-14001-compromis-amb-el-medi-ambient-en-el-nostre-centre-de-produccio\/#primaryimage"},"image":{"@id":"https:\/\/artyplanevents.com\/ca\/blog\/certificacio-iso-14001-compromis-amb-el-medi-ambient-en-el-nostre-centre-de-produccio\/#primaryimage"},"thumbnailUrl":"https:\/\/artyplanevents.com\/wp-content\/uploads\/2025\/09\/ISO-14001-1.jpg","datePublished":"2024-06-19T22:00:00+00:00","dateModified":"2025-09-07T14:20:28+00:00","description":"Obtenim la Certificaci\u00f3 ISO 14001 en el nostre centre de producci\u00f3, reflectint comprom\u00eds amb la sostenibilitat i responsabilitat ambiental","breadcrumb":{"@id":"https:\/\/artyplanevents.com\/ca\/blog\/certificacio-iso-14001-compromis-amb-el-medi-ambient-en-el-nostre-centre-de-produccio\/#breadcrumb"},"inLanguage":"ca","potentialAction":[{"@type":"ReadAction","target":["https:\/\/artyplanevents.com\/ca\/blog\/certificacio-iso-14001-compromis-amb-el-medi-ambient-en-el-nostre-centre-de-produccio\/"]}]},{"@type":"ImageObject","inLanguage":"ca","@id":"https:\/\/artyplanevents.com\/ca\/blog\/certificacio-iso-14001-compromis-amb-el-medi-ambient-en-el-nostre-centre-de-produccio\/#primaryimage","url":"https:\/\/artyplanevents.com\/wp-content\/uploads\/2025\/09\/ISO-14001-1.jpg","contentUrl":"https:\/\/artyplanevents.com\/wp-content\/uploads\/2025\/09\/ISO-14001-1.jpg","width":1920,"height":600,"caption":"ISO 14001|ISO 14001|iso 14001 sectores||iso 14001 sectors|"},{"@type":"BreadcrumbList","@id":"https:\/\/artyplanevents.com\/ca\/blog\/certificacio-iso-14001-compromis-amb-el-medi-ambient-en-el-nostre-centre-de-produccio\/#breadcrumb","itemListElement":[{"@type":"ListItem","position":1,"name":"Artyplan","item":"https:\/\/artyplanevents.com\/ca\/"},{"@type":"ListItem","position":2,"name":"Certificaci\u00f3 ISO 14001: Comprom\u00eds amb el medi ambient en el nostre centre de producci\u00f3"}]},{"@type":"WebSite","@id":"https:\/\/artyplanevents.com\/ca\/#website","url":"https:\/\/artyplanevents.com\/ca\/","name":"Artyplan","description":"","publisher":{"@id":"https:\/\/artyplanevents.com\/ca\/#organization"},"potentialAction":[{"@type":"SearchAction","target":{"@type":"EntryPoint","urlTemplate":"https:\/\/artyplanevents.com\/ca\/?s={search_term_string}"},"query-input":{"@type":"PropertyValueSpecification","valueRequired":true,"valueName":"search_term_string"}}],"inLanguage":"ca"},{"@type":"Organization","@id":"https:\/\/artyplanevents.com\/ca\/#organization","name":"Artyplan","url":"https:\/\/artyplanevents.com\/ca\/","logo":{"@type":"ImageObject","inLanguage":"ca","@id":"https:\/\/artyplanevents.com\/ca\/#\/schema\/logo\/image\/","url":"https:\/\/preweb.artyplan.com\/wp-content\/uploads\/2025\/11\/Logo-artyplan-690x690-1.png","contentUrl":"https:\/\/preweb.artyplan.com\/wp-content\/uploads\/2025\/11\/Logo-artyplan-690x690-1.png","width":690,"height":690,"caption":"Artyplan"},"image":{"@id":"https:\/\/artyplanevents.com\/ca\/#\/schema\/logo\/image\/"},"sameAs":["https:\/\/www.facebook.com\/artyplan","https:\/\/x.com\/artyplan"]},{"@type":"Person","@id":"https:\/\/artyplanevents.com\/ca\/#\/schema\/person\/7e099d8fb4e2e75f604bce6a0026fc08","name":"jcartagena","image":{"@type":"ImageObject","inLanguage":"ca","@id":"https:\/\/secure.gravatar.com\/avatar\/74b6898d9dd18bcd06e733678b696165da09bb7631730fd9477d49273abe408c?s=96&d=mm&r=g","url":"https:\/\/secure.gravatar.com\/avatar\/74b6898d9dd18bcd06e733678b696165da09bb7631730fd9477d49273abe408c?s=96&d=mm&r=g","contentUrl":"https:\/\/secure.gravatar.com\/avatar\/74b6898d9dd18bcd06e733678b696165da09bb7631730fd9477d49273abe408c?s=96&d=mm&r=g","caption":"jcartagena"},"sameAs":["https:\/\/preweb.artyplan.com"],"url":"https:\/\/artyplanevents.com\/ca\/author\/jcartagena\/"}]}},"_links":{"self":[{"href":"https:\/\/artyplanevents.com\/ca\/wp-json\/wp\/v2\/posts\/5906","targetHints":{"allow":["GET"]}}],"collection":[{"href":"https:\/\/artyplanevents.com\/ca\/wp-json\/wp\/v2\/posts"}],"about":[{"href":"https:\/\/artyplanevents.com\/ca\/wp-json\/wp\/v2\/types\/post"}],"author":[{"embeddable":true,"href":"https:\/\/artyplanevents.com\/ca\/wp-json\/wp\/v2\/users\/1"}],"replies":[{"embeddable":true,"href":"https:\/\/artyplanevents.com\/ca\/wp-json\/wp\/v2\/comments?post=5906"}],"version-history":[{"count":7,"href":"https:\/\/artyplanevents.com\/ca\/wp-json\/wp\/v2\/posts\/5906\/revisions"}],"predecessor-version":[{"id":7969,"href":"https:\/\/artyplanevents.com\/ca\/wp-json\/wp\/v2\/posts\/5906\/revisions\/7969"}],"wp:featuredmedia":[{"embeddable":true,"href":"https:\/\/artyplanevents.com\/ca\/wp-json\/wp\/v2\/media\/7432"}],"wp:attachment":[{"href":"https:\/\/artyplanevents.com\/ca\/wp-json\/wp\/v2\/media?parent=5906"}],"wp:term":[{"taxonomy":"category","embeddable":true,"href":"https:\/\/artyplanevents.com\/ca\/wp-json\/wp\/v2\/categories?post=5906"},{"taxonomy":"post_tag","embeddable":true,"href":"https:\/\/artyplanevents.com\/ca\/wp-json\/wp\/v2\/tags?post=5906"}],"curies":[{"name":"wp","href":"https:\/\/api.w.org\/{rel}","templated":true}]}}