{"id":5950,"date":"2024-07-29T00:00:00","date_gmt":"2024-07-28T22:00:00","guid":{"rendered":"https:\/\/preweb.artyplan.com\/sin-categorizar\/agendes-i-calendaris-personalitzats-per-a-empreses-organitzacio-i-promocio-durant-tot-lany\/"},"modified":"2025-09-07T16:21:12","modified_gmt":"2025-09-07T14:21:12","slug":"agendes-i-calendaris-personalitzats-per-a-empreses-organitzacio-i-promocio-durant-tot-lany","status":"publish","type":"post","link":"https:\/\/artyplanevents.com\/ca\/blog\/agendes-i-calendaris-personalitzats-per-a-empreses-organitzacio-i-promocio-durant-tot-lany\/","title":{"rendered":"Agendes i calendaris personalitzats per a empreses: Organitzaci\u00f3 i promoci\u00f3 durant tot l&#8217;any"},"content":{"rendered":"<p>Encara que el ritme de vida empresarial actual es mou r\u00e0pidament, la planificaci\u00f3 anticipada de les necessitats d&#8217;impressi\u00f3 pot marcar una gran difer\u00e8ncia en l&#8217;efici\u00e8ncia i efectivitat d&#8217;una empresa. Un dels aspectes m\u00e9s cr\u00edtics que sovint se subestima \u00e9s la impressi\u00f3 d&#8217;agendes i calendaris personalitzats.<\/p>\n<p>Entenem la import\u00e0ncia de l&#8217;organitzaci\u00f3 i la planificaci\u00f3 en l&#8217;\u00e0mbit empresarial. Per aix\u00f2, oferim agendes i calendaris personalitzats d&#8217;alta qualitat que no sols faciliten la gesti\u00f3 del temps, sin\u00f3 que tamb\u00e9 reforcen la identitat corporativa de la teva empresa. Descobreix com els nostres productes poden convertir-se en una eina essencial per al teu negoci.<\/p>\n<h2>Per qu\u00e8 has de planificar amb anticipaci\u00f3<\/h2>\n<ol>\n<li><strong>Personalitzaci\u00f3 detallada<\/strong>: Amb temps suficient, pots treballar en el disseny i personalitzaci\u00f3 de les teves agendes i calendaris. Aix\u00f2 permet incloure informaci\u00f3 rellevant, com a dates importants de l&#8217;empresa, logotips, i missatges personalitzats per a empleats o clients, refor\u00e7ant aix\u00ed la teva identitat corporativa.<\/li>\n<li><strong>Gesti\u00f3 d&#8217;inventari:<\/strong> En planificar amb antelaci\u00f3, pots calcular amb precisi\u00f3 la quantitat d&#8217;agendes i calendaris necessaris, evitant tant l&#8217;exc\u00e9s com la falta d&#8217;inventari. Aix\u00f2 assegura que tots en l&#8217;empresa o els teus clients rebin els seus materials a temps.<\/li>\n<\/ol>\n<h2>Com comen\u00e7ar a planificar<\/h2>\n<ol>\n<li><strong>An\u00e0lisi de necessitats<\/strong>: Identifica quantes agendes i calendaris necessitar\u00e0s. Considera tant als teus empleats com als teus clients. Planeges usar-los com a regals corporatius? Els necessites per a gestionar el temps i projectes internament? Una an\u00e0lisi detallada t&#8217;ajudar\u00e0 a determinar la quantitat i el tipus de producte que necessites.<\/li>\n<li><strong>Tria el disseny<\/strong>: Decideix el disseny que millor representi a la teva empresa. Pots optar per un disseny cl\u00e0ssic i professional o un m\u00e9s creatiu i modern. Considera la possibilitat de treballar amb un dissenyador gr\u00e0fic per a crear una cosa \u00fanica i atractiu.<\/li>\n<li>Selecciona un prove\u00efdor de confian\u00e7a: Investiga i tria una empresa d&#8217;impressi\u00f3 que ofereixi qualitat i bon servei. Verifica els seus temps de lliurament, opcions de personalitzaci\u00f3 i, per descomptat, el cost. No dubtis a sol\u00b7licitar mostres per a assegurar-te que la qualitat del producte final compleixi amb les teves expectatives.<\/li>\n<li><strong>Pla de producci\u00f3 i lliurament<\/strong>: Estableix un cronograma clar amb el teu prove\u00efdor d&#8217;impressi\u00f3. Defineix dates de revisi\u00f3 de dissenys, producci\u00f3 i lliurament per a assegurar-te que tot estigui llest quan ho necessitis.<\/li>\n<\/ol>\n<h3>Beneficis de les agendes i calendaris personalitzats<\/h3>\n<ol>\n<li><strong>Fomenta l&#8217;organitzaci\u00f3 i productivitat<\/strong>: Tenir una agenda personalitzada ajuda als teus empleats a mantenir-se organitzats i augmentar la seva productivitat. Els calendaris, per part seva, s\u00f3n una eina visual excel\u00b7lent per a la planificaci\u00f3 de projectes i el seguiment de dates importants.<\/li>\n<li><strong>Millora la identitat corporativa<\/strong>: Les agendes i calendaris personalitzats amb la teva marca no sols s\u00f3n eines pr\u00e0ctiques, sin\u00f3 que tamb\u00e9 reforcen la identitat de la teva empresa. Cada vegada que alg\u00fa usi aquests productes, estaran veient i recordant la teva marca.<\/li>\n<li><strong>Regals corporatius valuosos<\/strong>: Oferir agendes i calendaris personalitzats com a regals corporatius a clients i socis comercials \u00e9s una excel\u00b7lent estrat\u00e8gia de m\u00e0rqueting. Aquests regals \u00fatils i ben dissenyats poden deixar una impressi\u00f3 duradora i positiva de la teva empresa.<\/li>\n<\/ol>\n<p>La planificaci\u00f3 anticipada de la<a href=\"http:\/\/artyplan.com\/ca\/contacte\/\" target=\"_blank\" rel=\"noopener\"> impressi\u00f3 d&#8217;agendes i calendaris<\/a> pot oferir m\u00faltiples beneficis a la teva empresa, des de l&#8217;optimitzaci\u00f3 de costos fins a la millora de la identitat corporativa. No esperis que arribi la temporada alta per a pensar en aquests elements essencials. Comen\u00e7a a planificar ara i assegura&#8217;t que la teva empresa estigui organitzada i preparada per a l&#8217;any que ve.<\/p>\n<p>Recorda que un enfocament proactiu i estrat\u00e8gic en la planificaci\u00f3 pot marcar la difer\u00e8ncia entre una empresa que simplement sobreviu i una que prospera. Comen\u00e7a avui i porta a la teva empresa al seg\u00fcent nivell!<\/p>\n","protected":false},"excerpt":{"rendered":"<p>Encara que el ritme de vida empresarial actual es mou r\u00e0pidament, la planificaci\u00f3 anticipada de les necessitats d&#8217;impressi\u00f3 pot marcar una gran difer\u00e8ncia en l&#8217;efici\u00e8ncia i efectivitat d&#8217;una empresa. Un dels aspectes m\u00e9s cr\u00edtics que sovint se subestima \u00e9s la impressi\u00f3 d&#8217;agendes i calendaris personalitzats. Entenem la import\u00e0ncia de l&#8217;organitzaci\u00f3 i la planificaci\u00f3 en l&#8217;\u00e0mbit [&hellip;]<\/p>\n","protected":false},"author":1,"featured_media":5951,"comment_status":"closed","ping_status":"closed","sticky":false,"template":"","format":"standard","meta":{"footnotes":""},"categories":[33],"tags":[],"class_list":["post-5950","post","type-post","status-publish","format-standard","has-post-thumbnail","hentry","category-noticies"],"yoast_head":"<!-- This site is optimized with the Yoast SEO plugin v27.4 - https:\/\/yoast.com\/product\/yoast-seo-wordpress\/ -->\n<title>Agendes i calendaris personalitzats: Organitzaci\u00f3 i promoci\u00f3 tot l&#039;any<\/title>\n<meta name=\"description\" content=\"Optimitza l&#039;efici\u00e8ncia empresarial amb agendes i calendaris personalitzats. Planifica per a una bona organitzaci\u00f3 i gesti\u00f3 d&#039;inventaris.\" \/>\n<meta name=\"robots\" content=\"noindex, follow, max-snippet:-1, max-image-preview:large, max-video-preview:-1\" \/>\n<meta property=\"og:locale\" content=\"ca_ES\" \/>\n<meta property=\"og:type\" content=\"article\" \/>\n<meta property=\"og:title\" content=\"Agendes i calendaris personalitzats: Organitzaci\u00f3 i promoci\u00f3 tot l&#039;any\" \/>\n<meta property=\"og:description\" content=\"Optimitza l&#039;efici\u00e8ncia empresarial amb agendes i calendaris personalitzats. Planifica per a una bona organitzaci\u00f3 i gesti\u00f3 d&#039;inventaris.\" \/>\n<meta property=\"og:url\" content=\"https:\/\/artyplanevents.com\/ca\/blog\/agendes-i-calendaris-personalitzats-per-a-empreses-organitzacio-i-promocio-durant-tot-lany\/\" \/>\n<meta property=\"og:site_name\" content=\"Artyplan\" \/>\n<meta property=\"article:publisher\" content=\"https:\/\/www.facebook.com\/artyplan\" \/>\n<meta property=\"article:published_time\" content=\"2024-07-28T22:00:00+00:00\" \/>\n<meta property=\"article:modified_time\" content=\"2025-09-07T14:21:12+00:00\" \/>\n<meta property=\"og:image\" content=\"https:\/\/artyplanevents.com\/wp-content\/uploads\/2025\/09\/blog-agendas-y-calendarios.jpg\" \/>\n\t<meta property=\"og:image:width\" content=\"1920\" \/>\n\t<meta property=\"og:image:height\" content=\"600\" \/>\n\t<meta property=\"og:image:type\" content=\"image\/jpeg\" \/>\n<meta name=\"author\" content=\"jcartagena\" \/>\n<meta name=\"twitter:card\" content=\"summary_large_image\" \/>\n<meta name=\"twitter:creator\" content=\"@artyplan\" \/>\n<meta name=\"twitter:site\" content=\"@artyplan\" \/>\n<meta name=\"twitter:label1\" content=\"Escrit per\" \/>\n\t<meta name=\"twitter:data1\" content=\"jcartagena\" \/>\n\t<meta name=\"twitter:label2\" content=\"Temps estimat de lectura\" \/>\n\t<meta name=\"twitter:data2\" content=\"3 minuts\" \/>\n<script type=\"application\/ld+json\" class=\"yoast-schema-graph\">{\"@context\":\"https:\\\/\\\/schema.org\",\"@graph\":[{\"@type\":\"Article\",\"@id\":\"https:\\\/\\\/artyplanevents.com\\\/ca\\\/blog\\\/agendes-i-calendaris-personalitzats-per-a-empreses-organitzacio-i-promocio-durant-tot-lany\\\/#article\",\"isPartOf\":{\"@id\":\"https:\\\/\\\/artyplanevents.com\\\/ca\\\/blog\\\/agendes-i-calendaris-personalitzats-per-a-empreses-organitzacio-i-promocio-durant-tot-lany\\\/\"},\"author\":{\"name\":\"jcartagena\",\"@id\":\"https:\\\/\\\/artyplanevents.com\\\/ca\\\/#\\\/schema\\\/person\\\/7e099d8fb4e2e75f604bce6a0026fc08\"},\"headline\":\"Agendes i calendaris personalitzats per a empreses: Organitzaci\u00f3 i promoci\u00f3 durant tot l&#8217;any\",\"datePublished\":\"2024-07-28T22:00:00+00:00\",\"dateModified\":\"2025-09-07T14:21:12+00:00\",\"mainEntityOfPage\":{\"@id\":\"https:\\\/\\\/artyplanevents.com\\\/ca\\\/blog\\\/agendes-i-calendaris-personalitzats-per-a-empreses-organitzacio-i-promocio-durant-tot-lany\\\/\"},\"wordCount\":665,\"publisher\":{\"@id\":\"https:\\\/\\\/artyplanevents.com\\\/ca\\\/#organization\"},\"image\":{\"@id\":\"https:\\\/\\\/artyplanevents.com\\\/ca\\\/blog\\\/agendes-i-calendaris-personalitzats-per-a-empreses-organitzacio-i-promocio-durant-tot-lany\\\/#primaryimage\"},\"thumbnailUrl\":\"https:\\\/\\\/artyplanevents.com\\\/wp-content\\\/uploads\\\/2025\\\/09\\\/blog-agendas-y-calendarios.jpg\",\"articleSection\":[\"Noticies\"],\"inLanguage\":\"ca\"},{\"@type\":\"WebPage\",\"@id\":\"https:\\\/\\\/artyplanevents.com\\\/ca\\\/blog\\\/agendes-i-calendaris-personalitzats-per-a-empreses-organitzacio-i-promocio-durant-tot-lany\\\/\",\"url\":\"https:\\\/\\\/artyplanevents.com\\\/ca\\\/blog\\\/agendes-i-calendaris-personalitzats-per-a-empreses-organitzacio-i-promocio-durant-tot-lany\\\/\",\"name\":\"Agendes i calendaris personalitzats: Organitzaci\u00f3 i promoci\u00f3 tot l'any\",\"isPartOf\":{\"@id\":\"https:\\\/\\\/artyplanevents.com\\\/ca\\\/#website\"},\"primaryImageOfPage\":{\"@id\":\"https:\\\/\\\/artyplanevents.com\\\/ca\\\/blog\\\/agendes-i-calendaris-personalitzats-per-a-empreses-organitzacio-i-promocio-durant-tot-lany\\\/#primaryimage\"},\"image\":{\"@id\":\"https:\\\/\\\/artyplanevents.com\\\/ca\\\/blog\\\/agendes-i-calendaris-personalitzats-per-a-empreses-organitzacio-i-promocio-durant-tot-lany\\\/#primaryimage\"},\"thumbnailUrl\":\"https:\\\/\\\/artyplanevents.com\\\/wp-content\\\/uploads\\\/2025\\\/09\\\/blog-agendas-y-calendarios.jpg\",\"datePublished\":\"2024-07-28T22:00:00+00:00\",\"dateModified\":\"2025-09-07T14:21:12+00:00\",\"description\":\"Optimitza l'efici\u00e8ncia empresarial amb agendes i calendaris personalitzats. Planifica per a una bona organitzaci\u00f3 i gesti\u00f3 d'inventaris.\",\"breadcrumb\":{\"@id\":\"https:\\\/\\\/artyplanevents.com\\\/ca\\\/blog\\\/agendes-i-calendaris-personalitzats-per-a-empreses-organitzacio-i-promocio-durant-tot-lany\\\/#breadcrumb\"},\"inLanguage\":\"ca\",\"potentialAction\":[{\"@type\":\"ReadAction\",\"target\":[\"https:\\\/\\\/artyplanevents.com\\\/ca\\\/blog\\\/agendes-i-calendaris-personalitzats-per-a-empreses-organitzacio-i-promocio-durant-tot-lany\\\/\"]}]},{\"@type\":\"ImageObject\",\"inLanguage\":\"ca\",\"@id\":\"https:\\\/\\\/artyplanevents.com\\\/ca\\\/blog\\\/agendes-i-calendaris-personalitzats-per-a-empreses-organitzacio-i-promocio-durant-tot-lany\\\/#primaryimage\",\"url\":\"https:\\\/\\\/artyplanevents.com\\\/wp-content\\\/uploads\\\/2025\\\/09\\\/blog-agendas-y-calendarios.jpg\",\"contentUrl\":\"https:\\\/\\\/artyplanevents.com\\\/wp-content\\\/uploads\\\/2025\\\/09\\\/blog-agendas-y-calendarios.jpg\",\"width\":1920,\"height\":600,\"caption\":\"agendas y calendarios personalizados |agendas y calendarios personalizados |agendas y calendarios personalizados\"},{\"@type\":\"BreadcrumbList\",\"@id\":\"https:\\\/\\\/artyplanevents.com\\\/ca\\\/blog\\\/agendes-i-calendaris-personalitzats-per-a-empreses-organitzacio-i-promocio-durant-tot-lany\\\/#breadcrumb\",\"itemListElement\":[{\"@type\":\"ListItem\",\"position\":1,\"name\":\"Artyplan\",\"item\":\"https:\\\/\\\/artyplanevents.com\\\/ca\\\/\"},{\"@type\":\"ListItem\",\"position\":2,\"name\":\"Agendes i calendaris personalitzats per a empreses: Organitzaci\u00f3 i promoci\u00f3 durant tot l&#8217;any\"}]},{\"@type\":\"WebSite\",\"@id\":\"https:\\\/\\\/artyplanevents.com\\\/ca\\\/#website\",\"url\":\"https:\\\/\\\/artyplanevents.com\\\/ca\\\/\",\"name\":\"Artyplan\",\"description\":\"\",\"publisher\":{\"@id\":\"https:\\\/\\\/artyplanevents.com\\\/ca\\\/#organization\"},\"potentialAction\":[{\"@type\":\"SearchAction\",\"target\":{\"@type\":\"EntryPoint\",\"urlTemplate\":\"https:\\\/\\\/artyplanevents.com\\\/ca\\\/?s={search_term_string}\"},\"query-input\":{\"@type\":\"PropertyValueSpecification\",\"valueRequired\":true,\"valueName\":\"search_term_string\"}}],\"inLanguage\":\"ca\"},{\"@type\":\"Organization\",\"@id\":\"https:\\\/\\\/artyplanevents.com\\\/ca\\\/#organization\",\"name\":\"Artyplan\",\"url\":\"https:\\\/\\\/artyplanevents.com\\\/ca\\\/\",\"logo\":{\"@type\":\"ImageObject\",\"inLanguage\":\"ca\",\"@id\":\"https:\\\/\\\/artyplanevents.com\\\/ca\\\/#\\\/schema\\\/logo\\\/image\\\/\",\"url\":\"https:\\\/\\\/preweb.artyplan.com\\\/wp-content\\\/uploads\\\/2025\\\/11\\\/Logo-artyplan-690x690-1.png\",\"contentUrl\":\"https:\\\/\\\/preweb.artyplan.com\\\/wp-content\\\/uploads\\\/2025\\\/11\\\/Logo-artyplan-690x690-1.png\",\"width\":690,\"height\":690,\"caption\":\"Artyplan\"},\"image\":{\"@id\":\"https:\\\/\\\/artyplanevents.com\\\/ca\\\/#\\\/schema\\\/logo\\\/image\\\/\"},\"sameAs\":[\"https:\\\/\\\/www.facebook.com\\\/artyplan\",\"https:\\\/\\\/x.com\\\/artyplan\"]},{\"@type\":\"Person\",\"@id\":\"https:\\\/\\\/artyplanevents.com\\\/ca\\\/#\\\/schema\\\/person\\\/7e099d8fb4e2e75f604bce6a0026fc08\",\"name\":\"jcartagena\",\"image\":{\"@type\":\"ImageObject\",\"inLanguage\":\"ca\",\"@id\":\"https:\\\/\\\/secure.gravatar.com\\\/avatar\\\/74b6898d9dd18bcd06e733678b696165da09bb7631730fd9477d49273abe408c?s=96&d=mm&r=g\",\"url\":\"https:\\\/\\\/secure.gravatar.com\\\/avatar\\\/74b6898d9dd18bcd06e733678b696165da09bb7631730fd9477d49273abe408c?s=96&d=mm&r=g\",\"contentUrl\":\"https:\\\/\\\/secure.gravatar.com\\\/avatar\\\/74b6898d9dd18bcd06e733678b696165da09bb7631730fd9477d49273abe408c?s=96&d=mm&r=g\",\"caption\":\"jcartagena\"},\"sameAs\":[\"https:\\\/\\\/preweb.artyplan.com\"],\"url\":\"https:\\\/\\\/artyplanevents.com\\\/ca\\\/author\\\/jcartagena\\\/\"}]}<\/script>\n<!-- \/ Yoast SEO plugin. -->","yoast_head_json":{"title":"Agendes i calendaris personalitzats: Organitzaci\u00f3 i promoci\u00f3 tot l'any","description":"Optimitza l'efici\u00e8ncia empresarial amb agendes i calendaris personalitzats. Planifica per a una bona organitzaci\u00f3 i gesti\u00f3 d'inventaris.","robots":{"index":"noindex","follow":"follow","max-snippet":"max-snippet:-1","max-image-preview":"max-image-preview:large","max-video-preview":"max-video-preview:-1"},"og_locale":"ca_ES","og_type":"article","og_title":"Agendes i calendaris personalitzats: Organitzaci\u00f3 i promoci\u00f3 tot l'any","og_description":"Optimitza l'efici\u00e8ncia empresarial amb agendes i calendaris personalitzats. Planifica per a una bona organitzaci\u00f3 i gesti\u00f3 d'inventaris.","og_url":"https:\/\/artyplanevents.com\/ca\/blog\/agendes-i-calendaris-personalitzats-per-a-empreses-organitzacio-i-promocio-durant-tot-lany\/","og_site_name":"Artyplan","article_publisher":"https:\/\/www.facebook.com\/artyplan","article_published_time":"2024-07-28T22:00:00+00:00","article_modified_time":"2025-09-07T14:21:12+00:00","og_image":[{"width":1920,"height":600,"url":"https:\/\/artyplanevents.com\/wp-content\/uploads\/2025\/09\/blog-agendas-y-calendarios.jpg","type":"image\/jpeg"}],"author":"jcartagena","twitter_card":"summary_large_image","twitter_creator":"@artyplan","twitter_site":"@artyplan","twitter_misc":{"Escrit per":"jcartagena","Temps estimat de lectura":"3 minuts"},"schema":{"@context":"https:\/\/schema.org","@graph":[{"@type":"Article","@id":"https:\/\/artyplanevents.com\/ca\/blog\/agendes-i-calendaris-personalitzats-per-a-empreses-organitzacio-i-promocio-durant-tot-lany\/#article","isPartOf":{"@id":"https:\/\/artyplanevents.com\/ca\/blog\/agendes-i-calendaris-personalitzats-per-a-empreses-organitzacio-i-promocio-durant-tot-lany\/"},"author":{"name":"jcartagena","@id":"https:\/\/artyplanevents.com\/ca\/#\/schema\/person\/7e099d8fb4e2e75f604bce6a0026fc08"},"headline":"Agendes i calendaris personalitzats per a empreses: Organitzaci\u00f3 i promoci\u00f3 durant tot l&#8217;any","datePublished":"2024-07-28T22:00:00+00:00","dateModified":"2025-09-07T14:21:12+00:00","mainEntityOfPage":{"@id":"https:\/\/artyplanevents.com\/ca\/blog\/agendes-i-calendaris-personalitzats-per-a-empreses-organitzacio-i-promocio-durant-tot-lany\/"},"wordCount":665,"publisher":{"@id":"https:\/\/artyplanevents.com\/ca\/#organization"},"image":{"@id":"https:\/\/artyplanevents.com\/ca\/blog\/agendes-i-calendaris-personalitzats-per-a-empreses-organitzacio-i-promocio-durant-tot-lany\/#primaryimage"},"thumbnailUrl":"https:\/\/artyplanevents.com\/wp-content\/uploads\/2025\/09\/blog-agendas-y-calendarios.jpg","articleSection":["Noticies"],"inLanguage":"ca"},{"@type":"WebPage","@id":"https:\/\/artyplanevents.com\/ca\/blog\/agendes-i-calendaris-personalitzats-per-a-empreses-organitzacio-i-promocio-durant-tot-lany\/","url":"https:\/\/artyplanevents.com\/ca\/blog\/agendes-i-calendaris-personalitzats-per-a-empreses-organitzacio-i-promocio-durant-tot-lany\/","name":"Agendes i calendaris personalitzats: Organitzaci\u00f3 i promoci\u00f3 tot l'any","isPartOf":{"@id":"https:\/\/artyplanevents.com\/ca\/#website"},"primaryImageOfPage":{"@id":"https:\/\/artyplanevents.com\/ca\/blog\/agendes-i-calendaris-personalitzats-per-a-empreses-organitzacio-i-promocio-durant-tot-lany\/#primaryimage"},"image":{"@id":"https:\/\/artyplanevents.com\/ca\/blog\/agendes-i-calendaris-personalitzats-per-a-empreses-organitzacio-i-promocio-durant-tot-lany\/#primaryimage"},"thumbnailUrl":"https:\/\/artyplanevents.com\/wp-content\/uploads\/2025\/09\/blog-agendas-y-calendarios.jpg","datePublished":"2024-07-28T22:00:00+00:00","dateModified":"2025-09-07T14:21:12+00:00","description":"Optimitza l'efici\u00e8ncia empresarial amb agendes i calendaris personalitzats. Planifica per a una bona organitzaci\u00f3 i gesti\u00f3 d'inventaris.","breadcrumb":{"@id":"https:\/\/artyplanevents.com\/ca\/blog\/agendes-i-calendaris-personalitzats-per-a-empreses-organitzacio-i-promocio-durant-tot-lany\/#breadcrumb"},"inLanguage":"ca","potentialAction":[{"@type":"ReadAction","target":["https:\/\/artyplanevents.com\/ca\/blog\/agendes-i-calendaris-personalitzats-per-a-empreses-organitzacio-i-promocio-durant-tot-lany\/"]}]},{"@type":"ImageObject","inLanguage":"ca","@id":"https:\/\/artyplanevents.com\/ca\/blog\/agendes-i-calendaris-personalitzats-per-a-empreses-organitzacio-i-promocio-durant-tot-lany\/#primaryimage","url":"https:\/\/artyplanevents.com\/wp-content\/uploads\/2025\/09\/blog-agendas-y-calendarios.jpg","contentUrl":"https:\/\/artyplanevents.com\/wp-content\/uploads\/2025\/09\/blog-agendas-y-calendarios.jpg","width":1920,"height":600,"caption":"agendas y calendarios personalizados |agendas y calendarios personalizados |agendas y calendarios personalizados"},{"@type":"BreadcrumbList","@id":"https:\/\/artyplanevents.com\/ca\/blog\/agendes-i-calendaris-personalitzats-per-a-empreses-organitzacio-i-promocio-durant-tot-lany\/#breadcrumb","itemListElement":[{"@type":"ListItem","position":1,"name":"Artyplan","item":"https:\/\/artyplanevents.com\/ca\/"},{"@type":"ListItem","position":2,"name":"Agendes i calendaris personalitzats per a empreses: Organitzaci\u00f3 i promoci\u00f3 durant tot l&#8217;any"}]},{"@type":"WebSite","@id":"https:\/\/artyplanevents.com\/ca\/#website","url":"https:\/\/artyplanevents.com\/ca\/","name":"Artyplan","description":"","publisher":{"@id":"https:\/\/artyplanevents.com\/ca\/#organization"},"potentialAction":[{"@type":"SearchAction","target":{"@type":"EntryPoint","urlTemplate":"https:\/\/artyplanevents.com\/ca\/?s={search_term_string}"},"query-input":{"@type":"PropertyValueSpecification","valueRequired":true,"valueName":"search_term_string"}}],"inLanguage":"ca"},{"@type":"Organization","@id":"https:\/\/artyplanevents.com\/ca\/#organization","name":"Artyplan","url":"https:\/\/artyplanevents.com\/ca\/","logo":{"@type":"ImageObject","inLanguage":"ca","@id":"https:\/\/artyplanevents.com\/ca\/#\/schema\/logo\/image\/","url":"https:\/\/preweb.artyplan.com\/wp-content\/uploads\/2025\/11\/Logo-artyplan-690x690-1.png","contentUrl":"https:\/\/preweb.artyplan.com\/wp-content\/uploads\/2025\/11\/Logo-artyplan-690x690-1.png","width":690,"height":690,"caption":"Artyplan"},"image":{"@id":"https:\/\/artyplanevents.com\/ca\/#\/schema\/logo\/image\/"},"sameAs":["https:\/\/www.facebook.com\/artyplan","https:\/\/x.com\/artyplan"]},{"@type":"Person","@id":"https:\/\/artyplanevents.com\/ca\/#\/schema\/person\/7e099d8fb4e2e75f604bce6a0026fc08","name":"jcartagena","image":{"@type":"ImageObject","inLanguage":"ca","@id":"https:\/\/secure.gravatar.com\/avatar\/74b6898d9dd18bcd06e733678b696165da09bb7631730fd9477d49273abe408c?s=96&d=mm&r=g","url":"https:\/\/secure.gravatar.com\/avatar\/74b6898d9dd18bcd06e733678b696165da09bb7631730fd9477d49273abe408c?s=96&d=mm&r=g","contentUrl":"https:\/\/secure.gravatar.com\/avatar\/74b6898d9dd18bcd06e733678b696165da09bb7631730fd9477d49273abe408c?s=96&d=mm&r=g","caption":"jcartagena"},"sameAs":["https:\/\/preweb.artyplan.com"],"url":"https:\/\/artyplanevents.com\/ca\/author\/jcartagena\/"}]}},"_links":{"self":[{"href":"https:\/\/artyplanevents.com\/ca\/wp-json\/wp\/v2\/posts\/5950","targetHints":{"allow":["GET"]}}],"collection":[{"href":"https:\/\/artyplanevents.com\/ca\/wp-json\/wp\/v2\/posts"}],"about":[{"href":"https:\/\/artyplanevents.com\/ca\/wp-json\/wp\/v2\/types\/post"}],"author":[{"embeddable":true,"href":"https:\/\/artyplanevents.com\/ca\/wp-json\/wp\/v2\/users\/1"}],"replies":[{"embeddable":true,"href":"https:\/\/artyplanevents.com\/ca\/wp-json\/wp\/v2\/comments?post=5950"}],"version-history":[{"count":1,"href":"https:\/\/artyplanevents.com\/ca\/wp-json\/wp\/v2\/posts\/5950\/revisions"}],"predecessor-version":[{"id":6779,"href":"https:\/\/artyplanevents.com\/ca\/wp-json\/wp\/v2\/posts\/5950\/revisions\/6779"}],"wp:featuredmedia":[{"embeddable":true,"href":"https:\/\/artyplanevents.com\/ca\/wp-json\/wp\/v2\/media\/5951"}],"wp:attachment":[{"href":"https:\/\/artyplanevents.com\/ca\/wp-json\/wp\/v2\/media?parent=5950"}],"wp:term":[{"taxonomy":"category","embeddable":true,"href":"https:\/\/artyplanevents.com\/ca\/wp-json\/wp\/v2\/categories?post=5950"},{"taxonomy":"post_tag","embeddable":true,"href":"https:\/\/artyplanevents.com\/ca\/wp-json\/wp\/v2\/tags?post=5950"}],"curies":[{"name":"wp","href":"https:\/\/api.w.org\/{rel}","templated":true}]}}