{"id":6020,"date":"2024-11-05T00:00:00","date_gmt":"2024-11-04T22:00:00","guid":{"rendered":"https:\/\/preweb.artyplan.com\/sin-categorizar\/la-impressio-en-fitur-destaca-a-esdeveniment-mes-gran-turisme\/"},"modified":"2025-09-07T16:22:21","modified_gmt":"2025-09-07T14:22:21","slug":"la-impressio-en-fitur-destaca-a-esdeveniment-mes-gran-turisme","status":"publish","type":"post","link":"https:\/\/artyplanevents.com\/ca\/blog\/la-impressio-en-fitur-destaca-a-esdeveniment-mes-gran-turisme\/","title":{"rendered":"La impressi\u00f3 a FITUR: Destaca a l&#8217;esdeveniment m\u00e9s gran de turisme"},"content":{"rendered":"<p>La Fira Internacional de Turisme (FITUR) \u00e9s un dels esdeveniments m\u00e9s importants per al sector tur\u00edstic i d&#8217;hostaleria, que reuneix cada any a empreses, professionals i experts de tot el m\u00f3n. L&#8217;any vinent se celebrar\u00e0 entre els dies 22 i 26 de Gener. Participar a FITUR \u00e9s una excel\u00b7lent oportunitat per a destacar i captar l&#8217;atenci\u00f3 de potencials clients i col\u00b7laboradors. En aquest context, la impressi\u00f3 es converteix en una eina essencial per a destacar i comunicar la identitat i proposta de valor de cada marca de manera visual i atractiva.<\/p>\n<p>Som conscients de la import\u00e0ncia de la imatge i el br\u00e0nding en fires com FITUR, i oferim solucions d&#8217;impressi\u00f3 personalitzades i d&#8217;alta qualitat per a ajudar-te a destacar en cada detall. Des de la impressi\u00f3 de material promocional fins al disseny d&#8217;estands i senyal\u00edstica, aqu\u00ed et vam mostrar com els nostres serveis poden elevar la visibilitat de la teva marca en esdeveniments de gran envergadura com FITUR.<\/p>\n<h2>Materials promocionals: Flyers, fulletons i Cat\u00e0legs<\/h2>\n<p>Els <a href=\"https:\/\/artyplan.com\/ca\/productes-impressio\/serveis-dimpressio-de-petit-format\/impressio-comercial\/fulletons\/\" target=\"_blank\" rel=\"noopener\">fullets, cat\u00e0legs i revistes informatives<\/a> continuen sent essencials per a qualsevol fira. Aquests materials impresos ofereixen als visitants informaci\u00f3 detallada sobre els productes, destins o serveis, i els permeten emportar-se la marca a casa per a revisar-la amb calma. En estar impresos, aquests materials transmeten perman\u00e8ncia i professionalitat, refor\u00e7ant la serietat de l&#8217;empresa i permetent que la informaci\u00f3 clau estigui sempre disponible. La qualitat de la impressi\u00f3 i el disseny s\u00f3n fonamentals perqu\u00e8 aquests materials no sols informin, sin\u00f3 tamb\u00e9 perqu\u00e8 deixin una impressi\u00f3 duradora.<\/p>\n<ul>\n<li><strong>Flyers<\/strong> amb dissenys atractius i cridaners que sintetitzen els serveis o productes de la teva empresa.<\/li>\n<li><strong>Fulletons<\/strong> en diversos formats, ideals per als qui desitgen una presentaci\u00f3 m\u00e9s detallada i visual de la marca.<\/li>\n<li><strong>Cat\u00e0legs<\/strong> d&#8217;alta qualitat que permeten mostrar tot el teu portafolis de serveis amb imatges i descripcions detallades.<\/li>\n<\/ul>\n<p>Aquests materials impresos poden personalitzar-se completament en termes de grand\u00e0ria, gramatge i acabats, garantint una imatge professional i alineada amb la identitat de la teva empresa.<\/p>\n<h2>Stands personalitzats<\/h2>\n<p>Un dels factors m\u00e9s importants per a captar l&#8217;atenci\u00f3 a FITUR \u00e9s el disseny de <a href=\"https:\/\/artyplan.com\/ca\/productes-impressio\/packaging\/packaging-promocional\/mostradors\/\" target=\"_blank\" rel=\"noopener\">l&#8217;stand, i els elements impresos<\/a> s\u00f3n essencials per a personalitzar aquest espai i comunicar el missatge de la marca. La impressi\u00f3 en gran format permet crear des de parets personalitzades amb imatges impactants fins a r\u00e8tols i b\u00e0ners que projecten professionalisme i reforcen la identitat visual de la marca. Un bon disseny d&#8217;estand impr\u00e8s, realitzat amb alta qualitat, no sols ajuda a atreure visitants, sin\u00f3 que tamb\u00e9 facilita que els assistents identifiquin i recordin l&#8217;espai de la marca amb facilitat.<\/p>\n<p>A m\u00e9s, les impressions de gran grand\u00e0ria s\u00f3n ideals per a plasmar imatges de destinacions tur\u00edstiques, paisatges i experi\u00e8ncies \u00faniques que els visitants poden viure amb la marca. Aquest tipus de recursos gr\u00e0fics desperta l&#8217;inter\u00e8s i genera un ambient atractiu i acollidor en l&#8217;estand, connectant amb els visitants de manera efectiva.<\/p>\n<p>En fires com FITUR, la personalitzaci\u00f3 de l&#8217;estand \u00e9s clau per a atreure a visitants i destacar-se entre la compet\u00e8ncia. La impressi\u00f3 en gran format \u00e9s una excel\u00b7lent opci\u00f3 per a personalitzar l&#8217;estand amb imatges d&#8217;alta qualitat, logotips, i missatges clau que reforcin la identitat de marca<\/p>\n<p>Comptem amb l&#8217;experi\u00e8ncia per a desenvolupar tot tipus de <strong>solucions d&#8217;impressi\u00f3 en gran format<\/strong> que inclouen:<\/p>\n<ul>\n<li><strong>Parets i panells personalitzats<\/strong>: Amb gr\u00e0fics i missatges clars que reflecteixen els valors de la teva empresa.<\/li>\n<li><strong>Roll-ups i b\u00e0ners<\/strong>: Ideals per a promocionar ofertes i serveis espec\u00edfics en punts estrat\u00e8gics del teu estand.<\/li>\n<li><strong>Murals i fons de fotografia<\/strong>: Perfectes per a crear espais cridaners i cohesionats que els visitants puguin recordar.<\/li>\n<\/ul>\n<h2>Senyal\u00edstica<\/h2>\n<p>La senyal\u00edstica \u00e9s fonamental en un esdeveniment de gran magnitud com FITUR. Des de r\u00e8tols de benvinguda fins a indicacions internes, la senyalitzaci\u00f3 ajuda els visitants a orientar-se i, al mateix temps, a con\u00e8ixer la teva marca.<\/p>\n<ul>\n<li><strong>R\u00e8tols i posters<\/strong> d&#8217;alta visibilitat que poden situar-se tant dins com fora de l&#8217;estand.<\/li>\n<li><strong>T\u00f2tems personalitzats<\/strong> per a facilitar la interacci\u00f3 amb els visitants.<\/li>\n<li><a href=\"https:\/\/artyplan.com\/ca\/productes-impressio\/serveis-dimpressio-de-gran-format\/vinils-impres\/\" target=\"_blank\" rel=\"noopener\"><strong>Adhesius de s\u00f2l<\/strong> i vinils<\/a> per a guiar el flux de persones cap al teu espai i captar la seva atenci\u00f3 de manera estrat\u00e8gica.<\/li>\n<\/ul>\n<h2>Targetes de visita personalitzades<\/h2>\n<p><img fetchpriority=\"high\" decoding=\"async\" class=\"size-medium wp-image-13357 alignright\" src=\"https:\/\/preweb.artyplan.com\/wp-content\/uploads\/2025\/09\/Tarjetas-de-visita-fitur-1-scaled.jpeg\" alt=\"tarjetas de visita\" width=\"300\" height=\"200\" \/><\/p>\n<p>FITUR \u00e9s un esdeveniment per a connectar, i una bona<a href=\"https:\/\/artyplan.com\/ca\/productes-impressio\/serveis-dimpressio-de-petit-format\/papereria-corporativa\/targetes\/\" target=\"_blank\" rel=\"noopener\"> impressi\u00f3 en una targeta de visita<\/a> pot facilitar futures col\u00b7laboracions. Encara que la tecnologia avan\u00e7a, les targetes de visita impreses continuen sent un element fonamental en el\u00a0networking. Un disseny ben pensat i de qualitat, amb paper i acabats que transmetin professionalisme, pot marcar la difer\u00e8ncia i deixar una impressi\u00f3 m\u00e9s professional i memorable en els contactes comercials.<\/p>\n<h2>Marxandatge<\/h2>\n<p>Els regals promocionals o articles de marxandatge impresos s\u00f3n una excel\u00b7lent manera de captar l&#8217;atenci\u00f3 dels assistents i millorar l&#8217;experi\u00e8ncia en l&#8217;estand. Articles impresos com a quaderns, calendaris, bol\u00edgrafs, bosses o mapes de destinacions tur\u00edstiques no sols permeten que els visitants s&#8217;emportin un record de la marca, sin\u00f3 que tamb\u00e9 ajuden al fet que l&#8217;empresa sigui present en el seu dia a dia.<\/p>\n<h2>Impressi\u00f3 sostenible: Una necessitat actual<\/h2>\n<p>Apostem per la sostenibilitat en tots els nostres processos d&#8217;impressi\u00f3. Sabem que els assistents a FITUR estan cada vegada m\u00e9s compromesos amb la responsabilitat mediambiental, i utilitzem materials reciclables i processos d&#8217;impressi\u00f3 ecol\u00f2gics per a minimitzar l&#8217;impacte ambiental de cada projecte. A m\u00e9s, comptem amb opcions de papers reciclats i tintes eco-friendly\u00a0per a contribuir a un esdeveniment m\u00e9s sostenible.<\/p>\n<p>Participar en una fira tan influent com FITUR requereix una estrat\u00e8gia de visibilitat s\u00f2lida, i en\u00a0Artyplan\u00a0som aqu\u00ed per a ajudar-te al fet que la teva marca destaqui de la millor manera possible. Amb els nostres serveis d&#8217;impressi\u00f3 personalitzats i d&#8217;alta qualitat, podem ajudar-te a crear un estand cridaner, materials promocionals \u00fanics i senyal\u00edstica estrat\u00e8gica, tot alineat amb els valors de la teva empresa.<\/p>\n<p>Si desitges obtenir m\u00e9s informaci\u00f3 sobre com podem fer costat a la teva empresa a FITUR, no dubtis a posar-te en contacte amb nosaltres. En Artyplan, fem realitat la teva visi\u00f3 i t&#8217;ajudem a portar la teva marca al seg\u00fcent nivell en el m\u00f3n del turisme i l&#8217;hostaleria.<\/p>\n","protected":false},"excerpt":{"rendered":"<p>La Fira Internacional de Turisme (FITUR) \u00e9s un dels esdeveniments m\u00e9s importants per al sector tur\u00edstic i d&#8217;hostaleria, que reuneix cada any a empreses, professionals i experts de tot el m\u00f3n. L&#8217;any vinent se celebrar\u00e0 entre els dies 22 i 26 de Gener. Participar a FITUR \u00e9s una excel\u00b7lent oportunitat per a destacar i captar [&hellip;]<\/p>\n","protected":false},"author":1,"featured_media":7510,"comment_status":"closed","ping_status":"closed","sticky":false,"template":"","format":"standard","meta":{"footnotes":""},"categories":[33],"tags":[],"class_list":["post-6020","post","type-post","status-publish","format-standard","has-post-thumbnail","hentry","category-noticies"],"yoast_head":"<!-- This site is optimized with the Yoast SEO plugin v27.4 - https:\/\/yoast.com\/product\/yoast-seo-wordpress\/ -->\n<title>La impressi\u00f3 a FITUR: Destaca a l&#039;esdeveniment m\u00e9s gran de turisme | Artyplan<\/title>\n<meta name=\"description\" content=\"Com la impressi\u00f3 a Fitur, des d&#039;estands fins a senyal\u00edstica, maximitza la teva visibilitat i capta l&#039;atenci\u00f3 de clients en aquesta fira de turisme.\" \/>\n<meta name=\"robots\" content=\"noindex, follow, max-snippet:-1, max-image-preview:large, max-video-preview:-1\" \/>\n<meta property=\"og:locale\" content=\"ca_ES\" \/>\n<meta property=\"og:type\" content=\"article\" \/>\n<meta property=\"og:title\" content=\"La impressi\u00f3 a FITUR: Destaca a l&#039;esdeveniment m\u00e9s gran de turisme | Artyplan\" \/>\n<meta property=\"og:description\" content=\"Com la impressi\u00f3 a Fitur, des d&#039;estands fins a senyal\u00edstica, maximitza la teva visibilitat i capta l&#039;atenci\u00f3 de clients en aquesta fira de turisme.\" \/>\n<meta property=\"og:url\" content=\"https:\/\/artyplanevents.com\/ca\/blog\/la-impressio-en-fitur-destaca-a-esdeveniment-mes-gran-turisme\/\" \/>\n<meta property=\"og:site_name\" content=\"Artyplan\" \/>\n<meta property=\"article:publisher\" content=\"https:\/\/www.facebook.com\/artyplan\" \/>\n<meta property=\"article:published_time\" content=\"2024-11-04T22:00:00+00:00\" \/>\n<meta property=\"article:modified_time\" content=\"2025-09-07T14:22:21+00:00\" \/>\n<meta property=\"og:image\" content=\"https:\/\/artyplanevents.com\/wp-content\/uploads\/2025\/09\/fitur-blog-1-scaled.png\" \/>\n\t<meta property=\"og:image:width\" content=\"2560\" \/>\n\t<meta property=\"og:image:height\" content=\"800\" \/>\n\t<meta property=\"og:image:type\" content=\"image\/png\" \/>\n<meta name=\"author\" content=\"jcartagena\" \/>\n<meta name=\"twitter:card\" content=\"summary_large_image\" \/>\n<meta name=\"twitter:creator\" content=\"@artyplan\" \/>\n<meta name=\"twitter:site\" content=\"@artyplan\" \/>\n<meta name=\"twitter:label1\" content=\"Escrit per\" \/>\n\t<meta name=\"twitter:data1\" content=\"jcartagena\" \/>\n\t<meta name=\"twitter:label2\" content=\"Temps estimat de lectura\" \/>\n\t<meta name=\"twitter:data2\" content=\"5 minuts\" \/>\n<script type=\"application\/ld+json\" class=\"yoast-schema-graph\">{\"@context\":\"https:\\\/\\\/schema.org\",\"@graph\":[{\"@type\":\"Article\",\"@id\":\"https:\\\/\\\/artyplanevents.com\\\/ca\\\/blog\\\/la-impressio-en-fitur-destaca-a-esdeveniment-mes-gran-turisme\\\/#article\",\"isPartOf\":{\"@id\":\"https:\\\/\\\/artyplanevents.com\\\/ca\\\/blog\\\/la-impressio-en-fitur-destaca-a-esdeveniment-mes-gran-turisme\\\/\"},\"author\":{\"name\":\"jcartagena\",\"@id\":\"https:\\\/\\\/artyplanevents.com\\\/ca\\\/#\\\/schema\\\/person\\\/7e099d8fb4e2e75f604bce6a0026fc08\"},\"headline\":\"La impressi\u00f3 a FITUR: Destaca a l&#8217;esdeveniment m\u00e9s gran de turisme\",\"datePublished\":\"2024-11-04T22:00:00+00:00\",\"dateModified\":\"2025-09-07T14:22:21+00:00\",\"mainEntityOfPage\":{\"@id\":\"https:\\\/\\\/artyplanevents.com\\\/ca\\\/blog\\\/la-impressio-en-fitur-destaca-a-esdeveniment-mes-gran-turisme\\\/\"},\"wordCount\":1097,\"publisher\":{\"@id\":\"https:\\\/\\\/artyplanevents.com\\\/ca\\\/#organization\"},\"image\":{\"@id\":\"https:\\\/\\\/artyplanevents.com\\\/ca\\\/blog\\\/la-impressio-en-fitur-destaca-a-esdeveniment-mes-gran-turisme\\\/#primaryimage\"},\"thumbnailUrl\":\"https:\\\/\\\/artyplanevents.com\\\/wp-content\\\/uploads\\\/2025\\\/09\\\/fitur-blog-1-scaled.png\",\"articleSection\":[\"Noticies\"],\"inLanguage\":\"ca\"},{\"@type\":\"WebPage\",\"@id\":\"https:\\\/\\\/artyplanevents.com\\\/ca\\\/blog\\\/la-impressio-en-fitur-destaca-a-esdeveniment-mes-gran-turisme\\\/\",\"url\":\"https:\\\/\\\/artyplanevents.com\\\/ca\\\/blog\\\/la-impressio-en-fitur-destaca-a-esdeveniment-mes-gran-turisme\\\/\",\"name\":\"La impressi\u00f3 a FITUR: Destaca a l'esdeveniment m\u00e9s gran de turisme | Artyplan\",\"isPartOf\":{\"@id\":\"https:\\\/\\\/artyplanevents.com\\\/ca\\\/#website\"},\"primaryImageOfPage\":{\"@id\":\"https:\\\/\\\/artyplanevents.com\\\/ca\\\/blog\\\/la-impressio-en-fitur-destaca-a-esdeveniment-mes-gran-turisme\\\/#primaryimage\"},\"image\":{\"@id\":\"https:\\\/\\\/artyplanevents.com\\\/ca\\\/blog\\\/la-impressio-en-fitur-destaca-a-esdeveniment-mes-gran-turisme\\\/#primaryimage\"},\"thumbnailUrl\":\"https:\\\/\\\/artyplanevents.com\\\/wp-content\\\/uploads\\\/2025\\\/09\\\/fitur-blog-1-scaled.png\",\"datePublished\":\"2024-11-04T22:00:00+00:00\",\"dateModified\":\"2025-09-07T14:22:21+00:00\",\"description\":\"Com la impressi\u00f3 a Fitur, des d'estands fins a senyal\u00edstica, maximitza la teva visibilitat i capta l'atenci\u00f3 de clients en aquesta fira de turisme.\",\"breadcrumb\":{\"@id\":\"https:\\\/\\\/artyplanevents.com\\\/ca\\\/blog\\\/la-impressio-en-fitur-destaca-a-esdeveniment-mes-gran-turisme\\\/#breadcrumb\"},\"inLanguage\":\"ca\",\"potentialAction\":[{\"@type\":\"ReadAction\",\"target\":[\"https:\\\/\\\/artyplanevents.com\\\/ca\\\/blog\\\/la-impressio-en-fitur-destaca-a-esdeveniment-mes-gran-turisme\\\/\"]}]},{\"@type\":\"ImageObject\",\"inLanguage\":\"ca\",\"@id\":\"https:\\\/\\\/artyplanevents.com\\\/ca\\\/blog\\\/la-impressio-en-fitur-destaca-a-esdeveniment-mes-gran-turisme\\\/#primaryimage\",\"url\":\"https:\\\/\\\/artyplanevents.com\\\/wp-content\\\/uploads\\\/2025\\\/09\\\/fitur-blog-1-scaled.png\",\"contentUrl\":\"https:\\\/\\\/artyplanevents.com\\\/wp-content\\\/uploads\\\/2025\\\/09\\\/fitur-blog-1-scaled.png\",\"width\":2560,\"height\":800,\"caption\":\"fitur|tarjetas de visita\"},{\"@type\":\"BreadcrumbList\",\"@id\":\"https:\\\/\\\/artyplanevents.com\\\/ca\\\/blog\\\/la-impressio-en-fitur-destaca-a-esdeveniment-mes-gran-turisme\\\/#breadcrumb\",\"itemListElement\":[{\"@type\":\"ListItem\",\"position\":1,\"name\":\"Artyplan\",\"item\":\"https:\\\/\\\/artyplanevents.com\\\/ca\\\/\"},{\"@type\":\"ListItem\",\"position\":2,\"name\":\"La impressi\u00f3 a FITUR: Destaca a l&#8217;esdeveniment m\u00e9s gran de turisme\"}]},{\"@type\":\"WebSite\",\"@id\":\"https:\\\/\\\/artyplanevents.com\\\/ca\\\/#website\",\"url\":\"https:\\\/\\\/artyplanevents.com\\\/ca\\\/\",\"name\":\"Artyplan\",\"description\":\"\",\"publisher\":{\"@id\":\"https:\\\/\\\/artyplanevents.com\\\/ca\\\/#organization\"},\"potentialAction\":[{\"@type\":\"SearchAction\",\"target\":{\"@type\":\"EntryPoint\",\"urlTemplate\":\"https:\\\/\\\/artyplanevents.com\\\/ca\\\/?s={search_term_string}\"},\"query-input\":{\"@type\":\"PropertyValueSpecification\",\"valueRequired\":true,\"valueName\":\"search_term_string\"}}],\"inLanguage\":\"ca\"},{\"@type\":\"Organization\",\"@id\":\"https:\\\/\\\/artyplanevents.com\\\/ca\\\/#organization\",\"name\":\"Artyplan\",\"url\":\"https:\\\/\\\/artyplanevents.com\\\/ca\\\/\",\"logo\":{\"@type\":\"ImageObject\",\"inLanguage\":\"ca\",\"@id\":\"https:\\\/\\\/artyplanevents.com\\\/ca\\\/#\\\/schema\\\/logo\\\/image\\\/\",\"url\":\"https:\\\/\\\/preweb.artyplan.com\\\/wp-content\\\/uploads\\\/2025\\\/11\\\/Logo-artyplan-690x690-1.png\",\"contentUrl\":\"https:\\\/\\\/preweb.artyplan.com\\\/wp-content\\\/uploads\\\/2025\\\/11\\\/Logo-artyplan-690x690-1.png\",\"width\":690,\"height\":690,\"caption\":\"Artyplan\"},\"image\":{\"@id\":\"https:\\\/\\\/artyplanevents.com\\\/ca\\\/#\\\/schema\\\/logo\\\/image\\\/\"},\"sameAs\":[\"https:\\\/\\\/www.facebook.com\\\/artyplan\",\"https:\\\/\\\/x.com\\\/artyplan\"]},{\"@type\":\"Person\",\"@id\":\"https:\\\/\\\/artyplanevents.com\\\/ca\\\/#\\\/schema\\\/person\\\/7e099d8fb4e2e75f604bce6a0026fc08\",\"name\":\"jcartagena\",\"image\":{\"@type\":\"ImageObject\",\"inLanguage\":\"ca\",\"@id\":\"https:\\\/\\\/secure.gravatar.com\\\/avatar\\\/74b6898d9dd18bcd06e733678b696165da09bb7631730fd9477d49273abe408c?s=96&d=mm&r=g\",\"url\":\"https:\\\/\\\/secure.gravatar.com\\\/avatar\\\/74b6898d9dd18bcd06e733678b696165da09bb7631730fd9477d49273abe408c?s=96&d=mm&r=g\",\"contentUrl\":\"https:\\\/\\\/secure.gravatar.com\\\/avatar\\\/74b6898d9dd18bcd06e733678b696165da09bb7631730fd9477d49273abe408c?s=96&d=mm&r=g\",\"caption\":\"jcartagena\"},\"sameAs\":[\"https:\\\/\\\/preweb.artyplan.com\"],\"url\":\"https:\\\/\\\/artyplanevents.com\\\/ca\\\/author\\\/jcartagena\\\/\"}]}<\/script>\n<!-- \/ Yoast SEO plugin. -->","yoast_head_json":{"title":"La impressi\u00f3 a FITUR: Destaca a l'esdeveniment m\u00e9s gran de turisme | Artyplan","description":"Com la impressi\u00f3 a Fitur, des d'estands fins a senyal\u00edstica, maximitza la teva visibilitat i capta l'atenci\u00f3 de clients en aquesta fira de turisme.","robots":{"index":"noindex","follow":"follow","max-snippet":"max-snippet:-1","max-image-preview":"max-image-preview:large","max-video-preview":"max-video-preview:-1"},"og_locale":"ca_ES","og_type":"article","og_title":"La impressi\u00f3 a FITUR: Destaca a l'esdeveniment m\u00e9s gran de turisme | Artyplan","og_description":"Com la impressi\u00f3 a Fitur, des d'estands fins a senyal\u00edstica, maximitza la teva visibilitat i capta l'atenci\u00f3 de clients en aquesta fira de turisme.","og_url":"https:\/\/artyplanevents.com\/ca\/blog\/la-impressio-en-fitur-destaca-a-esdeveniment-mes-gran-turisme\/","og_site_name":"Artyplan","article_publisher":"https:\/\/www.facebook.com\/artyplan","article_published_time":"2024-11-04T22:00:00+00:00","article_modified_time":"2025-09-07T14:22:21+00:00","og_image":[{"width":2560,"height":800,"url":"https:\/\/artyplanevents.com\/wp-content\/uploads\/2025\/09\/fitur-blog-1-scaled.png","type":"image\/png"}],"author":"jcartagena","twitter_card":"summary_large_image","twitter_creator":"@artyplan","twitter_site":"@artyplan","twitter_misc":{"Escrit per":"jcartagena","Temps estimat de lectura":"5 minuts"},"schema":{"@context":"https:\/\/schema.org","@graph":[{"@type":"Article","@id":"https:\/\/artyplanevents.com\/ca\/blog\/la-impressio-en-fitur-destaca-a-esdeveniment-mes-gran-turisme\/#article","isPartOf":{"@id":"https:\/\/artyplanevents.com\/ca\/blog\/la-impressio-en-fitur-destaca-a-esdeveniment-mes-gran-turisme\/"},"author":{"name":"jcartagena","@id":"https:\/\/artyplanevents.com\/ca\/#\/schema\/person\/7e099d8fb4e2e75f604bce6a0026fc08"},"headline":"La impressi\u00f3 a FITUR: Destaca a l&#8217;esdeveniment m\u00e9s gran de turisme","datePublished":"2024-11-04T22:00:00+00:00","dateModified":"2025-09-07T14:22:21+00:00","mainEntityOfPage":{"@id":"https:\/\/artyplanevents.com\/ca\/blog\/la-impressio-en-fitur-destaca-a-esdeveniment-mes-gran-turisme\/"},"wordCount":1097,"publisher":{"@id":"https:\/\/artyplanevents.com\/ca\/#organization"},"image":{"@id":"https:\/\/artyplanevents.com\/ca\/blog\/la-impressio-en-fitur-destaca-a-esdeveniment-mes-gran-turisme\/#primaryimage"},"thumbnailUrl":"https:\/\/artyplanevents.com\/wp-content\/uploads\/2025\/09\/fitur-blog-1-scaled.png","articleSection":["Noticies"],"inLanguage":"ca"},{"@type":"WebPage","@id":"https:\/\/artyplanevents.com\/ca\/blog\/la-impressio-en-fitur-destaca-a-esdeveniment-mes-gran-turisme\/","url":"https:\/\/artyplanevents.com\/ca\/blog\/la-impressio-en-fitur-destaca-a-esdeveniment-mes-gran-turisme\/","name":"La impressi\u00f3 a FITUR: Destaca a l'esdeveniment m\u00e9s gran de turisme | Artyplan","isPartOf":{"@id":"https:\/\/artyplanevents.com\/ca\/#website"},"primaryImageOfPage":{"@id":"https:\/\/artyplanevents.com\/ca\/blog\/la-impressio-en-fitur-destaca-a-esdeveniment-mes-gran-turisme\/#primaryimage"},"image":{"@id":"https:\/\/artyplanevents.com\/ca\/blog\/la-impressio-en-fitur-destaca-a-esdeveniment-mes-gran-turisme\/#primaryimage"},"thumbnailUrl":"https:\/\/artyplanevents.com\/wp-content\/uploads\/2025\/09\/fitur-blog-1-scaled.png","datePublished":"2024-11-04T22:00:00+00:00","dateModified":"2025-09-07T14:22:21+00:00","description":"Com la impressi\u00f3 a Fitur, des d'estands fins a senyal\u00edstica, maximitza la teva visibilitat i capta l'atenci\u00f3 de clients en aquesta fira de turisme.","breadcrumb":{"@id":"https:\/\/artyplanevents.com\/ca\/blog\/la-impressio-en-fitur-destaca-a-esdeveniment-mes-gran-turisme\/#breadcrumb"},"inLanguage":"ca","potentialAction":[{"@type":"ReadAction","target":["https:\/\/artyplanevents.com\/ca\/blog\/la-impressio-en-fitur-destaca-a-esdeveniment-mes-gran-turisme\/"]}]},{"@type":"ImageObject","inLanguage":"ca","@id":"https:\/\/artyplanevents.com\/ca\/blog\/la-impressio-en-fitur-destaca-a-esdeveniment-mes-gran-turisme\/#primaryimage","url":"https:\/\/artyplanevents.com\/wp-content\/uploads\/2025\/09\/fitur-blog-1-scaled.png","contentUrl":"https:\/\/artyplanevents.com\/wp-content\/uploads\/2025\/09\/fitur-blog-1-scaled.png","width":2560,"height":800,"caption":"fitur|tarjetas de visita"},{"@type":"BreadcrumbList","@id":"https:\/\/artyplanevents.com\/ca\/blog\/la-impressio-en-fitur-destaca-a-esdeveniment-mes-gran-turisme\/#breadcrumb","itemListElement":[{"@type":"ListItem","position":1,"name":"Artyplan","item":"https:\/\/artyplanevents.com\/ca\/"},{"@type":"ListItem","position":2,"name":"La impressi\u00f3 a FITUR: Destaca a l&#8217;esdeveniment m\u00e9s gran de turisme"}]},{"@type":"WebSite","@id":"https:\/\/artyplanevents.com\/ca\/#website","url":"https:\/\/artyplanevents.com\/ca\/","name":"Artyplan","description":"","publisher":{"@id":"https:\/\/artyplanevents.com\/ca\/#organization"},"potentialAction":[{"@type":"SearchAction","target":{"@type":"EntryPoint","urlTemplate":"https:\/\/artyplanevents.com\/ca\/?s={search_term_string}"},"query-input":{"@type":"PropertyValueSpecification","valueRequired":true,"valueName":"search_term_string"}}],"inLanguage":"ca"},{"@type":"Organization","@id":"https:\/\/artyplanevents.com\/ca\/#organization","name":"Artyplan","url":"https:\/\/artyplanevents.com\/ca\/","logo":{"@type":"ImageObject","inLanguage":"ca","@id":"https:\/\/artyplanevents.com\/ca\/#\/schema\/logo\/image\/","url":"https:\/\/preweb.artyplan.com\/wp-content\/uploads\/2025\/11\/Logo-artyplan-690x690-1.png","contentUrl":"https:\/\/preweb.artyplan.com\/wp-content\/uploads\/2025\/11\/Logo-artyplan-690x690-1.png","width":690,"height":690,"caption":"Artyplan"},"image":{"@id":"https:\/\/artyplanevents.com\/ca\/#\/schema\/logo\/image\/"},"sameAs":["https:\/\/www.facebook.com\/artyplan","https:\/\/x.com\/artyplan"]},{"@type":"Person","@id":"https:\/\/artyplanevents.com\/ca\/#\/schema\/person\/7e099d8fb4e2e75f604bce6a0026fc08","name":"jcartagena","image":{"@type":"ImageObject","inLanguage":"ca","@id":"https:\/\/secure.gravatar.com\/avatar\/74b6898d9dd18bcd06e733678b696165da09bb7631730fd9477d49273abe408c?s=96&d=mm&r=g","url":"https:\/\/secure.gravatar.com\/avatar\/74b6898d9dd18bcd06e733678b696165da09bb7631730fd9477d49273abe408c?s=96&d=mm&r=g","contentUrl":"https:\/\/secure.gravatar.com\/avatar\/74b6898d9dd18bcd06e733678b696165da09bb7631730fd9477d49273abe408c?s=96&d=mm&r=g","caption":"jcartagena"},"sameAs":["https:\/\/preweb.artyplan.com"],"url":"https:\/\/artyplanevents.com\/ca\/author\/jcartagena\/"}]}},"_links":{"self":[{"href":"https:\/\/artyplanevents.com\/ca\/wp-json\/wp\/v2\/posts\/6020","targetHints":{"allow":["GET"]}}],"collection":[{"href":"https:\/\/artyplanevents.com\/ca\/wp-json\/wp\/v2\/posts"}],"about":[{"href":"https:\/\/artyplanevents.com\/ca\/wp-json\/wp\/v2\/types\/post"}],"author":[{"embeddable":true,"href":"https:\/\/artyplanevents.com\/ca\/wp-json\/wp\/v2\/users\/1"}],"replies":[{"embeddable":true,"href":"https:\/\/artyplanevents.com\/ca\/wp-json\/wp\/v2\/comments?post=6020"}],"version-history":[{"count":7,"href":"https:\/\/artyplanevents.com\/ca\/wp-json\/wp\/v2\/posts\/6020\/revisions"}],"predecessor-version":[{"id":8028,"href":"https:\/\/artyplanevents.com\/ca\/wp-json\/wp\/v2\/posts\/6020\/revisions\/8028"}],"wp:featuredmedia":[{"embeddable":true,"href":"https:\/\/artyplanevents.com\/ca\/wp-json\/wp\/v2\/media\/7510"}],"wp:attachment":[{"href":"https:\/\/artyplanevents.com\/ca\/wp-json\/wp\/v2\/media?parent=6020"}],"wp:term":[{"taxonomy":"category","embeddable":true,"href":"https:\/\/artyplanevents.com\/ca\/wp-json\/wp\/v2\/categories?post=6020"},{"taxonomy":"post_tag","embeddable":true,"href":"https:\/\/artyplanevents.com\/ca\/wp-json\/wp\/v2\/tags?post=6020"}],"curies":[{"name":"wp","href":"https:\/\/api.w.org\/{rel}","templated":true}]}}