{"id":6070,"date":"2025-01-07T00:00:00","date_gmt":"2025-01-06T22:00:00","guid":{"rendered":"https:\/\/preweb.artyplan.com\/sin-categorizar\/la-importancia-de-les-imatges-vectoritzades-en-impressio\/"},"modified":"2025-09-07T16:23:08","modified_gmt":"2025-09-07T14:23:08","slug":"la-importancia-de-les-imatges-vectoritzades-en-impressio","status":"publish","type":"post","link":"https:\/\/artyplanevents.com\/ca\/blog\/la-importancia-de-les-imatges-vectoritzades-en-impressio\/","title":{"rendered":"La import\u00e0ncia de les imatges vectoritzades en impressi\u00f3"},"content":{"rendered":"<p>La qualitat del material impr\u00e8s \u00e9s crucial per a reflectir la identitat i el missatge d&#8217;una marca. Un dels aspectes t\u00e8cnics m\u00e9s importants per a garantir aquesta qualitat \u00e9s l&#8217;\u00fas d&#8217;imatges vectoritzades en impressi\u00f3. Aquest tipus d&#8217;imatges no sols millora el resultat visual, sin\u00f3 que tamb\u00e9 optimitza els processos de producci\u00f3 a impremtes. A continuaci\u00f3, explorarem per qu\u00e8 les imatges vectoritzades s\u00f3n essencials en el sector de la impressi\u00f3 i com beneficien tant a les empreses com als seus clients.<\/p>\n<h2>Qu\u00e8 \u00e9s una imatge vectoritzada?<\/h2>\n<p>Una imatge vectoritzada \u00e9s aquella formada per l\u00ednies, corbes i formes definides mitjan\u00e7ant equacions matem\u00e0tiques, a difer\u00e8ncia de les imatges rasteritzades que estan formades per p\u00edxels. Aix\u00f2 permet que les imatges vectorials es puguin escalar indefinidament sense perdre qualitat, fent que siguin ideals per a projectes d&#8217;impressi\u00f3 que requereixin ajustos de grand\u00e0ria.<\/p>\n<h2>Eines per a treballar amb imatges vectoritzades<\/h2>\n<p>Hi ha diverses eines que els dissenyadors i equips de m\u00e0rqueting poden utilitzar per a crear i editar imatges vectoritzades. Les m\u00e9s populars s\u00f3n:<\/p>\n<ul>\n<li><strong>Adobe Illustrator<\/strong>: \u00c9s l&#8217;est\u00e0ndard de la ind\u00fastria i ofereix un conjunt complet d&#8217;eines avan\u00e7ades per a crear gr\u00e0fics vectorials.<\/li>\n<li><strong>CorelDRAW<\/strong>: Ideal per a dissenyadors que treballen en projectes d&#8217;impressi\u00f3 i publicitat.<\/li>\n<li><strong>Inkscape<\/strong>: Una opci\u00f3 gratu\u00efta i de codi obert, perfecta per a equips que busquen qualitat sense inc\u00f3rrer en alts costos.<\/li>\n<li><strong>Vector\u00a0Magic<\/strong>: Una eina en l\u00ednia que permet convertir f\u00e0cilment imatges rasteritzades en vectors.<\/li>\n<\/ul>\n<h2>Com identificar si una imatge est\u00e0 vectoritzada?<\/h2>\n<p>\u00c9s com\u00fa que els departaments de m\u00e0rqueting treballin amb arxius en diversos formats. Per a assegurar-te que una imatge est\u00e0 vectoritzada, verifica que la seva extensi\u00f3 sigui una de les seg\u00fcents:<\/p>\n<ul>\n<li><strong>.AI<\/strong> (Adobe Illustrator)<\/li>\n<li><strong>.EPS<\/strong><\/li>\n<li><strong>.PDF<\/strong> (quan es guarda com a arxiu vectorial)<\/li>\n<li><strong>.SVG<\/strong><\/li>\n<\/ul>\n<p>Si tens dubtes sobre el format de les teves imatges, un professional de disseny gr\u00e0fic o d&#8217;impressi\u00f3 pot ajudar-te a confirmar-ho o convertir-les en vectors si \u00e9s necessari.<strong><img fetchpriority=\"high\" decoding=\"async\" class=\"size-medium wp-image-13898 aligncenter\" src=\"https:\/\/preweb.artyplan.com\/wp-content\/uploads\/2025\/09\/extension-imagen-vectorizada-300x175.jpg\" alt=\"extensiones imagen vectorizada\" width=\"300\" height=\"175\" \/><\/strong><\/p>\n<h2>Avantatges de les imatges vectoritzades en impressi\u00f3<\/h2>\n<p>Cada material impr\u00e8s, des de targetes de presentaci\u00f3 fins a cartells publicitaris, transmet la identitat de la marca i el seu nivell de professionalisme. Per aix\u00f2, les imatges vectoritzades s&#8217;han convertit en una eina indispensable per a garantir resultats d&#8217;alta qualitat en qualsevol tipus de projecte impr\u00e8s.<\/p>\n<ul>\n<li><strong>Qualitat d&#8217;impressi\u00f3 superior<\/strong>: Les imatges vectoritzades garanteixen contorns nets i definits, sense el risc que apareguin pixelacions o desenfocaments en ampliar el disseny. Aix\u00f2 \u00e9s especialment important en la impressi\u00f3 de logotips, textos i gr\u00e0fics que han de mantenir la seva nitidesa en qualsevol grand\u00e0ria.<\/li>\n<li><strong>Flexibilitat en la grand\u00e0ria<\/strong>: Ja sigui per a imprimir targetes de presentaci\u00f3 o tanques publicit\u00e0ries, les imatges vectorials es poden redimensionar sense comprometre la seva qualitat. Aix\u00f2 elimina la necessitat de crear m\u00faltiples versions del mateix arxiu per a diferents formats.<\/li>\n<li><strong>Compatibilitat amb programari d&#8217;impressi\u00f3<\/strong>: Els arxius vectorials s\u00f3n \u00e0mpliament compatibles amb els programes de disseny i impressi\u00f3 professional. Aix\u00f2 facilita la transfer\u00e8ncia d&#8217;arxius entre dissenyadors i operadors d&#8217;impremtes, agilitzant els processos.<\/li>\n<li><strong>Edici\u00f3 i adaptabilitat<\/strong>: Les imatges vectoritzades permeten realitzar modificacions f\u00e0cils i r\u00e0pides, com canviar colors, ajustar formes o corregir errors. Aix\u00f2 \u00e9s especialment \u00fatil per a adaptacions d&#8217;\u00faltima hora o personalitzacions segons les necessitats del client.<\/li>\n<\/ul>\n<h2>Casos pr\u00e0ctics d&#8217;\u00fas d&#8217;imatges vectoritzades<\/h2>\n<p>Explorem com les imatges vectoritzades milloren la identitat corporativa, el material promocional i les aplicacions en retolaci\u00f3, garantint una presentaci\u00f3 professional i efectiva en diversos suports.<\/p>\n<ul>\n<li><strong>Logotips i papereria corporativa<\/strong>: Un logotip vectoritzat assegura una qualitat uniforme en targetes de visita, sobres, cap\u00e7aleres i qualsevol altre element d&#8217;identitat corporativa.<\/li>\n<li><strong>Cartells i b\u00e0ners publicitaris<\/strong>: La claredat i nitidesa de les imatges vectoritzades s\u00f3n fonamentals perqu\u00e8 els missatges siguin llegibles fins i tot a grans dist\u00e0ncies.<\/li>\n<li><strong>Material promocional<\/strong>: Cat\u00e0legs i flyers que inclouen elements vectorials destaquen pel seu professionalisme i el seu atractiu visual.<\/li>\n<li><strong>Retolaci\u00f3 de vehicles i aparadors<\/strong>: Les gr\u00e0fiques vectorials permeten aplicar dissenys amb colors vius i l\u00ednies precises que capten l&#8217;atenci\u00f3 de potencials clients.<\/li>\n<\/ul>\n<h2>Consells per a un \u00e8xit assegurat en els teus projectes d&#8217;impressi\u00f3<\/h2>\n<p>Per a aconseguir un resultat excel\u00b7lent en qualsevol projecte d&#8217;impressi\u00f3, \u00e9s fonamental parar atenci\u00f3 als detalls clau des de l&#8217;inici. La qualitat dels teus arxius, l&#8217;elecci\u00f3 dels professionals adequats i la revisi\u00f3 acurada d&#8217;aspectes t\u00e8cnics abans de la impressi\u00f3 s\u00f3n factors que juguen un paper essencial en l&#8217;obtenci\u00f3 d&#8217;un producte final impecable. Amb aquests enfocaments, pots estar segur que el teu projecte ser\u00e0 un \u00e8xit rotund.<\/p>\n<ul>\n<li><strong>Assegura&#8217;t que els teus arxius estiguin en format vectorial<\/strong>: Aix\u00f2 evitar\u00e0 problemes de resoluci\u00f3 i qualitat durant la impressi\u00f3.<\/li>\n<li><strong>Treballa amb professionals<\/strong>: Col\u00b7labora amb una empresa d&#8217;impressi\u00f3 que comprengui la import\u00e0ncia de les imatges vectoritzades i disposi dels equips adequats per a garantir resultats impecables.<\/li>\n<li><strong>Verifica sempre els colors i les dimensions<\/strong>: Abans d&#8217;enviar els teus arxius a imprimir, revisa que els colors i la grand\u00e0ria final s&#8217;ajustin a les especificacions de la campanya.<\/li>\n<\/ul>\n<p>En Artyplan, ens assegurem que cada detall del teu projecte sigui perfecte. Treballar amb imatges vectoritzades \u00e9s la millor manera de garantir resultats d&#8217;alta qualitat, sense importar la grand\u00e0ria o tipus de material que necessitis.<\/p>\n<p><strong><a href=\"https:\/\/artyplan.com\/ca\/contacte\/\" target=\"_blank\" rel=\"noopener\">Contacta amb nosaltres per a m\u00e9s informaci\u00f3<\/a>!<\/strong><\/p>\n","protected":false},"excerpt":{"rendered":"<p>La qualitat del material impr\u00e8s \u00e9s crucial per a reflectir la identitat i el missatge d&#8217;una marca. Un dels aspectes t\u00e8cnics m\u00e9s importants per a garantir aquesta qualitat \u00e9s l&#8217;\u00fas d&#8217;imatges vectoritzades en impressi\u00f3. Aquest tipus d&#8217;imatges no sols millora el resultat visual, sin\u00f3 que tamb\u00e9 optimitza els processos de producci\u00f3 a impremtes. A continuaci\u00f3, [&hellip;]<\/p>\n","protected":false},"author":1,"featured_media":7547,"comment_status":"closed","ping_status":"closed","sticky":false,"template":"","format":"standard","meta":{"footnotes":""},"categories":[33],"tags":[],"class_list":["post-6070","post","type-post","status-publish","format-standard","has-post-thumbnail","hentry","category-noticies"],"yoast_head":"<!-- This site is optimized with the Yoast SEO plugin v27.4 - https:\/\/yoast.com\/product\/yoast-seo-wordpress\/ -->\n<title>La import\u00e0ncia de les imatges vectoritzades en impressi\u00f3 - Artyplan<\/title>\n<meta name=\"description\" content=\"Optimitza projectes amb imatges vectorizadas per a garantir qualitat. Mira com milloren nitidesa, flexibilitat i compatibilitat en la impressi\u00f3.\" \/>\n<meta name=\"robots\" content=\"noindex, follow, max-snippet:-1, max-image-preview:large, max-video-preview:-1\" \/>\n<meta property=\"og:locale\" content=\"ca_ES\" \/>\n<meta property=\"og:type\" content=\"article\" \/>\n<meta property=\"og:title\" content=\"La import\u00e0ncia de les imatges vectoritzades en impressi\u00f3 - Artyplan\" \/>\n<meta property=\"og:description\" content=\"Optimitza projectes amb imatges vectorizadas per a garantir qualitat. Mira com milloren nitidesa, flexibilitat i compatibilitat en la impressi\u00f3.\" \/>\n<meta property=\"og:url\" content=\"https:\/\/artyplanevents.com\/ca\/blog\/la-importancia-de-les-imatges-vectoritzades-en-impressio\/\" \/>\n<meta property=\"og:site_name\" content=\"Artyplan\" \/>\n<meta property=\"article:publisher\" content=\"https:\/\/www.facebook.com\/artyplan\" \/>\n<meta property=\"article:published_time\" content=\"2025-01-06T22:00:00+00:00\" \/>\n<meta property=\"article:modified_time\" content=\"2025-09-07T14:23:08+00:00\" \/>\n<meta property=\"og:image\" content=\"https:\/\/artyplanevents.com\/wp-content\/uploads\/2025\/09\/imagenes-vectorizadas-blog-scaled-1.jpg\" \/>\n\t<meta property=\"og:image:width\" content=\"2560\" \/>\n\t<meta property=\"og:image:height\" content=\"861\" \/>\n\t<meta property=\"og:image:type\" content=\"image\/jpeg\" \/>\n<meta name=\"author\" content=\"jcartagena\" \/>\n<meta name=\"twitter:card\" content=\"summary_large_image\" \/>\n<meta name=\"twitter:creator\" content=\"@artyplan\" \/>\n<meta name=\"twitter:site\" content=\"@artyplan\" \/>\n<meta name=\"twitter:label1\" content=\"Escrit per\" \/>\n\t<meta name=\"twitter:data1\" content=\"jcartagena\" \/>\n\t<meta name=\"twitter:label2\" content=\"Temps estimat de lectura\" \/>\n\t<meta name=\"twitter:data2\" content=\"4 minuts\" \/>\n<script type=\"application\/ld+json\" class=\"yoast-schema-graph\">{\"@context\":\"https:\\\/\\\/schema.org\",\"@graph\":[{\"@type\":\"Article\",\"@id\":\"https:\\\/\\\/artyplanevents.com\\\/ca\\\/blog\\\/la-importancia-de-les-imatges-vectoritzades-en-impressio\\\/#article\",\"isPartOf\":{\"@id\":\"https:\\\/\\\/artyplanevents.com\\\/ca\\\/blog\\\/la-importancia-de-les-imatges-vectoritzades-en-impressio\\\/\"},\"author\":{\"name\":\"jcartagena\",\"@id\":\"https:\\\/\\\/artyplanevents.com\\\/ca\\\/#\\\/schema\\\/person\\\/7e099d8fb4e2e75f604bce6a0026fc08\"},\"headline\":\"La import\u00e0ncia de les imatges vectoritzades en impressi\u00f3\",\"datePublished\":\"2025-01-06T22:00:00+00:00\",\"dateModified\":\"2025-09-07T14:23:08+00:00\",\"mainEntityOfPage\":{\"@id\":\"https:\\\/\\\/artyplanevents.com\\\/ca\\\/blog\\\/la-importancia-de-les-imatges-vectoritzades-en-impressio\\\/\"},\"wordCount\":924,\"publisher\":{\"@id\":\"https:\\\/\\\/artyplanevents.com\\\/ca\\\/#organization\"},\"image\":{\"@id\":\"https:\\\/\\\/artyplanevents.com\\\/ca\\\/blog\\\/la-importancia-de-les-imatges-vectoritzades-en-impressio\\\/#primaryimage\"},\"thumbnailUrl\":\"https:\\\/\\\/artyplanevents.com\\\/wp-content\\\/uploads\\\/2025\\\/09\\\/imagenes-vectorizadas-blog-scaled-1.jpg\",\"articleSection\":[\"Noticies\"],\"inLanguage\":\"ca\"},{\"@type\":\"WebPage\",\"@id\":\"https:\\\/\\\/artyplanevents.com\\\/ca\\\/blog\\\/la-importancia-de-les-imatges-vectoritzades-en-impressio\\\/\",\"url\":\"https:\\\/\\\/artyplanevents.com\\\/ca\\\/blog\\\/la-importancia-de-les-imatges-vectoritzades-en-impressio\\\/\",\"name\":\"La import\u00e0ncia de les imatges vectoritzades en impressi\u00f3 - Artyplan\",\"isPartOf\":{\"@id\":\"https:\\\/\\\/artyplanevents.com\\\/ca\\\/#website\"},\"primaryImageOfPage\":{\"@id\":\"https:\\\/\\\/artyplanevents.com\\\/ca\\\/blog\\\/la-importancia-de-les-imatges-vectoritzades-en-impressio\\\/#primaryimage\"},\"image\":{\"@id\":\"https:\\\/\\\/artyplanevents.com\\\/ca\\\/blog\\\/la-importancia-de-les-imatges-vectoritzades-en-impressio\\\/#primaryimage\"},\"thumbnailUrl\":\"https:\\\/\\\/artyplanevents.com\\\/wp-content\\\/uploads\\\/2025\\\/09\\\/imagenes-vectorizadas-blog-scaled-1.jpg\",\"datePublished\":\"2025-01-06T22:00:00+00:00\",\"dateModified\":\"2025-09-07T14:23:08+00:00\",\"description\":\"Optimitza projectes amb imatges vectorizadas per a garantir qualitat. Mira com milloren nitidesa, flexibilitat i compatibilitat en la impressi\u00f3.\",\"breadcrumb\":{\"@id\":\"https:\\\/\\\/artyplanevents.com\\\/ca\\\/blog\\\/la-importancia-de-les-imatges-vectoritzades-en-impressio\\\/#breadcrumb\"},\"inLanguage\":\"ca\",\"potentialAction\":[{\"@type\":\"ReadAction\",\"target\":[\"https:\\\/\\\/artyplanevents.com\\\/ca\\\/blog\\\/la-importancia-de-les-imatges-vectoritzades-en-impressio\\\/\"]}]},{\"@type\":\"ImageObject\",\"inLanguage\":\"ca\",\"@id\":\"https:\\\/\\\/artyplanevents.com\\\/ca\\\/blog\\\/la-importancia-de-les-imatges-vectoritzades-en-impressio\\\/#primaryimage\",\"url\":\"https:\\\/\\\/artyplanevents.com\\\/wp-content\\\/uploads\\\/2025\\\/09\\\/imagenes-vectorizadas-blog-scaled-1.jpg\",\"contentUrl\":\"https:\\\/\\\/artyplanevents.com\\\/wp-content\\\/uploads\\\/2025\\\/09\\\/imagenes-vectorizadas-blog-scaled-1.jpg\",\"width\":2560,\"height\":861,\"caption\":\"imagen vectorizada||extensiones imagen vectorizada\"},{\"@type\":\"BreadcrumbList\",\"@id\":\"https:\\\/\\\/artyplanevents.com\\\/ca\\\/blog\\\/la-importancia-de-les-imatges-vectoritzades-en-impressio\\\/#breadcrumb\",\"itemListElement\":[{\"@type\":\"ListItem\",\"position\":1,\"name\":\"Artyplan\",\"item\":\"https:\\\/\\\/artyplanevents.com\\\/ca\\\/\"},{\"@type\":\"ListItem\",\"position\":2,\"name\":\"La import\u00e0ncia de les imatges vectoritzades en impressi\u00f3\"}]},{\"@type\":\"WebSite\",\"@id\":\"https:\\\/\\\/artyplanevents.com\\\/ca\\\/#website\",\"url\":\"https:\\\/\\\/artyplanevents.com\\\/ca\\\/\",\"name\":\"Artyplan\",\"description\":\"\",\"publisher\":{\"@id\":\"https:\\\/\\\/artyplanevents.com\\\/ca\\\/#organization\"},\"potentialAction\":[{\"@type\":\"SearchAction\",\"target\":{\"@type\":\"EntryPoint\",\"urlTemplate\":\"https:\\\/\\\/artyplanevents.com\\\/ca\\\/?s={search_term_string}\"},\"query-input\":{\"@type\":\"PropertyValueSpecification\",\"valueRequired\":true,\"valueName\":\"search_term_string\"}}],\"inLanguage\":\"ca\"},{\"@type\":\"Organization\",\"@id\":\"https:\\\/\\\/artyplanevents.com\\\/ca\\\/#organization\",\"name\":\"Artyplan\",\"url\":\"https:\\\/\\\/artyplanevents.com\\\/ca\\\/\",\"logo\":{\"@type\":\"ImageObject\",\"inLanguage\":\"ca\",\"@id\":\"https:\\\/\\\/artyplanevents.com\\\/ca\\\/#\\\/schema\\\/logo\\\/image\\\/\",\"url\":\"https:\\\/\\\/preweb.artyplan.com\\\/wp-content\\\/uploads\\\/2025\\\/11\\\/Logo-artyplan-690x690-1.png\",\"contentUrl\":\"https:\\\/\\\/preweb.artyplan.com\\\/wp-content\\\/uploads\\\/2025\\\/11\\\/Logo-artyplan-690x690-1.png\",\"width\":690,\"height\":690,\"caption\":\"Artyplan\"},\"image\":{\"@id\":\"https:\\\/\\\/artyplanevents.com\\\/ca\\\/#\\\/schema\\\/logo\\\/image\\\/\"},\"sameAs\":[\"https:\\\/\\\/www.facebook.com\\\/artyplan\",\"https:\\\/\\\/x.com\\\/artyplan\"]},{\"@type\":\"Person\",\"@id\":\"https:\\\/\\\/artyplanevents.com\\\/ca\\\/#\\\/schema\\\/person\\\/7e099d8fb4e2e75f604bce6a0026fc08\",\"name\":\"jcartagena\",\"image\":{\"@type\":\"ImageObject\",\"inLanguage\":\"ca\",\"@id\":\"https:\\\/\\\/secure.gravatar.com\\\/avatar\\\/74b6898d9dd18bcd06e733678b696165da09bb7631730fd9477d49273abe408c?s=96&d=mm&r=g\",\"url\":\"https:\\\/\\\/secure.gravatar.com\\\/avatar\\\/74b6898d9dd18bcd06e733678b696165da09bb7631730fd9477d49273abe408c?s=96&d=mm&r=g\",\"contentUrl\":\"https:\\\/\\\/secure.gravatar.com\\\/avatar\\\/74b6898d9dd18bcd06e733678b696165da09bb7631730fd9477d49273abe408c?s=96&d=mm&r=g\",\"caption\":\"jcartagena\"},\"sameAs\":[\"https:\\\/\\\/preweb.artyplan.com\"],\"url\":\"https:\\\/\\\/artyplanevents.com\\\/ca\\\/author\\\/jcartagena\\\/\"}]}<\/script>\n<!-- \/ Yoast SEO plugin. -->","yoast_head_json":{"title":"La import\u00e0ncia de les imatges vectoritzades en impressi\u00f3 - Artyplan","description":"Optimitza projectes amb imatges vectorizadas per a garantir qualitat. Mira com milloren nitidesa, flexibilitat i compatibilitat en la impressi\u00f3.","robots":{"index":"noindex","follow":"follow","max-snippet":"max-snippet:-1","max-image-preview":"max-image-preview:large","max-video-preview":"max-video-preview:-1"},"og_locale":"ca_ES","og_type":"article","og_title":"La import\u00e0ncia de les imatges vectoritzades en impressi\u00f3 - Artyplan","og_description":"Optimitza projectes amb imatges vectorizadas per a garantir qualitat. Mira com milloren nitidesa, flexibilitat i compatibilitat en la impressi\u00f3.","og_url":"https:\/\/artyplanevents.com\/ca\/blog\/la-importancia-de-les-imatges-vectoritzades-en-impressio\/","og_site_name":"Artyplan","article_publisher":"https:\/\/www.facebook.com\/artyplan","article_published_time":"2025-01-06T22:00:00+00:00","article_modified_time":"2025-09-07T14:23:08+00:00","og_image":[{"width":2560,"height":861,"url":"https:\/\/artyplanevents.com\/wp-content\/uploads\/2025\/09\/imagenes-vectorizadas-blog-scaled-1.jpg","type":"image\/jpeg"}],"author":"jcartagena","twitter_card":"summary_large_image","twitter_creator":"@artyplan","twitter_site":"@artyplan","twitter_misc":{"Escrit per":"jcartagena","Temps estimat de lectura":"4 minuts"},"schema":{"@context":"https:\/\/schema.org","@graph":[{"@type":"Article","@id":"https:\/\/artyplanevents.com\/ca\/blog\/la-importancia-de-les-imatges-vectoritzades-en-impressio\/#article","isPartOf":{"@id":"https:\/\/artyplanevents.com\/ca\/blog\/la-importancia-de-les-imatges-vectoritzades-en-impressio\/"},"author":{"name":"jcartagena","@id":"https:\/\/artyplanevents.com\/ca\/#\/schema\/person\/7e099d8fb4e2e75f604bce6a0026fc08"},"headline":"La import\u00e0ncia de les imatges vectoritzades en impressi\u00f3","datePublished":"2025-01-06T22:00:00+00:00","dateModified":"2025-09-07T14:23:08+00:00","mainEntityOfPage":{"@id":"https:\/\/artyplanevents.com\/ca\/blog\/la-importancia-de-les-imatges-vectoritzades-en-impressio\/"},"wordCount":924,"publisher":{"@id":"https:\/\/artyplanevents.com\/ca\/#organization"},"image":{"@id":"https:\/\/artyplanevents.com\/ca\/blog\/la-importancia-de-les-imatges-vectoritzades-en-impressio\/#primaryimage"},"thumbnailUrl":"https:\/\/artyplanevents.com\/wp-content\/uploads\/2025\/09\/imagenes-vectorizadas-blog-scaled-1.jpg","articleSection":["Noticies"],"inLanguage":"ca"},{"@type":"WebPage","@id":"https:\/\/artyplanevents.com\/ca\/blog\/la-importancia-de-les-imatges-vectoritzades-en-impressio\/","url":"https:\/\/artyplanevents.com\/ca\/blog\/la-importancia-de-les-imatges-vectoritzades-en-impressio\/","name":"La import\u00e0ncia de les imatges vectoritzades en impressi\u00f3 - Artyplan","isPartOf":{"@id":"https:\/\/artyplanevents.com\/ca\/#website"},"primaryImageOfPage":{"@id":"https:\/\/artyplanevents.com\/ca\/blog\/la-importancia-de-les-imatges-vectoritzades-en-impressio\/#primaryimage"},"image":{"@id":"https:\/\/artyplanevents.com\/ca\/blog\/la-importancia-de-les-imatges-vectoritzades-en-impressio\/#primaryimage"},"thumbnailUrl":"https:\/\/artyplanevents.com\/wp-content\/uploads\/2025\/09\/imagenes-vectorizadas-blog-scaled-1.jpg","datePublished":"2025-01-06T22:00:00+00:00","dateModified":"2025-09-07T14:23:08+00:00","description":"Optimitza projectes amb imatges vectorizadas per a garantir qualitat. Mira com milloren nitidesa, flexibilitat i compatibilitat en la impressi\u00f3.","breadcrumb":{"@id":"https:\/\/artyplanevents.com\/ca\/blog\/la-importancia-de-les-imatges-vectoritzades-en-impressio\/#breadcrumb"},"inLanguage":"ca","potentialAction":[{"@type":"ReadAction","target":["https:\/\/artyplanevents.com\/ca\/blog\/la-importancia-de-les-imatges-vectoritzades-en-impressio\/"]}]},{"@type":"ImageObject","inLanguage":"ca","@id":"https:\/\/artyplanevents.com\/ca\/blog\/la-importancia-de-les-imatges-vectoritzades-en-impressio\/#primaryimage","url":"https:\/\/artyplanevents.com\/wp-content\/uploads\/2025\/09\/imagenes-vectorizadas-blog-scaled-1.jpg","contentUrl":"https:\/\/artyplanevents.com\/wp-content\/uploads\/2025\/09\/imagenes-vectorizadas-blog-scaled-1.jpg","width":2560,"height":861,"caption":"imagen vectorizada||extensiones imagen vectorizada"},{"@type":"BreadcrumbList","@id":"https:\/\/artyplanevents.com\/ca\/blog\/la-importancia-de-les-imatges-vectoritzades-en-impressio\/#breadcrumb","itemListElement":[{"@type":"ListItem","position":1,"name":"Artyplan","item":"https:\/\/artyplanevents.com\/ca\/"},{"@type":"ListItem","position":2,"name":"La import\u00e0ncia de les imatges vectoritzades en impressi\u00f3"}]},{"@type":"WebSite","@id":"https:\/\/artyplanevents.com\/ca\/#website","url":"https:\/\/artyplanevents.com\/ca\/","name":"Artyplan","description":"","publisher":{"@id":"https:\/\/artyplanevents.com\/ca\/#organization"},"potentialAction":[{"@type":"SearchAction","target":{"@type":"EntryPoint","urlTemplate":"https:\/\/artyplanevents.com\/ca\/?s={search_term_string}"},"query-input":{"@type":"PropertyValueSpecification","valueRequired":true,"valueName":"search_term_string"}}],"inLanguage":"ca"},{"@type":"Organization","@id":"https:\/\/artyplanevents.com\/ca\/#organization","name":"Artyplan","url":"https:\/\/artyplanevents.com\/ca\/","logo":{"@type":"ImageObject","inLanguage":"ca","@id":"https:\/\/artyplanevents.com\/ca\/#\/schema\/logo\/image\/","url":"https:\/\/preweb.artyplan.com\/wp-content\/uploads\/2025\/11\/Logo-artyplan-690x690-1.png","contentUrl":"https:\/\/preweb.artyplan.com\/wp-content\/uploads\/2025\/11\/Logo-artyplan-690x690-1.png","width":690,"height":690,"caption":"Artyplan"},"image":{"@id":"https:\/\/artyplanevents.com\/ca\/#\/schema\/logo\/image\/"},"sameAs":["https:\/\/www.facebook.com\/artyplan","https:\/\/x.com\/artyplan"]},{"@type":"Person","@id":"https:\/\/artyplanevents.com\/ca\/#\/schema\/person\/7e099d8fb4e2e75f604bce6a0026fc08","name":"jcartagena","image":{"@type":"ImageObject","inLanguage":"ca","@id":"https:\/\/secure.gravatar.com\/avatar\/74b6898d9dd18bcd06e733678b696165da09bb7631730fd9477d49273abe408c?s=96&d=mm&r=g","url":"https:\/\/secure.gravatar.com\/avatar\/74b6898d9dd18bcd06e733678b696165da09bb7631730fd9477d49273abe408c?s=96&d=mm&r=g","contentUrl":"https:\/\/secure.gravatar.com\/avatar\/74b6898d9dd18bcd06e733678b696165da09bb7631730fd9477d49273abe408c?s=96&d=mm&r=g","caption":"jcartagena"},"sameAs":["https:\/\/preweb.artyplan.com"],"url":"https:\/\/artyplanevents.com\/ca\/author\/jcartagena\/"}]}},"_links":{"self":[{"href":"https:\/\/artyplanevents.com\/ca\/wp-json\/wp\/v2\/posts\/6070","targetHints":{"allow":["GET"]}}],"collection":[{"href":"https:\/\/artyplanevents.com\/ca\/wp-json\/wp\/v2\/posts"}],"about":[{"href":"https:\/\/artyplanevents.com\/ca\/wp-json\/wp\/v2\/types\/post"}],"author":[{"embeddable":true,"href":"https:\/\/artyplanevents.com\/ca\/wp-json\/wp\/v2\/users\/1"}],"replies":[{"embeddable":true,"href":"https:\/\/artyplanevents.com\/ca\/wp-json\/wp\/v2\/comments?post=6070"}],"version-history":[{"count":7,"href":"https:\/\/artyplanevents.com\/ca\/wp-json\/wp\/v2\/posts\/6070\/revisions"}],"predecessor-version":[{"id":8056,"href":"https:\/\/artyplanevents.com\/ca\/wp-json\/wp\/v2\/posts\/6070\/revisions\/8056"}],"wp:featuredmedia":[{"embeddable":true,"href":"https:\/\/artyplanevents.com\/ca\/wp-json\/wp\/v2\/media\/7547"}],"wp:attachment":[{"href":"https:\/\/artyplanevents.com\/ca\/wp-json\/wp\/v2\/media?parent=6070"}],"wp:term":[{"taxonomy":"category","embeddable":true,"href":"https:\/\/artyplanevents.com\/ca\/wp-json\/wp\/v2\/categories?post=6070"},{"taxonomy":"post_tag","embeddable":true,"href":"https:\/\/artyplanevents.com\/ca\/wp-json\/wp\/v2\/tags?post=6070"}],"curies":[{"name":"wp","href":"https:\/\/api.w.org\/{rel}","templated":true}]}}