{"id":6076,"date":"2025-01-13T00:00:00","date_gmt":"2025-01-12T22:00:00","guid":{"rendered":"https:\/\/preweb.artyplan.com\/sin-categorizar\/tendencies-en-embalatge-2025-innovacio-funcionalitat-i-sostenibilitat\/"},"modified":"2025-09-07T16:23:16","modified_gmt":"2025-09-07T14:23:16","slug":"tendencies-en-embalatge-2025-innovacio-funcionalitat-i-sostenibilitat","status":"publish","type":"post","link":"https:\/\/artyplanevents.com\/ca\/blog\/tendencies-en-embalatge-2025-innovacio-funcionalitat-i-sostenibilitat\/","title":{"rendered":"Tend\u00e8ncies en Embalatge 2025: Innovaci\u00f3, funcionalitat i sostenibilitat"},"content":{"rendered":"<p>El disseny d&#8217;embalatge continua evolucionant, i l&#8217;any 2025 promet ser una etapa clau per a la ind\u00fastria. En un entorn on la sostenibilitat i la funcionalitat s\u00f3n essencials, l&#8217;embalatge ja no \u00e9s nom\u00e9s un embolcall per al producte, sin\u00f3 una extensi\u00f3 de la identitat de la marca i una eina poderosa per a connectar emocionalment amb el consumidor. A mesura que les expectatives del p\u00fablic creixen, les marques han d&#8217;adaptar-se a noves tend\u00e8ncies que busquen integrar innovaci\u00f3, efici\u00e8ncia i un comprom\u00eds amb el medi ambient.<\/p>\n<h2>Sostenibilitat com a pilar fonamental<\/h2>\n<p>L&#8217;embalatge sostenible no \u00e9s una moda passatgera; \u00e9s una exig\u00e8ncia del mercat. Els consumidors busquen envasos que respectin el medi ambient, per la qual cosa en 2025 veurem un augment en l&#8217;\u00fas de materials reciclats, biodegradables i compostables.<\/p>\n<p><strong>Consell<\/strong>: Considera implementar estrat\u00e8gies d&#8217;eco-disseny que redueixin el desaprofitament i optimitzin l&#8217;\u00fas de recursos. Les marques que integrin aquests materials en les seves estrat\u00e8gies d&#8217;embalatge no sols compliran amb les regulacions ambientals, sin\u00f3 que tamb\u00e9 reduiran la seva petjada de carboni mantenint la qualitat.<\/p>\n<h2>Transpar\u00e8ncia de la marca<\/h2>\n<p>En un entorn on els consumidors exigeixen cada vegada m\u00e9s informaci\u00f3 sobre els productes que adquireixen, la transpar\u00e8ncia en l&#8217;embalatge es torna crucial. Detalls com l&#8217;origen dels materials, l&#8217;impacte ambiental del producte i les certificacions ecol\u00f2giques seran destacats de manera clara i accessible.<\/p>\n<p><strong>Resultat<\/strong>: Una relaci\u00f3 m\u00e9s s\u00f2lida i transparent amb els clients que enfortir\u00e0 la imatge de marca.<\/p>\n<h2>Personalitzaci\u00f3 massiva<\/h2>\n<p>Amb la impressi\u00f3 digital, la personalitzaci\u00f3 massiva \u00e9s ara m\u00e9s accessible que mai. Els consumidors valoren els productes que se senten \u00fanics i alineats amb els seus gustos personals, creant una connexi\u00f3 amb la marca. L&#8217;embalatge personalitzat, amb missatges o dissenys adaptats a dates especials, esdeveniments o prefer\u00e8ncies individuals, enforteix el vincle entre la marca i el seu p\u00fablic.<\/p>\n<p><strong>Exemple<\/strong>: Empreses d&#8217;aliments i begudes ja estan oferint etiquetes personalitzades amb el nom del client o dissenys exclusius per a esdeveniments especials.<\/p>\n<h2>Minimalisme i disseny net<\/h2>\n<p>Menys \u00e9s m\u00e9s. L&#8217;est\u00e8tica minimalista, amb tipografies simples i paletes de colors neutres, continuar\u00e0 dominant en 2025. Aquest estil no sols transmet eleg\u00e0ncia i professionalitat, sin\u00f3 que tamb\u00e9 permet que els clients s&#8217;enfoquin en el missatge principal del producte.<\/p>\n<p>Els consumidors valoren envasos que transmetin autenticitat i qualitat sense elements visuals excessius. Aquest enfocament tamb\u00e9 ajuda a destacar el comprom\u00eds amb la sostenibilitat en reduir l&#8217;\u00fas de tintes i materials innecessaris.<\/p>\n<p><strong>Tend\u00e8ncia<\/strong>: Els envasos transparents o semitransparents tamb\u00e9 guanyen terreny, cosa que permet que el producte parli per si mateix.<\/p>\n<h2>Interactivitat i tecnologia intel\u00b7ligent<\/h2>\n<p>La integraci\u00f3 de tecnologies com a codis\u00a0QR,\u00a0NFC\u00a0i realitat augmentada (AR)\u00a0transformar\u00e0 l&#8217;embalatge en una experi\u00e8ncia interactiva. En 2025, els consumidors podran escanejar un codi per a obtenir informaci\u00f3 detallada sobre la tra\u00e7abilitat del producte, instruccions d&#8217;\u00fas o fins i tot participar en jocs i promocions.<\/p>\n<p>A m\u00e9s, l&#8217;\u00fas de sensors en els envasos que monitoren la frescor del producte o la seva temperatura pot ser un gran avantatge, especialment en sectors com l&#8217;alimentaci\u00f3 o la farmac\u00e8utica.<\/p>\n<p><strong>Avantatge<\/strong>: Aquesta tecnologia no sols millora l&#8217;experi\u00e8ncia del client, sin\u00f3 que tamb\u00e9 proporciona valuoses dades per a les marques. Major transpar\u00e8ncia i fidelitzaci\u00f3 del client mitjan\u00e7ant experi\u00e8ncies digitals personalitzades.<\/p>\n<h2>Storytelling\u00a0a trav\u00e9s de l&#8217;embalatge<\/h2>\n<p>L&#8217;env\u00e0s es converteix en una extensi\u00f3 de la hist\u00f2ria de la marca. En 2025, les empreses usaran el seu embalatge per a compartir missatges poderosos sobre els seus valors, processos de fabricaci\u00f3 o impacte social. Aix\u00f2 crea una connexi\u00f3 emocional amb els clients i refor\u00e7a la identitat de marca.<\/p>\n<p><strong>Exemple<\/strong>: Una marca de caf\u00e8 podria incloure en el seu env\u00e0s detallis sobre l&#8217;origen dels grans i les comunitats que els produeixen.<\/p>\n<h2>Conveni\u00e8ncia i funcionalitat<\/h2>\n<p>La funcionalitat en el disseny d&#8217;embalatges est\u00e0 evolucionant per a oferir experi\u00e8ncies m\u00e9s intu\u00eftives i c\u00f2modes. Per exemple, els envasos amb sistemes d&#8217;obertura f\u00e0cil, divisors interns o tancaments herm\u00e8tics milloraran l&#8217;experi\u00e8ncia de l&#8217;usuari. En 2025, veurem un auge en dissenys que prioritzen la conveni\u00e8ncia sense sacrificar l&#8217;est\u00e8tica.<\/p>\n<p><strong>Innovaci\u00f3<\/strong>: Borses amb sistemes de tancament herm\u00e8tic o envasos amb divisors interns per a separar diferents productes.<\/p>\n<h2>Economia circular i reutilitzaci\u00f3<img fetchpriority=\"high\" decoding=\"async\" class=\"size-medium wp-image-13921 alignright\" style=\"font-size: 16px;\" src=\"https:\/\/preweb.artyplan.com\/wp-content\/uploads\/2025\/09\/Packaging-economia-circular-scaled.jpg\" alt=\"packaging economia circular\" width=\"300\" height=\"168\" \/><\/h2>\n<p>L&#8217;economia circular est\u00e0 prenent protagonisme en el sector de l&#8217;embalatge. Els envasos reutilitzables i retornables s\u00f3n cada vegada m\u00e9s comuns, fomentant un model de negoci m\u00e9s sostenible. Cada vegada s\u00f3n m\u00e9s les empreses que estan implementant programes de devoluci\u00f3 i reciclatge d&#8217;envasos per a tancar el cicle de vida del producte.<\/p>\n<p><strong>Impacte positiu<\/strong>:\u00a0Estalvi en costos i millora de la percepci\u00f3 de la marca per part de consumidors ress\u00f2-conscients.<\/p>\n<p>El 2025 marcar\u00e0 un punt d&#8217;inflexi\u00f3 en el sector de l&#8217;embalatge. Les empreses que adoptin aquestes tend\u00e8ncies no sols es posicionaran com a l\u00edders en les seves respectives ind\u00fastries, sin\u00f3 que tamb\u00e9 contribuiran a un futur m\u00e9s sostenible.<\/p>\n<p>En\u00a0Artyplan, estem compromesos amb oferir <a href=\"https:\/\/artyplan.com\/ca\/productes-impressio\/packaging\/packaging-de-producte-i-mostraris\/\" target=\"_blank\" rel=\"noopener\">solucions d&#8217;embalatge<\/a> que combinen creativitat, funcionalitat i respecte pel medi ambient. Contacta&#8217;ns i descobreix com podem ajudar-te a destacar amb embalatges que marquin la difer\u00e8ncia!<\/p>\n","protected":false},"excerpt":{"rendered":"<p>El disseny d&#8217;embalatge continua evolucionant, i l&#8217;any 2025 promet ser una etapa clau per a la ind\u00fastria. En un entorn on la sostenibilitat i la funcionalitat s\u00f3n essencials, l&#8217;embalatge ja no \u00e9s nom\u00e9s un embolcall per al producte, sin\u00f3 una extensi\u00f3 de la identitat de la marca i una eina poderosa per a connectar emocionalment [&hellip;]<\/p>\n","protected":false},"author":1,"featured_media":7552,"comment_status":"closed","ping_status":"closed","sticky":false,"template":"","format":"standard","meta":{"footnotes":""},"categories":[34,33],"tags":[],"class_list":["post-6076","post","type-post","status-publish","format-standard","has-post-thumbnail","hentry","category-ecologic","category-noticies"],"yoast_head":"<!-- This site is optimized with the Yoast SEO plugin v27.4 - https:\/\/yoast.com\/product\/yoast-seo-wordpress\/ -->\n<title>Tend\u00e8ncies en embalatge | Artyplan<\/title>\n<meta name=\"description\" content=\"Tend\u00e8ncies en embalatge 2025: sostenibilitat, personalitzaci\u00f3, disseny minimalistes innovaci\u00f3 tecnol\u00f2gica. Millora la connexi\u00f3 amb clients.\" \/>\n<meta name=\"robots\" content=\"noindex, follow, max-snippet:-1, max-image-preview:large, max-video-preview:-1\" \/>\n<meta property=\"og:locale\" content=\"ca_ES\" \/>\n<meta property=\"og:type\" content=\"article\" \/>\n<meta property=\"og:title\" content=\"Tend\u00e8ncies en embalatge | Artyplan\" \/>\n<meta property=\"og:description\" content=\"Tend\u00e8ncies en embalatge 2025: sostenibilitat, personalitzaci\u00f3, disseny minimalistes innovaci\u00f3 tecnol\u00f2gica. Millora la connexi\u00f3 amb clients.\" \/>\n<meta property=\"og:url\" content=\"https:\/\/artyplanevents.com\/ca\/blog\/tendencies-en-embalatge-2025-innovacio-funcionalitat-i-sostenibilitat\/\" \/>\n<meta property=\"og:site_name\" content=\"Artyplan\" \/>\n<meta property=\"article:publisher\" content=\"https:\/\/www.facebook.com\/artyplan\" \/>\n<meta property=\"article:published_time\" content=\"2025-01-12T22:00:00+00:00\" \/>\n<meta property=\"article:modified_time\" content=\"2025-09-07T14:23:16+00:00\" \/>\n<meta property=\"og:image\" content=\"https:\/\/artyplanevents.com\/wp-content\/uploads\/2025\/09\/blog-packaging-qr.jpg\" \/>\n\t<meta property=\"og:image:width\" content=\"1920\" \/>\n\t<meta property=\"og:image:height\" content=\"600\" \/>\n\t<meta property=\"og:image:type\" content=\"image\/jpeg\" \/>\n<meta name=\"author\" content=\"jcartagena\" \/>\n<meta name=\"twitter:card\" content=\"summary_large_image\" \/>\n<meta name=\"twitter:creator\" content=\"@artyplan\" \/>\n<meta name=\"twitter:site\" content=\"@artyplan\" \/>\n<meta name=\"twitter:label1\" content=\"Escrit per\" \/>\n\t<meta name=\"twitter:data1\" content=\"jcartagena\" \/>\n\t<meta name=\"twitter:label2\" content=\"Temps estimat de lectura\" \/>\n\t<meta name=\"twitter:data2\" content=\"4 minuts\" \/>\n<script type=\"application\/ld+json\" class=\"yoast-schema-graph\">{\"@context\":\"https:\\\/\\\/schema.org\",\"@graph\":[{\"@type\":\"Article\",\"@id\":\"https:\\\/\\\/artyplanevents.com\\\/ca\\\/blog\\\/tendencies-en-embalatge-2025-innovacio-funcionalitat-i-sostenibilitat\\\/#article\",\"isPartOf\":{\"@id\":\"https:\\\/\\\/artyplanevents.com\\\/ca\\\/blog\\\/tendencies-en-embalatge-2025-innovacio-funcionalitat-i-sostenibilitat\\\/\"},\"author\":{\"name\":\"jcartagena\",\"@id\":\"https:\\\/\\\/artyplanevents.com\\\/ca\\\/#\\\/schema\\\/person\\\/7e099d8fb4e2e75f604bce6a0026fc08\"},\"headline\":\"Tend\u00e8ncies en Embalatge 2025: Innovaci\u00f3, funcionalitat i sostenibilitat\",\"datePublished\":\"2025-01-12T22:00:00+00:00\",\"dateModified\":\"2025-09-07T14:23:16+00:00\",\"mainEntityOfPage\":{\"@id\":\"https:\\\/\\\/artyplanevents.com\\\/ca\\\/blog\\\/tendencies-en-embalatge-2025-innovacio-funcionalitat-i-sostenibilitat\\\/\"},\"wordCount\":907,\"publisher\":{\"@id\":\"https:\\\/\\\/artyplanevents.com\\\/ca\\\/#organization\"},\"image\":{\"@id\":\"https:\\\/\\\/artyplanevents.com\\\/ca\\\/blog\\\/tendencies-en-embalatge-2025-innovacio-funcionalitat-i-sostenibilitat\\\/#primaryimage\"},\"thumbnailUrl\":\"https:\\\/\\\/artyplanevents.com\\\/wp-content\\\/uploads\\\/2025\\\/09\\\/blog-packaging-qr.jpg\",\"articleSection\":[\"Ecol\u00f2gic\",\"Noticies\"],\"inLanguage\":\"ca\"},{\"@type\":\"WebPage\",\"@id\":\"https:\\\/\\\/artyplanevents.com\\\/ca\\\/blog\\\/tendencies-en-embalatge-2025-innovacio-funcionalitat-i-sostenibilitat\\\/\",\"url\":\"https:\\\/\\\/artyplanevents.com\\\/ca\\\/blog\\\/tendencies-en-embalatge-2025-innovacio-funcionalitat-i-sostenibilitat\\\/\",\"name\":\"Tend\u00e8ncies en embalatge | Artyplan\",\"isPartOf\":{\"@id\":\"https:\\\/\\\/artyplanevents.com\\\/ca\\\/#website\"},\"primaryImageOfPage\":{\"@id\":\"https:\\\/\\\/artyplanevents.com\\\/ca\\\/blog\\\/tendencies-en-embalatge-2025-innovacio-funcionalitat-i-sostenibilitat\\\/#primaryimage\"},\"image\":{\"@id\":\"https:\\\/\\\/artyplanevents.com\\\/ca\\\/blog\\\/tendencies-en-embalatge-2025-innovacio-funcionalitat-i-sostenibilitat\\\/#primaryimage\"},\"thumbnailUrl\":\"https:\\\/\\\/artyplanevents.com\\\/wp-content\\\/uploads\\\/2025\\\/09\\\/blog-packaging-qr.jpg\",\"datePublished\":\"2025-01-12T22:00:00+00:00\",\"dateModified\":\"2025-09-07T14:23:16+00:00\",\"description\":\"Tend\u00e8ncies en embalatge 2025: sostenibilitat, personalitzaci\u00f3, disseny minimalistes innovaci\u00f3 tecnol\u00f2gica. Millora la connexi\u00f3 amb clients.\",\"breadcrumb\":{\"@id\":\"https:\\\/\\\/artyplanevents.com\\\/ca\\\/blog\\\/tendencies-en-embalatge-2025-innovacio-funcionalitat-i-sostenibilitat\\\/#breadcrumb\"},\"inLanguage\":\"ca\",\"potentialAction\":[{\"@type\":\"ReadAction\",\"target\":[\"https:\\\/\\\/artyplanevents.com\\\/ca\\\/blog\\\/tendencies-en-embalatge-2025-innovacio-funcionalitat-i-sostenibilitat\\\/\"]}]},{\"@type\":\"ImageObject\",\"inLanguage\":\"ca\",\"@id\":\"https:\\\/\\\/artyplanevents.com\\\/ca\\\/blog\\\/tendencies-en-embalatge-2025-innovacio-funcionalitat-i-sostenibilitat\\\/#primaryimage\",\"url\":\"https:\\\/\\\/artyplanevents.com\\\/wp-content\\\/uploads\\\/2025\\\/09\\\/blog-packaging-qr.jpg\",\"contentUrl\":\"https:\\\/\\\/artyplanevents.com\\\/wp-content\\\/uploads\\\/2025\\\/09\\\/blog-packaging-qr.jpg\",\"width\":1920,\"height\":600,\"caption\":\"packaging qr|packaging economia circular||\"},{\"@type\":\"BreadcrumbList\",\"@id\":\"https:\\\/\\\/artyplanevents.com\\\/ca\\\/blog\\\/tendencies-en-embalatge-2025-innovacio-funcionalitat-i-sostenibilitat\\\/#breadcrumb\",\"itemListElement\":[{\"@type\":\"ListItem\",\"position\":1,\"name\":\"Artyplan\",\"item\":\"https:\\\/\\\/artyplanevents.com\\\/ca\\\/\"},{\"@type\":\"ListItem\",\"position\":2,\"name\":\"Tend\u00e8ncies en Embalatge 2025: Innovaci\u00f3, funcionalitat i sostenibilitat\"}]},{\"@type\":\"WebSite\",\"@id\":\"https:\\\/\\\/artyplanevents.com\\\/ca\\\/#website\",\"url\":\"https:\\\/\\\/artyplanevents.com\\\/ca\\\/\",\"name\":\"Artyplan\",\"description\":\"\",\"publisher\":{\"@id\":\"https:\\\/\\\/artyplanevents.com\\\/ca\\\/#organization\"},\"potentialAction\":[{\"@type\":\"SearchAction\",\"target\":{\"@type\":\"EntryPoint\",\"urlTemplate\":\"https:\\\/\\\/artyplanevents.com\\\/ca\\\/?s={search_term_string}\"},\"query-input\":{\"@type\":\"PropertyValueSpecification\",\"valueRequired\":true,\"valueName\":\"search_term_string\"}}],\"inLanguage\":\"ca\"},{\"@type\":\"Organization\",\"@id\":\"https:\\\/\\\/artyplanevents.com\\\/ca\\\/#organization\",\"name\":\"Artyplan\",\"url\":\"https:\\\/\\\/artyplanevents.com\\\/ca\\\/\",\"logo\":{\"@type\":\"ImageObject\",\"inLanguage\":\"ca\",\"@id\":\"https:\\\/\\\/artyplanevents.com\\\/ca\\\/#\\\/schema\\\/logo\\\/image\\\/\",\"url\":\"https:\\\/\\\/preweb.artyplan.com\\\/wp-content\\\/uploads\\\/2025\\\/11\\\/Logo-artyplan-690x690-1.png\",\"contentUrl\":\"https:\\\/\\\/preweb.artyplan.com\\\/wp-content\\\/uploads\\\/2025\\\/11\\\/Logo-artyplan-690x690-1.png\",\"width\":690,\"height\":690,\"caption\":\"Artyplan\"},\"image\":{\"@id\":\"https:\\\/\\\/artyplanevents.com\\\/ca\\\/#\\\/schema\\\/logo\\\/image\\\/\"},\"sameAs\":[\"https:\\\/\\\/www.facebook.com\\\/artyplan\",\"https:\\\/\\\/x.com\\\/artyplan\"]},{\"@type\":\"Person\",\"@id\":\"https:\\\/\\\/artyplanevents.com\\\/ca\\\/#\\\/schema\\\/person\\\/7e099d8fb4e2e75f604bce6a0026fc08\",\"name\":\"jcartagena\",\"image\":{\"@type\":\"ImageObject\",\"inLanguage\":\"ca\",\"@id\":\"https:\\\/\\\/secure.gravatar.com\\\/avatar\\\/74b6898d9dd18bcd06e733678b696165da09bb7631730fd9477d49273abe408c?s=96&d=mm&r=g\",\"url\":\"https:\\\/\\\/secure.gravatar.com\\\/avatar\\\/74b6898d9dd18bcd06e733678b696165da09bb7631730fd9477d49273abe408c?s=96&d=mm&r=g\",\"contentUrl\":\"https:\\\/\\\/secure.gravatar.com\\\/avatar\\\/74b6898d9dd18bcd06e733678b696165da09bb7631730fd9477d49273abe408c?s=96&d=mm&r=g\",\"caption\":\"jcartagena\"},\"sameAs\":[\"https:\\\/\\\/preweb.artyplan.com\"],\"url\":\"https:\\\/\\\/artyplanevents.com\\\/ca\\\/author\\\/jcartagena\\\/\"}]}<\/script>\n<!-- \/ Yoast SEO plugin. -->","yoast_head_json":{"title":"Tend\u00e8ncies en embalatge | Artyplan","description":"Tend\u00e8ncies en embalatge 2025: sostenibilitat, personalitzaci\u00f3, disseny minimalistes innovaci\u00f3 tecnol\u00f2gica. Millora la connexi\u00f3 amb clients.","robots":{"index":"noindex","follow":"follow","max-snippet":"max-snippet:-1","max-image-preview":"max-image-preview:large","max-video-preview":"max-video-preview:-1"},"og_locale":"ca_ES","og_type":"article","og_title":"Tend\u00e8ncies en embalatge | Artyplan","og_description":"Tend\u00e8ncies en embalatge 2025: sostenibilitat, personalitzaci\u00f3, disseny minimalistes innovaci\u00f3 tecnol\u00f2gica. Millora la connexi\u00f3 amb clients.","og_url":"https:\/\/artyplanevents.com\/ca\/blog\/tendencies-en-embalatge-2025-innovacio-funcionalitat-i-sostenibilitat\/","og_site_name":"Artyplan","article_publisher":"https:\/\/www.facebook.com\/artyplan","article_published_time":"2025-01-12T22:00:00+00:00","article_modified_time":"2025-09-07T14:23:16+00:00","og_image":[{"width":1920,"height":600,"url":"https:\/\/artyplanevents.com\/wp-content\/uploads\/2025\/09\/blog-packaging-qr.jpg","type":"image\/jpeg"}],"author":"jcartagena","twitter_card":"summary_large_image","twitter_creator":"@artyplan","twitter_site":"@artyplan","twitter_misc":{"Escrit per":"jcartagena","Temps estimat de lectura":"4 minuts"},"schema":{"@context":"https:\/\/schema.org","@graph":[{"@type":"Article","@id":"https:\/\/artyplanevents.com\/ca\/blog\/tendencies-en-embalatge-2025-innovacio-funcionalitat-i-sostenibilitat\/#article","isPartOf":{"@id":"https:\/\/artyplanevents.com\/ca\/blog\/tendencies-en-embalatge-2025-innovacio-funcionalitat-i-sostenibilitat\/"},"author":{"name":"jcartagena","@id":"https:\/\/artyplanevents.com\/ca\/#\/schema\/person\/7e099d8fb4e2e75f604bce6a0026fc08"},"headline":"Tend\u00e8ncies en Embalatge 2025: Innovaci\u00f3, funcionalitat i sostenibilitat","datePublished":"2025-01-12T22:00:00+00:00","dateModified":"2025-09-07T14:23:16+00:00","mainEntityOfPage":{"@id":"https:\/\/artyplanevents.com\/ca\/blog\/tendencies-en-embalatge-2025-innovacio-funcionalitat-i-sostenibilitat\/"},"wordCount":907,"publisher":{"@id":"https:\/\/artyplanevents.com\/ca\/#organization"},"image":{"@id":"https:\/\/artyplanevents.com\/ca\/blog\/tendencies-en-embalatge-2025-innovacio-funcionalitat-i-sostenibilitat\/#primaryimage"},"thumbnailUrl":"https:\/\/artyplanevents.com\/wp-content\/uploads\/2025\/09\/blog-packaging-qr.jpg","articleSection":["Ecol\u00f2gic","Noticies"],"inLanguage":"ca"},{"@type":"WebPage","@id":"https:\/\/artyplanevents.com\/ca\/blog\/tendencies-en-embalatge-2025-innovacio-funcionalitat-i-sostenibilitat\/","url":"https:\/\/artyplanevents.com\/ca\/blog\/tendencies-en-embalatge-2025-innovacio-funcionalitat-i-sostenibilitat\/","name":"Tend\u00e8ncies en embalatge | Artyplan","isPartOf":{"@id":"https:\/\/artyplanevents.com\/ca\/#website"},"primaryImageOfPage":{"@id":"https:\/\/artyplanevents.com\/ca\/blog\/tendencies-en-embalatge-2025-innovacio-funcionalitat-i-sostenibilitat\/#primaryimage"},"image":{"@id":"https:\/\/artyplanevents.com\/ca\/blog\/tendencies-en-embalatge-2025-innovacio-funcionalitat-i-sostenibilitat\/#primaryimage"},"thumbnailUrl":"https:\/\/artyplanevents.com\/wp-content\/uploads\/2025\/09\/blog-packaging-qr.jpg","datePublished":"2025-01-12T22:00:00+00:00","dateModified":"2025-09-07T14:23:16+00:00","description":"Tend\u00e8ncies en embalatge 2025: sostenibilitat, personalitzaci\u00f3, disseny minimalistes innovaci\u00f3 tecnol\u00f2gica. Millora la connexi\u00f3 amb clients.","breadcrumb":{"@id":"https:\/\/artyplanevents.com\/ca\/blog\/tendencies-en-embalatge-2025-innovacio-funcionalitat-i-sostenibilitat\/#breadcrumb"},"inLanguage":"ca","potentialAction":[{"@type":"ReadAction","target":["https:\/\/artyplanevents.com\/ca\/blog\/tendencies-en-embalatge-2025-innovacio-funcionalitat-i-sostenibilitat\/"]}]},{"@type":"ImageObject","inLanguage":"ca","@id":"https:\/\/artyplanevents.com\/ca\/blog\/tendencies-en-embalatge-2025-innovacio-funcionalitat-i-sostenibilitat\/#primaryimage","url":"https:\/\/artyplanevents.com\/wp-content\/uploads\/2025\/09\/blog-packaging-qr.jpg","contentUrl":"https:\/\/artyplanevents.com\/wp-content\/uploads\/2025\/09\/blog-packaging-qr.jpg","width":1920,"height":600,"caption":"packaging qr|packaging economia circular||"},{"@type":"BreadcrumbList","@id":"https:\/\/artyplanevents.com\/ca\/blog\/tendencies-en-embalatge-2025-innovacio-funcionalitat-i-sostenibilitat\/#breadcrumb","itemListElement":[{"@type":"ListItem","position":1,"name":"Artyplan","item":"https:\/\/artyplanevents.com\/ca\/"},{"@type":"ListItem","position":2,"name":"Tend\u00e8ncies en Embalatge 2025: Innovaci\u00f3, funcionalitat i sostenibilitat"}]},{"@type":"WebSite","@id":"https:\/\/artyplanevents.com\/ca\/#website","url":"https:\/\/artyplanevents.com\/ca\/","name":"Artyplan","description":"","publisher":{"@id":"https:\/\/artyplanevents.com\/ca\/#organization"},"potentialAction":[{"@type":"SearchAction","target":{"@type":"EntryPoint","urlTemplate":"https:\/\/artyplanevents.com\/ca\/?s={search_term_string}"},"query-input":{"@type":"PropertyValueSpecification","valueRequired":true,"valueName":"search_term_string"}}],"inLanguage":"ca"},{"@type":"Organization","@id":"https:\/\/artyplanevents.com\/ca\/#organization","name":"Artyplan","url":"https:\/\/artyplanevents.com\/ca\/","logo":{"@type":"ImageObject","inLanguage":"ca","@id":"https:\/\/artyplanevents.com\/ca\/#\/schema\/logo\/image\/","url":"https:\/\/preweb.artyplan.com\/wp-content\/uploads\/2025\/11\/Logo-artyplan-690x690-1.png","contentUrl":"https:\/\/preweb.artyplan.com\/wp-content\/uploads\/2025\/11\/Logo-artyplan-690x690-1.png","width":690,"height":690,"caption":"Artyplan"},"image":{"@id":"https:\/\/artyplanevents.com\/ca\/#\/schema\/logo\/image\/"},"sameAs":["https:\/\/www.facebook.com\/artyplan","https:\/\/x.com\/artyplan"]},{"@type":"Person","@id":"https:\/\/artyplanevents.com\/ca\/#\/schema\/person\/7e099d8fb4e2e75f604bce6a0026fc08","name":"jcartagena","image":{"@type":"ImageObject","inLanguage":"ca","@id":"https:\/\/secure.gravatar.com\/avatar\/74b6898d9dd18bcd06e733678b696165da09bb7631730fd9477d49273abe408c?s=96&d=mm&r=g","url":"https:\/\/secure.gravatar.com\/avatar\/74b6898d9dd18bcd06e733678b696165da09bb7631730fd9477d49273abe408c?s=96&d=mm&r=g","contentUrl":"https:\/\/secure.gravatar.com\/avatar\/74b6898d9dd18bcd06e733678b696165da09bb7631730fd9477d49273abe408c?s=96&d=mm&r=g","caption":"jcartagena"},"sameAs":["https:\/\/preweb.artyplan.com"],"url":"https:\/\/artyplanevents.com\/ca\/author\/jcartagena\/"}]}},"_links":{"self":[{"href":"https:\/\/artyplanevents.com\/ca\/wp-json\/wp\/v2\/posts\/6076","targetHints":{"allow":["GET"]}}],"collection":[{"href":"https:\/\/artyplanevents.com\/ca\/wp-json\/wp\/v2\/posts"}],"about":[{"href":"https:\/\/artyplanevents.com\/ca\/wp-json\/wp\/v2\/types\/post"}],"author":[{"embeddable":true,"href":"https:\/\/artyplanevents.com\/ca\/wp-json\/wp\/v2\/users\/1"}],"replies":[{"embeddable":true,"href":"https:\/\/artyplanevents.com\/ca\/wp-json\/wp\/v2\/comments?post=6076"}],"version-history":[{"count":7,"href":"https:\/\/artyplanevents.com\/ca\/wp-json\/wp\/v2\/posts\/6076\/revisions"}],"predecessor-version":[{"id":8060,"href":"https:\/\/artyplanevents.com\/ca\/wp-json\/wp\/v2\/posts\/6076\/revisions\/8060"}],"wp:featuredmedia":[{"embeddable":true,"href":"https:\/\/artyplanevents.com\/ca\/wp-json\/wp\/v2\/media\/7552"}],"wp:attachment":[{"href":"https:\/\/artyplanevents.com\/ca\/wp-json\/wp\/v2\/media?parent=6076"}],"wp:term":[{"taxonomy":"category","embeddable":true,"href":"https:\/\/artyplanevents.com\/ca\/wp-json\/wp\/v2\/categories?post=6076"},{"taxonomy":"post_tag","embeddable":true,"href":"https:\/\/artyplanevents.com\/ca\/wp-json\/wp\/v2\/tags?post=6076"}],"curies":[{"name":"wp","href":"https:\/\/api.w.org\/{rel}","templated":true}]}}