{"id":6088,"date":"2025-01-27T00:00:00","date_gmt":"2025-01-26T22:00:00","guid":{"rendered":"https:\/\/preweb.artyplan.com\/sin-categorizar\/checklist-que-tenir-en-compte-en-personalitzar-material-corporatiu-per-a-esdeveniments\/"},"modified":"2025-09-07T16:23:30","modified_gmt":"2025-09-07T14:23:30","slug":"checklist-que-tenir-en-compte-en-personalitzar-material-corporatiu-per-a-esdeveniments","status":"publish","type":"post","link":"https:\/\/artyplanevents.com\/ca\/blog\/checklist-que-tenir-en-compte-en-personalitzar-material-corporatiu-per-a-esdeveniments\/","title":{"rendered":"Checklist: Qu\u00e8 tenir en compte en personalitzar material corporatiu per a esdeveniments"},"content":{"rendered":"<p>Hem vist com la passada setmana, ha iniciat la temporada d&#8217;esdeveniments i fires, com FITUR. Amb l&#8217;arribada de la primavera vindran uns altres com el <strong>Mobile\u00a0World\u00a0Congress\u00a0<\/strong>o el <strong>Sal\u00f3 de l&#8217;Ensenyament<\/strong>. Aquestes fires representen una gran oportunitat perqu\u00e8 les empreses reforcin la seva imatge de marca a trav\u00e9s de material corporatiu personalitzat. Per a assegurar-te que el teu material impr\u00e8s sigui efectiu i memorable, segueix aquesta checklist:<\/p>\n<ol>\n<li>\n<h2><strong>Definir objectius i p\u00fablic objectiu<\/strong><\/h2>\n<\/li>\n<\/ol>\n<p>Abans de personalitzar qualsevol material, \u00e9s fonamental identificar:<\/p>\n<ul>\n<li>Quina imatge vols projectar.<\/li>\n<li>A quin tipus de clients et dirigeixes (B2B, B2C, startups, corporacions, etc.).<\/li>\n<li>Quin \u00e9s el missatge principal que vols transmetre.<\/li>\n<\/ul>\n<ol start=\"2\">\n<li>\n<h2><strong> Seleccionar els materials adequats<\/strong><\/h2>\n<\/li>\n<\/ol>\n<p data-pm-slice=\"1 1 []\">El tipus de material corporatiu que tri\u00efs ha d&#8217;adaptar-se a la naturalesa de l&#8217;esdeveniment i al perfil del p\u00fablic assistent. Un material ben seleccionat no sols millora l&#8217;experi\u00e8ncia del visitant, sin\u00f3 que tamb\u00e9 refor\u00e7a la identitat de la teva marca de manera efectiva.<\/p>\n<p><img fetchpriority=\"high\" decoding=\"async\" class=\"size-medium wp-image-13979 alignright\" src=\"https:\/\/preweb.artyplan.com\/wp-content\/uploads\/2025\/09\/flyers-corporativos-feria-scaled.jpeg\" alt=\"flyers corporativos feria\" width=\"300\" height=\"200\" \/><\/p>\n<ul>\n<li><a href=\"https:\/\/artyplan.com\/ca\/productes-impressio\/serveis-dimpressio-de-petit-format\/papereria-corporativa\/targetes\/\" target=\"_blank\" rel=\"noopener\"><strong>Targetes de presentaci\u00f3<\/strong><\/a>: Personalitzades amb acabats pr\u00e8mium com a vern\u00eds selectiu o relleu.<\/li>\n<li><strong><a href=\"https:\/\/artyplan.com\/ca\/productes-impressio\/serveis-dimpressio-de-petit-format\/impressio-comercial\/fulletons\/\" target=\"_blank\" rel=\"noopener\">Flyers<\/a> i Cat\u00e0legs<\/strong>: Per a presentar productes o serveis de manera clara i atractiva.<\/li>\n<li><strong>Blocs de notes i bol\u00edgrafs personalitzats:<\/strong> Regals \u00fatils que reforcen la identitat de la marca.<\/li>\n<li><strong>Stickers i adhesius<\/strong>: Ideals per a generar interaccions i refor\u00e7ar la imatge visual de l&#8217;empresa.<\/li>\n<\/ul>\n<ol start=\"3\">\n<li>\n<h2><strong>Disseny atractiu i consistent amb la identitat corporativa<\/strong><\/h2>\n<\/li>\n<\/ol>\n<p data-pm-slice=\"1 1 []\">Un disseny ben pensat no sols crida l&#8217;atenci\u00f3, sin\u00f3 que tamb\u00e9 transmet professionalisme i refor\u00e7a el reconeixement de marca. \u00c9s important mantenir una coher\u00e8ncia visual que faciliti la identificaci\u00f3 de la teva empresa en qualsevol material corporatiu.<\/p>\n<ul>\n<li>Usa colors, tipografies i gr\u00e0fics alineats amb la teva identitat visual.<\/li>\n<li>Assegura&#8217;t que el logo i els missatges clau siguin clarament visibles.<\/li>\n<li>Mantingues un disseny net i f\u00e0cil de llegir.<\/li>\n<li>Si l&#8217;esdeveniment t\u00e9 una tem\u00e0tica espec\u00edfica, adapta&#8217;t sense perdre l&#8217;ess\u00e8ncia de la marca.<\/li>\n<\/ul>\n<ol start=\"4\">\n<li>\n<h2><strong>Sostenibilitat i responsabilitat ambiental<\/strong><\/h2>\n<\/li>\n<\/ol>\n<p data-pm-slice=\"1 1 []\">En un m\u00f3n cada vegada m\u00e9s conscient de l&#8217;impacte ambiental, optar per solucions sostenibles no sols millora la imatge de l&#8217;empresa, sin\u00f3 que tamb\u00e9 respon a les exig\u00e8ncies de molts esdeveniments que busquen reduir la seva petjada ecol\u00f2gica.<\/p>\n<ul>\n<li>Materials reciclats o reciclables.<\/li>\n<li>\u00das de tintes ecol\u00f2giques.<\/li>\n<li>Evitar l&#8217;exc\u00e9s de pl\u00e0stics en embalatge.<\/li>\n<\/ul>\n<ol start=\"5\">\n<li>\n<h2><strong>Producci\u00f3 i log\u00edstica<\/strong><\/h2>\n<\/li>\n<\/ol>\n<p data-pm-slice=\"1 1 []\">Planificar la producci\u00f3 i log\u00edstica amb antelaci\u00f3 garanteix que el material corporatiu arribi a temps i en perfectes condicions. A m\u00e9s, una gesti\u00f3 eficient evita desaprofitaments innecessaris i optimitza recursos.<\/p>\n<ul>\n<li>Calcula les quantitats necess\u00e0ries per a evitar desaprofitaments.<\/li>\n<li>Confirma els terminis de lliurament amb el teu prove\u00efdor d&#8217;impressi\u00f3.<\/li>\n<li>Assegura&#8217;t que els materials siguin f\u00e0cils de transportar i emmagatzemar.<\/li>\n<\/ul>\n<ol start=\"6\">\n<li>\n<h2><strong>Interactivitat i elements digitals<\/strong><\/h2>\n<\/li>\n<\/ol>\n<p data-pm-slice=\"1 1 []\">Per a fer que el teu material impr\u00e8s sigui encara m\u00e9s efectiu, incorpora elements digitals que fomentin la interacci\u00f3. Aquestes eines poden enriquir l&#8217;experi\u00e8ncia de l&#8217;usuari i generar un major impacte.<\/p>\n<ul>\n<li><strong>Codis\u00a0QR<\/strong> en flyers o targetes de visita per a dirigir a una web o v\u00eddeo.<\/li>\n<li><strong>Realitat augmentada<\/strong> en cat\u00e0legs per a oferir experi\u00e8ncies interactives.<\/li>\n<li><strong>Cupons o sortejos digitals<\/strong> per a incentivar la participaci\u00f3 dels assistents.<\/li>\n<\/ul>\n<ol start=\"7\">\n<li>\n<h2><strong> Avaluaci\u00f3 post-esdeveniment<\/strong><\/h2>\n<\/li>\n<\/ol>\n<p data-pm-slice=\"1 1 []\">Una vegada finalitzat l&#8217;esdeveniment, \u00e9s crucial avaluar el rendiment del teu material corporatiu. Analitzar la seva efectivitat et permetr\u00e0 millorar futures accions i optimitzar recursos.<\/p>\n<ul>\n<li>Quins elements van ser m\u00e9s efectius?<\/li>\n<li>Vas rebre feedback positiu sobre el disseny o qualitat?<\/li>\n<li>Va haver-hi suficient estoc o va sobrar massa material?<\/li>\n<\/ul>\n<p>Personalitzar material corporatiu per a esdeveniments de primavera \u00e9s una estrat\u00e8gia clau per a destacar entre la compet\u00e8ncia. Seguint aquesta\u00a0checklist, la teva empresa podr\u00e0 assegurar-se de comptar amb materials ben dissenyats, sostenibles i estrat\u00e8gics que maximitzin la visibilitat de la marca en esdeveniments com el\u00a0<strong>Mobile\u00a0World\u00a0Congress<\/strong>\u00a0o el <strong>Sal\u00f3 de l&#8217;Ensenyament<\/strong>.<\/p>\n","protected":false},"excerpt":{"rendered":"<p>Hem vist com la passada setmana, ha iniciat la temporada d&#8217;esdeveniments i fires, com FITUR. Amb l&#8217;arribada de la primavera vindran uns altres com el Mobile\u00a0World\u00a0Congress\u00a0o el Sal\u00f3 de l&#8217;Ensenyament. Aquestes fires representen una gran oportunitat perqu\u00e8 les empreses reforcin la seva imatge de marca a trav\u00e9s de material corporatiu personalitzat. Per a assegurar-te que [&hellip;]<\/p>\n","protected":false},"author":1,"featured_media":7562,"comment_status":"closed","ping_status":"closed","sticky":false,"template":"","format":"standard","meta":{"footnotes":""},"categories":[34,33],"tags":[],"class_list":["post-6088","post","type-post","status-publish","format-standard","has-post-thumbnail","hentry","category-ecologic","category-noticies"],"yoast_head":"<!-- This site is optimized with the Yoast SEO plugin v27.4 - https:\/\/yoast.com\/product\/yoast-seo-wordpress\/ -->\n<title>Material corporatiu personalitzat per a esdeveniments | Artyplan<\/title>\n<meta name=\"description\" content=\"Personalitza material corporatiu per a esdeveniments com el Mobile World Congress i el Va salar de l&#039;Ensenyament. Checklist per a crear-los amb impacte.\" \/>\n<meta name=\"robots\" content=\"noindex, follow, max-snippet:-1, max-image-preview:large, max-video-preview:-1\" \/>\n<meta property=\"og:locale\" content=\"ca_ES\" \/>\n<meta property=\"og:type\" content=\"article\" \/>\n<meta property=\"og:title\" content=\"Material corporatiu personalitzat per a esdeveniments | Artyplan\" \/>\n<meta property=\"og:description\" content=\"Personalitza material corporatiu per a esdeveniments com el Mobile World Congress i el Va salar de l&#039;Ensenyament. Checklist per a crear-los amb impacte.\" \/>\n<meta property=\"og:url\" content=\"https:\/\/artyplanevents.com\/ca\/blog\/checklist-que-tenir-en-compte-en-personalitzar-material-corporatiu-per-a-esdeveniments\/\" \/>\n<meta property=\"og:site_name\" content=\"Artyplan\" \/>\n<meta property=\"article:publisher\" content=\"https:\/\/www.facebook.com\/artyplan\" \/>\n<meta property=\"article:published_time\" content=\"2025-01-26T22:00:00+00:00\" \/>\n<meta property=\"article:modified_time\" content=\"2025-09-07T14:23:30+00:00\" \/>\n<meta property=\"og:image\" content=\"https:\/\/artyplanevents.com\/wp-content\/uploads\/2025\/09\/material-corporativo-blog.png\" \/>\n\t<meta property=\"og:image:width\" content=\"1920\" \/>\n\t<meta property=\"og:image:height\" content=\"600\" \/>\n\t<meta property=\"og:image:type\" content=\"image\/png\" \/>\n<meta name=\"author\" content=\"jcartagena\" \/>\n<meta name=\"twitter:card\" content=\"summary_large_image\" \/>\n<meta name=\"twitter:creator\" content=\"@artyplan\" \/>\n<meta name=\"twitter:site\" content=\"@artyplan\" \/>\n<meta name=\"twitter:label1\" content=\"Escrit per\" \/>\n\t<meta name=\"twitter:data1\" content=\"jcartagena\" \/>\n\t<meta name=\"twitter:label2\" content=\"Temps estimat de lectura\" \/>\n\t<meta name=\"twitter:data2\" content=\"3 minuts\" \/>\n<script type=\"application\/ld+json\" class=\"yoast-schema-graph\">{\"@context\":\"https:\\\/\\\/schema.org\",\"@graph\":[{\"@type\":\"Article\",\"@id\":\"https:\\\/\\\/artyplanevents.com\\\/ca\\\/blog\\\/checklist-que-tenir-en-compte-en-personalitzar-material-corporatiu-per-a-esdeveniments\\\/#article\",\"isPartOf\":{\"@id\":\"https:\\\/\\\/artyplanevents.com\\\/ca\\\/blog\\\/checklist-que-tenir-en-compte-en-personalitzar-material-corporatiu-per-a-esdeveniments\\\/\"},\"author\":{\"name\":\"jcartagena\",\"@id\":\"https:\\\/\\\/artyplanevents.com\\\/ca\\\/#\\\/schema\\\/person\\\/7e099d8fb4e2e75f604bce6a0026fc08\"},\"headline\":\"Checklist: Qu\u00e8 tenir en compte en personalitzar material corporatiu per a esdeveniments\",\"datePublished\":\"2025-01-26T22:00:00+00:00\",\"dateModified\":\"2025-09-07T14:23:30+00:00\",\"mainEntityOfPage\":{\"@id\":\"https:\\\/\\\/artyplanevents.com\\\/ca\\\/blog\\\/checklist-que-tenir-en-compte-en-personalitzar-material-corporatiu-per-a-esdeveniments\\\/\"},\"wordCount\":668,\"publisher\":{\"@id\":\"https:\\\/\\\/artyplanevents.com\\\/ca\\\/#organization\"},\"image\":{\"@id\":\"https:\\\/\\\/artyplanevents.com\\\/ca\\\/blog\\\/checklist-que-tenir-en-compte-en-personalitzar-material-corporatiu-per-a-esdeveniments\\\/#primaryimage\"},\"thumbnailUrl\":\"https:\\\/\\\/artyplanevents.com\\\/wp-content\\\/uploads\\\/2025\\\/09\\\/material-corporativo-blog.png\",\"articleSection\":[\"Ecol\u00f2gic\",\"Noticies\"],\"inLanguage\":\"ca\"},{\"@type\":\"WebPage\",\"@id\":\"https:\\\/\\\/artyplanevents.com\\\/ca\\\/blog\\\/checklist-que-tenir-en-compte-en-personalitzar-material-corporatiu-per-a-esdeveniments\\\/\",\"url\":\"https:\\\/\\\/artyplanevents.com\\\/ca\\\/blog\\\/checklist-que-tenir-en-compte-en-personalitzar-material-corporatiu-per-a-esdeveniments\\\/\",\"name\":\"Material corporatiu personalitzat per a esdeveniments | Artyplan\",\"isPartOf\":{\"@id\":\"https:\\\/\\\/artyplanevents.com\\\/ca\\\/#website\"},\"primaryImageOfPage\":{\"@id\":\"https:\\\/\\\/artyplanevents.com\\\/ca\\\/blog\\\/checklist-que-tenir-en-compte-en-personalitzar-material-corporatiu-per-a-esdeveniments\\\/#primaryimage\"},\"image\":{\"@id\":\"https:\\\/\\\/artyplanevents.com\\\/ca\\\/blog\\\/checklist-que-tenir-en-compte-en-personalitzar-material-corporatiu-per-a-esdeveniments\\\/#primaryimage\"},\"thumbnailUrl\":\"https:\\\/\\\/artyplanevents.com\\\/wp-content\\\/uploads\\\/2025\\\/09\\\/material-corporativo-blog.png\",\"datePublished\":\"2025-01-26T22:00:00+00:00\",\"dateModified\":\"2025-09-07T14:23:30+00:00\",\"description\":\"Personalitza material corporatiu per a esdeveniments com el Mobile World Congress i el Va salar de l'Ensenyament. Checklist per a crear-los amb impacte.\",\"breadcrumb\":{\"@id\":\"https:\\\/\\\/artyplanevents.com\\\/ca\\\/blog\\\/checklist-que-tenir-en-compte-en-personalitzar-material-corporatiu-per-a-esdeveniments\\\/#breadcrumb\"},\"inLanguage\":\"ca\",\"potentialAction\":[{\"@type\":\"ReadAction\",\"target\":[\"https:\\\/\\\/artyplanevents.com\\\/ca\\\/blog\\\/checklist-que-tenir-en-compte-en-personalitzar-material-corporatiu-per-a-esdeveniments\\\/\"]}]},{\"@type\":\"ImageObject\",\"inLanguage\":\"ca\",\"@id\":\"https:\\\/\\\/artyplanevents.com\\\/ca\\\/blog\\\/checklist-que-tenir-en-compte-en-personalitzar-material-corporatiu-per-a-esdeveniments\\\/#primaryimage\",\"url\":\"https:\\\/\\\/artyplanevents.com\\\/wp-content\\\/uploads\\\/2025\\\/09\\\/material-corporativo-blog.png\",\"contentUrl\":\"https:\\\/\\\/artyplanevents.com\\\/wp-content\\\/uploads\\\/2025\\\/09\\\/material-corporativo-blog.png\",\"width\":1920,\"height\":600,\"caption\":\"material corporativo para eventos|flyers corporativos feria\"},{\"@type\":\"BreadcrumbList\",\"@id\":\"https:\\\/\\\/artyplanevents.com\\\/ca\\\/blog\\\/checklist-que-tenir-en-compte-en-personalitzar-material-corporatiu-per-a-esdeveniments\\\/#breadcrumb\",\"itemListElement\":[{\"@type\":\"ListItem\",\"position\":1,\"name\":\"Artyplan\",\"item\":\"https:\\\/\\\/artyplanevents.com\\\/ca\\\/\"},{\"@type\":\"ListItem\",\"position\":2,\"name\":\"Checklist: Qu\u00e8 tenir en compte en personalitzar material corporatiu per a esdeveniments\"}]},{\"@type\":\"WebSite\",\"@id\":\"https:\\\/\\\/artyplanevents.com\\\/ca\\\/#website\",\"url\":\"https:\\\/\\\/artyplanevents.com\\\/ca\\\/\",\"name\":\"Artyplan\",\"description\":\"\",\"publisher\":{\"@id\":\"https:\\\/\\\/artyplanevents.com\\\/ca\\\/#organization\"},\"potentialAction\":[{\"@type\":\"SearchAction\",\"target\":{\"@type\":\"EntryPoint\",\"urlTemplate\":\"https:\\\/\\\/artyplanevents.com\\\/ca\\\/?s={search_term_string}\"},\"query-input\":{\"@type\":\"PropertyValueSpecification\",\"valueRequired\":true,\"valueName\":\"search_term_string\"}}],\"inLanguage\":\"ca\"},{\"@type\":\"Organization\",\"@id\":\"https:\\\/\\\/artyplanevents.com\\\/ca\\\/#organization\",\"name\":\"Artyplan\",\"url\":\"https:\\\/\\\/artyplanevents.com\\\/ca\\\/\",\"logo\":{\"@type\":\"ImageObject\",\"inLanguage\":\"ca\",\"@id\":\"https:\\\/\\\/artyplanevents.com\\\/ca\\\/#\\\/schema\\\/logo\\\/image\\\/\",\"url\":\"https:\\\/\\\/preweb.artyplan.com\\\/wp-content\\\/uploads\\\/2025\\\/11\\\/Logo-artyplan-690x690-1.png\",\"contentUrl\":\"https:\\\/\\\/preweb.artyplan.com\\\/wp-content\\\/uploads\\\/2025\\\/11\\\/Logo-artyplan-690x690-1.png\",\"width\":690,\"height\":690,\"caption\":\"Artyplan\"},\"image\":{\"@id\":\"https:\\\/\\\/artyplanevents.com\\\/ca\\\/#\\\/schema\\\/logo\\\/image\\\/\"},\"sameAs\":[\"https:\\\/\\\/www.facebook.com\\\/artyplan\",\"https:\\\/\\\/x.com\\\/artyplan\"]},{\"@type\":\"Person\",\"@id\":\"https:\\\/\\\/artyplanevents.com\\\/ca\\\/#\\\/schema\\\/person\\\/7e099d8fb4e2e75f604bce6a0026fc08\",\"name\":\"jcartagena\",\"image\":{\"@type\":\"ImageObject\",\"inLanguage\":\"ca\",\"@id\":\"https:\\\/\\\/secure.gravatar.com\\\/avatar\\\/74b6898d9dd18bcd06e733678b696165da09bb7631730fd9477d49273abe408c?s=96&d=mm&r=g\",\"url\":\"https:\\\/\\\/secure.gravatar.com\\\/avatar\\\/74b6898d9dd18bcd06e733678b696165da09bb7631730fd9477d49273abe408c?s=96&d=mm&r=g\",\"contentUrl\":\"https:\\\/\\\/secure.gravatar.com\\\/avatar\\\/74b6898d9dd18bcd06e733678b696165da09bb7631730fd9477d49273abe408c?s=96&d=mm&r=g\",\"caption\":\"jcartagena\"},\"sameAs\":[\"https:\\\/\\\/preweb.artyplan.com\"],\"url\":\"https:\\\/\\\/artyplanevents.com\\\/ca\\\/author\\\/jcartagena\\\/\"}]}<\/script>\n<!-- \/ Yoast SEO plugin. -->","yoast_head_json":{"title":"Material corporatiu personalitzat per a esdeveniments | Artyplan","description":"Personalitza material corporatiu per a esdeveniments com el Mobile World Congress i el Va salar de l'Ensenyament. Checklist per a crear-los amb impacte.","robots":{"index":"noindex","follow":"follow","max-snippet":"max-snippet:-1","max-image-preview":"max-image-preview:large","max-video-preview":"max-video-preview:-1"},"og_locale":"ca_ES","og_type":"article","og_title":"Material corporatiu personalitzat per a esdeveniments | Artyplan","og_description":"Personalitza material corporatiu per a esdeveniments com el Mobile World Congress i el Va salar de l'Ensenyament. Checklist per a crear-los amb impacte.","og_url":"https:\/\/artyplanevents.com\/ca\/blog\/checklist-que-tenir-en-compte-en-personalitzar-material-corporatiu-per-a-esdeveniments\/","og_site_name":"Artyplan","article_publisher":"https:\/\/www.facebook.com\/artyplan","article_published_time":"2025-01-26T22:00:00+00:00","article_modified_time":"2025-09-07T14:23:30+00:00","og_image":[{"width":1920,"height":600,"url":"https:\/\/artyplanevents.com\/wp-content\/uploads\/2025\/09\/material-corporativo-blog.png","type":"image\/png"}],"author":"jcartagena","twitter_card":"summary_large_image","twitter_creator":"@artyplan","twitter_site":"@artyplan","twitter_misc":{"Escrit per":"jcartagena","Temps estimat de lectura":"3 minuts"},"schema":{"@context":"https:\/\/schema.org","@graph":[{"@type":"Article","@id":"https:\/\/artyplanevents.com\/ca\/blog\/checklist-que-tenir-en-compte-en-personalitzar-material-corporatiu-per-a-esdeveniments\/#article","isPartOf":{"@id":"https:\/\/artyplanevents.com\/ca\/blog\/checklist-que-tenir-en-compte-en-personalitzar-material-corporatiu-per-a-esdeveniments\/"},"author":{"name":"jcartagena","@id":"https:\/\/artyplanevents.com\/ca\/#\/schema\/person\/7e099d8fb4e2e75f604bce6a0026fc08"},"headline":"Checklist: Qu\u00e8 tenir en compte en personalitzar material corporatiu per a esdeveniments","datePublished":"2025-01-26T22:00:00+00:00","dateModified":"2025-09-07T14:23:30+00:00","mainEntityOfPage":{"@id":"https:\/\/artyplanevents.com\/ca\/blog\/checklist-que-tenir-en-compte-en-personalitzar-material-corporatiu-per-a-esdeveniments\/"},"wordCount":668,"publisher":{"@id":"https:\/\/artyplanevents.com\/ca\/#organization"},"image":{"@id":"https:\/\/artyplanevents.com\/ca\/blog\/checklist-que-tenir-en-compte-en-personalitzar-material-corporatiu-per-a-esdeveniments\/#primaryimage"},"thumbnailUrl":"https:\/\/artyplanevents.com\/wp-content\/uploads\/2025\/09\/material-corporativo-blog.png","articleSection":["Ecol\u00f2gic","Noticies"],"inLanguage":"ca"},{"@type":"WebPage","@id":"https:\/\/artyplanevents.com\/ca\/blog\/checklist-que-tenir-en-compte-en-personalitzar-material-corporatiu-per-a-esdeveniments\/","url":"https:\/\/artyplanevents.com\/ca\/blog\/checklist-que-tenir-en-compte-en-personalitzar-material-corporatiu-per-a-esdeveniments\/","name":"Material corporatiu personalitzat per a esdeveniments | Artyplan","isPartOf":{"@id":"https:\/\/artyplanevents.com\/ca\/#website"},"primaryImageOfPage":{"@id":"https:\/\/artyplanevents.com\/ca\/blog\/checklist-que-tenir-en-compte-en-personalitzar-material-corporatiu-per-a-esdeveniments\/#primaryimage"},"image":{"@id":"https:\/\/artyplanevents.com\/ca\/blog\/checklist-que-tenir-en-compte-en-personalitzar-material-corporatiu-per-a-esdeveniments\/#primaryimage"},"thumbnailUrl":"https:\/\/artyplanevents.com\/wp-content\/uploads\/2025\/09\/material-corporativo-blog.png","datePublished":"2025-01-26T22:00:00+00:00","dateModified":"2025-09-07T14:23:30+00:00","description":"Personalitza material corporatiu per a esdeveniments com el Mobile World Congress i el Va salar de l'Ensenyament. Checklist per a crear-los amb impacte.","breadcrumb":{"@id":"https:\/\/artyplanevents.com\/ca\/blog\/checklist-que-tenir-en-compte-en-personalitzar-material-corporatiu-per-a-esdeveniments\/#breadcrumb"},"inLanguage":"ca","potentialAction":[{"@type":"ReadAction","target":["https:\/\/artyplanevents.com\/ca\/blog\/checklist-que-tenir-en-compte-en-personalitzar-material-corporatiu-per-a-esdeveniments\/"]}]},{"@type":"ImageObject","inLanguage":"ca","@id":"https:\/\/artyplanevents.com\/ca\/blog\/checklist-que-tenir-en-compte-en-personalitzar-material-corporatiu-per-a-esdeveniments\/#primaryimage","url":"https:\/\/artyplanevents.com\/wp-content\/uploads\/2025\/09\/material-corporativo-blog.png","contentUrl":"https:\/\/artyplanevents.com\/wp-content\/uploads\/2025\/09\/material-corporativo-blog.png","width":1920,"height":600,"caption":"material corporativo para eventos|flyers corporativos feria"},{"@type":"BreadcrumbList","@id":"https:\/\/artyplanevents.com\/ca\/blog\/checklist-que-tenir-en-compte-en-personalitzar-material-corporatiu-per-a-esdeveniments\/#breadcrumb","itemListElement":[{"@type":"ListItem","position":1,"name":"Artyplan","item":"https:\/\/artyplanevents.com\/ca\/"},{"@type":"ListItem","position":2,"name":"Checklist: Qu\u00e8 tenir en compte en personalitzar material corporatiu per a esdeveniments"}]},{"@type":"WebSite","@id":"https:\/\/artyplanevents.com\/ca\/#website","url":"https:\/\/artyplanevents.com\/ca\/","name":"Artyplan","description":"","publisher":{"@id":"https:\/\/artyplanevents.com\/ca\/#organization"},"potentialAction":[{"@type":"SearchAction","target":{"@type":"EntryPoint","urlTemplate":"https:\/\/artyplanevents.com\/ca\/?s={search_term_string}"},"query-input":{"@type":"PropertyValueSpecification","valueRequired":true,"valueName":"search_term_string"}}],"inLanguage":"ca"},{"@type":"Organization","@id":"https:\/\/artyplanevents.com\/ca\/#organization","name":"Artyplan","url":"https:\/\/artyplanevents.com\/ca\/","logo":{"@type":"ImageObject","inLanguage":"ca","@id":"https:\/\/artyplanevents.com\/ca\/#\/schema\/logo\/image\/","url":"https:\/\/preweb.artyplan.com\/wp-content\/uploads\/2025\/11\/Logo-artyplan-690x690-1.png","contentUrl":"https:\/\/preweb.artyplan.com\/wp-content\/uploads\/2025\/11\/Logo-artyplan-690x690-1.png","width":690,"height":690,"caption":"Artyplan"},"image":{"@id":"https:\/\/artyplanevents.com\/ca\/#\/schema\/logo\/image\/"},"sameAs":["https:\/\/www.facebook.com\/artyplan","https:\/\/x.com\/artyplan"]},{"@type":"Person","@id":"https:\/\/artyplanevents.com\/ca\/#\/schema\/person\/7e099d8fb4e2e75f604bce6a0026fc08","name":"jcartagena","image":{"@type":"ImageObject","inLanguage":"ca","@id":"https:\/\/secure.gravatar.com\/avatar\/74b6898d9dd18bcd06e733678b696165da09bb7631730fd9477d49273abe408c?s=96&d=mm&r=g","url":"https:\/\/secure.gravatar.com\/avatar\/74b6898d9dd18bcd06e733678b696165da09bb7631730fd9477d49273abe408c?s=96&d=mm&r=g","contentUrl":"https:\/\/secure.gravatar.com\/avatar\/74b6898d9dd18bcd06e733678b696165da09bb7631730fd9477d49273abe408c?s=96&d=mm&r=g","caption":"jcartagena"},"sameAs":["https:\/\/preweb.artyplan.com"],"url":"https:\/\/artyplanevents.com\/ca\/author\/jcartagena\/"}]}},"_links":{"self":[{"href":"https:\/\/artyplanevents.com\/ca\/wp-json\/wp\/v2\/posts\/6088","targetHints":{"allow":["GET"]}}],"collection":[{"href":"https:\/\/artyplanevents.com\/ca\/wp-json\/wp\/v2\/posts"}],"about":[{"href":"https:\/\/artyplanevents.com\/ca\/wp-json\/wp\/v2\/types\/post"}],"author":[{"embeddable":true,"href":"https:\/\/artyplanevents.com\/ca\/wp-json\/wp\/v2\/users\/1"}],"replies":[{"embeddable":true,"href":"https:\/\/artyplanevents.com\/ca\/wp-json\/wp\/v2\/comments?post=6088"}],"version-history":[{"count":7,"href":"https:\/\/artyplanevents.com\/ca\/wp-json\/wp\/v2\/posts\/6088\/revisions"}],"predecessor-version":[{"id":8068,"href":"https:\/\/artyplanevents.com\/ca\/wp-json\/wp\/v2\/posts\/6088\/revisions\/8068"}],"wp:featuredmedia":[{"embeddable":true,"href":"https:\/\/artyplanevents.com\/ca\/wp-json\/wp\/v2\/media\/7562"}],"wp:attachment":[{"href":"https:\/\/artyplanevents.com\/ca\/wp-json\/wp\/v2\/media?parent=6088"}],"wp:term":[{"taxonomy":"category","embeddable":true,"href":"https:\/\/artyplanevents.com\/ca\/wp-json\/wp\/v2\/categories?post=6088"},{"taxonomy":"post_tag","embeddable":true,"href":"https:\/\/artyplanevents.com\/ca\/wp-json\/wp\/v2\/tags?post=6088"}],"curies":[{"name":"wp","href":"https:\/\/api.w.org\/{rel}","templated":true}]}}