{"id":6094,"date":"2025-02-04T00:00:00","date_gmt":"2025-02-03T22:00:00","guid":{"rendered":"https:\/\/preweb.artyplan.com\/sin-categorizar\/economia-circular-en-la-impressio-com-implementar-aquest-model-en-el-teu-negoci\/"},"modified":"2025-09-07T16:23:36","modified_gmt":"2025-09-07T14:23:36","slug":"economia-circular-en-la-impressio-com-implementar-aquest-model-en-el-teu-negoci","status":"publish","type":"post","link":"https:\/\/artyplanevents.com\/ca\/blog\/economia-circular-en-la-impressio-com-implementar-aquest-model-en-el-teu-negoci\/","title":{"rendered":"Economia circular en la impressi\u00f3: Com implementar aquest model en el teu negoci"},"content":{"rendered":"<p>En un m\u00f3n on la sostenibilitat \u00e9s cada vegada m\u00e9s priorit\u00e0ria, les empreses d&#8217;impressi\u00f3 tenen l&#8217;oportunitat d&#8217;adoptar un model d&#8217;economia circular per a reduir el seu impacte ambiental i millorar la seva efici\u00e8ncia. Per\u00f2, en qu\u00e8 consisteix l&#8217;economia circular aplicada a la impressi\u00f3 i com pots implementar-la en el teu negoci? En aquest article te l&#8217;expliquem.<\/p>\n<h2>Qu\u00e8 \u00e9s l&#8217;economia circular en la impressi\u00f3?<\/h2>\n<p>L&#8217;economia circular \u00e9s un model que busca minimitzar el desaprofitament i maximitzar l&#8217;\u00fas eficient dels recursos, promovent la reutilitzaci\u00f3, el reciclatge i la reducci\u00f3 de residus. En el sector de la impressi\u00f3, aix\u00f2 implica optimitzar l&#8217;\u00fas de materials, reduir el consum d&#8217;energia i adoptar pr\u00e0ctiques sostenibles que redueixin l&#8217;impacte ambiental al llarg de tota la cadena de producci\u00f3.<\/p>\n<h2>Beneficis de l&#8217;economia circular en la impressi\u00f3<img fetchpriority=\"high\" decoding=\"async\" class=\"size-medium wp-image-14007 alignright\" style=\"font-size: 16px;\" src=\"https:\/\/preweb.artyplan.com\/wp-content\/uploads\/2025\/09\/economia-circular-impresion-233x300.jpeg\" alt=\"economia circular impresion\" width=\"233\" height=\"300\" \/><\/h2>\n<ul>\n<li><strong>Reducci\u00f3 de costos<\/strong>: En optimitzar l&#8217;\u00fas de recursos i prolongar la vida \u00fatil dels equips, les empreses poden disminuir despeses operatives i d&#8217;adquisici\u00f3 de nous dispositius.<\/li>\n<li><strong>Menor impacte ambiental<\/strong>: En prolongar la vida \u00fatil dels equips i optimitzar els processos, es redueixen les emissions de gasos d&#8217;efecte d&#8217;hivernacle associades a la producci\u00f3 i eliminaci\u00f3 de dispositius.<\/li>\n<li><strong>Millora de la imatge corporativa<\/strong>: Les empreses compromeses amb la sostenibilitat s\u00f3n percebudes de manera m\u00e9s positiva per clients i socis comercials, la qual cosa pot traduir-se en avantatges competitius.<\/li>\n<li><strong>Compliment normatiu<\/strong>: Adoptar estrat\u00e8gies circulars ajuda a complir amb regulacions mediambientals cada vegada m\u00e9s estrictes.<\/li>\n<\/ul>\n<h2>Claus per a implementar l&#8217;economia circular en el teu negoci d&#8217;impressi\u00f3<\/h2>\n<ul>\n<li><strong>Prolongar la vida \u00fatil dels equips:<\/strong><\/li>\n<\/ul>\n<p>Realitzar un manteniment regular de les impressores i utilitzar consumibles de qualitat contribueix a allargar la vida \u00fatil dels equips, reduint la necessitat de reempla\u00e7aments freq\u00fcents i disminuint l&#8217;impacte ambiental associat a la fabricaci\u00f3 de nous dispositius.<\/p>\n<ul>\n<li><strong>Reducci\u00f3 del desaprofitament de paper<\/strong><\/li>\n<\/ul>\n<p>Fomentar pr\u00e0ctiques com la impressi\u00f3 a doble cara, la reducci\u00f3 de marges i la digitalitzaci\u00f3 de documents ajuda a disminuir el consum de paper. A m\u00e9s, optar per paper reciclat o amb certificacions sostenibles contribueix a la conservaci\u00f3 dels recursos forestals.<\/p>\n<ul>\n<li><strong>Reciclatge i reutilitzaci\u00f3<\/strong><\/li>\n<\/ul>\n<p>Implementar programes de reciclatge per a cartutxos de tinta i t\u00f2ner \u00e9s essencial. Moltes empreses ofereixen serveis de recollida i reciclatge d&#8217;aquests consumibles, assegurant una gesti\u00f3 adequada dels residus i fomentant la reutilitzaci\u00f3 de materials.<\/p>\n<ul>\n<li><strong>Optimitzaci\u00f3 del consum energ\u00e8tic<\/strong><\/li>\n<\/ul>\n<p>Utilitzar equips d&#8217;impressi\u00f3 amb certificacions d&#8217;efici\u00e8ncia energ\u00e8tica i configurar les impressores en modes d&#8217;estalvi d&#8217;energia pot reduir el consum el\u00e8ctric. Apagar els dispositius quan no estan en \u00fas tamb\u00e9 contribueix a l&#8217;efici\u00e8ncia energ\u00e8tica.<\/p>\n<ul>\n<li><strong>Ecodisseny en productes impresos<\/strong><\/li>\n<\/ul>\n<p>Dissenya materials d&#8217;impressi\u00f3 considerant el seu cicle de vida, facilitant la seva reutilitzaci\u00f3 i reciclatge. Evita laminatges pl\u00e0stics no reciclables i prioritza tintes biodegradables.<\/p>\n<ul>\n<li><strong>Digitalitzaci\u00f3 i alternatives a la impressi\u00f3 tradicional<\/strong><\/li>\n<\/ul>\n<p>Promou l&#8217;\u00fas de documents digitals quan sigui possible, reduint la necessitat d&#8217;impressi\u00f3. La combinaci\u00f3 d&#8217;estrat\u00e8gies digitals amb la impressi\u00f3 sostenible optimitza els recursos sense comprometre la comunicaci\u00f3.<\/p>\n<p>Adoptar l&#8217;economia circular en el sector de la impressi\u00f3 no sols beneficia al medi ambient, sin\u00f3 que tamb\u00e9 millora la rendibilitat i reputaci\u00f3 del teu negoci. Implementant aquestes estrat\u00e8gies, contribuir\u00e0s a un futur m\u00e9s sostenible sense comprometre la qualitat dels teus productes i serveis. \u00c9s moment de fer el pas cap a la impressi\u00f3 circular!<\/p>\n","protected":false},"excerpt":{"rendered":"<p>En un m\u00f3n on la sostenibilitat \u00e9s cada vegada m\u00e9s priorit\u00e0ria, les empreses d&#8217;impressi\u00f3 tenen l&#8217;oportunitat d&#8217;adoptar un model d&#8217;economia circular per a reduir el seu impacte ambiental i millorar la seva efici\u00e8ncia. Per\u00f2, en qu\u00e8 consisteix l&#8217;economia circular aplicada a la impressi\u00f3 i com pots implementar-la en el teu negoci? En aquest article te [&hellip;]<\/p>\n","protected":false},"author":1,"featured_media":7567,"comment_status":"closed","ping_status":"closed","sticky":false,"template":"","format":"standard","meta":{"footnotes":""},"categories":[33],"tags":[],"class_list":["post-6094","post","type-post","status-publish","format-standard","has-post-thumbnail","hentry","category-noticies"],"yoast_head":"<!-- This site is optimized with the Yoast SEO plugin v27.4 - https:\/\/yoast.com\/product\/yoast-seo-wordpress\/ -->\n<title>Economia circular en el sector de la impressi\u00f3 | Artyplan<\/title>\n<meta name=\"description\" content=\"L&#039;economia circular transforma el teu negoci. Redueix costos, minimitzar l&#039;impacte ambiental i millorar l&#039;efici\u00e8ncia amb pr\u00e0ctiques sostenibles.\" \/>\n<meta name=\"robots\" content=\"noindex, follow, max-snippet:-1, max-image-preview:large, max-video-preview:-1\" \/>\n<meta property=\"og:locale\" content=\"ca_ES\" \/>\n<meta property=\"og:type\" content=\"article\" \/>\n<meta property=\"og:title\" content=\"Economia circular en el sector de la impressi\u00f3 | Artyplan\" \/>\n<meta property=\"og:description\" content=\"L&#039;economia circular transforma el teu negoci. Redueix costos, minimitzar l&#039;impacte ambiental i millorar l&#039;efici\u00e8ncia amb pr\u00e0ctiques sostenibles.\" \/>\n<meta property=\"og:url\" content=\"https:\/\/artyplanevents.com\/ca\/blog\/economia-circular-en-la-impressio-com-implementar-aquest-model-en-el-teu-negoci\/\" \/>\n<meta property=\"og:site_name\" content=\"Artyplan\" \/>\n<meta property=\"article:publisher\" content=\"https:\/\/www.facebook.com\/artyplan\" \/>\n<meta property=\"article:published_time\" content=\"2025-02-03T22:00:00+00:00\" \/>\n<meta property=\"article:modified_time\" content=\"2025-09-07T14:23:36+00:00\" \/>\n<meta property=\"og:image\" content=\"https:\/\/artyplanevents.com\/wp-content\/uploads\/2025\/09\/economia-circular-blog.jpg\" \/>\n\t<meta property=\"og:image:width\" content=\"1920\" \/>\n\t<meta property=\"og:image:height\" content=\"600\" \/>\n\t<meta property=\"og:image:type\" content=\"image\/jpeg\" \/>\n<meta name=\"author\" content=\"jcartagena\" \/>\n<meta name=\"twitter:card\" content=\"summary_large_image\" \/>\n<meta name=\"twitter:creator\" content=\"@artyplan\" \/>\n<meta name=\"twitter:site\" content=\"@artyplan\" \/>\n<meta name=\"twitter:label1\" content=\"Escrit per\" \/>\n\t<meta name=\"twitter:data1\" content=\"jcartagena\" \/>\n\t<meta name=\"twitter:label2\" content=\"Temps estimat de lectura\" \/>\n\t<meta name=\"twitter:data2\" content=\"3 minuts\" \/>\n<script type=\"application\/ld+json\" class=\"yoast-schema-graph\">{\"@context\":\"https:\\\/\\\/schema.org\",\"@graph\":[{\"@type\":\"Article\",\"@id\":\"https:\\\/\\\/artyplanevents.com\\\/ca\\\/blog\\\/economia-circular-en-la-impressio-com-implementar-aquest-model-en-el-teu-negoci\\\/#article\",\"isPartOf\":{\"@id\":\"https:\\\/\\\/artyplanevents.com\\\/ca\\\/blog\\\/economia-circular-en-la-impressio-com-implementar-aquest-model-en-el-teu-negoci\\\/\"},\"author\":{\"name\":\"jcartagena\",\"@id\":\"https:\\\/\\\/artyplanevents.com\\\/ca\\\/#\\\/schema\\\/person\\\/7e099d8fb4e2e75f604bce6a0026fc08\"},\"headline\":\"Economia circular en la impressi\u00f3: Com implementar aquest model en el teu negoci\",\"datePublished\":\"2025-02-03T22:00:00+00:00\",\"dateModified\":\"2025-09-07T14:23:36+00:00\",\"mainEntityOfPage\":{\"@id\":\"https:\\\/\\\/artyplanevents.com\\\/ca\\\/blog\\\/economia-circular-en-la-impressio-com-implementar-aquest-model-en-el-teu-negoci\\\/\"},\"wordCount\":590,\"publisher\":{\"@id\":\"https:\\\/\\\/artyplanevents.com\\\/ca\\\/#organization\"},\"image\":{\"@id\":\"https:\\\/\\\/artyplanevents.com\\\/ca\\\/blog\\\/economia-circular-en-la-impressio-com-implementar-aquest-model-en-el-teu-negoci\\\/#primaryimage\"},\"thumbnailUrl\":\"https:\\\/\\\/artyplanevents.com\\\/wp-content\\\/uploads\\\/2025\\\/09\\\/economia-circular-blog.jpg\",\"articleSection\":[\"Noticies\"],\"inLanguage\":\"ca\"},{\"@type\":\"WebPage\",\"@id\":\"https:\\\/\\\/artyplanevents.com\\\/ca\\\/blog\\\/economia-circular-en-la-impressio-com-implementar-aquest-model-en-el-teu-negoci\\\/\",\"url\":\"https:\\\/\\\/artyplanevents.com\\\/ca\\\/blog\\\/economia-circular-en-la-impressio-com-implementar-aquest-model-en-el-teu-negoci\\\/\",\"name\":\"Economia circular en el sector de la impressi\u00f3 | Artyplan\",\"isPartOf\":{\"@id\":\"https:\\\/\\\/artyplanevents.com\\\/ca\\\/#website\"},\"primaryImageOfPage\":{\"@id\":\"https:\\\/\\\/artyplanevents.com\\\/ca\\\/blog\\\/economia-circular-en-la-impressio-com-implementar-aquest-model-en-el-teu-negoci\\\/#primaryimage\"},\"image\":{\"@id\":\"https:\\\/\\\/artyplanevents.com\\\/ca\\\/blog\\\/economia-circular-en-la-impressio-com-implementar-aquest-model-en-el-teu-negoci\\\/#primaryimage\"},\"thumbnailUrl\":\"https:\\\/\\\/artyplanevents.com\\\/wp-content\\\/uploads\\\/2025\\\/09\\\/economia-circular-blog.jpg\",\"datePublished\":\"2025-02-03T22:00:00+00:00\",\"dateModified\":\"2025-09-07T14:23:36+00:00\",\"description\":\"L'economia circular transforma el teu negoci. Redueix costos, minimitzar l'impacte ambiental i millorar l'efici\u00e8ncia amb pr\u00e0ctiques sostenibles.\",\"breadcrumb\":{\"@id\":\"https:\\\/\\\/artyplanevents.com\\\/ca\\\/blog\\\/economia-circular-en-la-impressio-com-implementar-aquest-model-en-el-teu-negoci\\\/#breadcrumb\"},\"inLanguage\":\"ca\",\"potentialAction\":[{\"@type\":\"ReadAction\",\"target\":[\"https:\\\/\\\/artyplanevents.com\\\/ca\\\/blog\\\/economia-circular-en-la-impressio-com-implementar-aquest-model-en-el-teu-negoci\\\/\"]}]},{\"@type\":\"ImageObject\",\"inLanguage\":\"ca\",\"@id\":\"https:\\\/\\\/artyplanevents.com\\\/ca\\\/blog\\\/economia-circular-en-la-impressio-com-implementar-aquest-model-en-el-teu-negoci\\\/#primaryimage\",\"url\":\"https:\\\/\\\/artyplanevents.com\\\/wp-content\\\/uploads\\\/2025\\\/09\\\/economia-circular-blog.jpg\",\"contentUrl\":\"https:\\\/\\\/artyplanevents.com\\\/wp-content\\\/uploads\\\/2025\\\/09\\\/economia-circular-blog.jpg\",\"width\":1920,\"height\":600,\"caption\":\"economia circular impresion|economia circular impresion\"},{\"@type\":\"BreadcrumbList\",\"@id\":\"https:\\\/\\\/artyplanevents.com\\\/ca\\\/blog\\\/economia-circular-en-la-impressio-com-implementar-aquest-model-en-el-teu-negoci\\\/#breadcrumb\",\"itemListElement\":[{\"@type\":\"ListItem\",\"position\":1,\"name\":\"Artyplan\",\"item\":\"https:\\\/\\\/artyplanevents.com\\\/ca\\\/\"},{\"@type\":\"ListItem\",\"position\":2,\"name\":\"Economia circular en la impressi\u00f3: Com implementar aquest model en el teu negoci\"}]},{\"@type\":\"WebSite\",\"@id\":\"https:\\\/\\\/artyplanevents.com\\\/ca\\\/#website\",\"url\":\"https:\\\/\\\/artyplanevents.com\\\/ca\\\/\",\"name\":\"Artyplan\",\"description\":\"\",\"publisher\":{\"@id\":\"https:\\\/\\\/artyplanevents.com\\\/ca\\\/#organization\"},\"potentialAction\":[{\"@type\":\"SearchAction\",\"target\":{\"@type\":\"EntryPoint\",\"urlTemplate\":\"https:\\\/\\\/artyplanevents.com\\\/ca\\\/?s={search_term_string}\"},\"query-input\":{\"@type\":\"PropertyValueSpecification\",\"valueRequired\":true,\"valueName\":\"search_term_string\"}}],\"inLanguage\":\"ca\"},{\"@type\":\"Organization\",\"@id\":\"https:\\\/\\\/artyplanevents.com\\\/ca\\\/#organization\",\"name\":\"Artyplan\",\"url\":\"https:\\\/\\\/artyplanevents.com\\\/ca\\\/\",\"logo\":{\"@type\":\"ImageObject\",\"inLanguage\":\"ca\",\"@id\":\"https:\\\/\\\/artyplanevents.com\\\/ca\\\/#\\\/schema\\\/logo\\\/image\\\/\",\"url\":\"https:\\\/\\\/preweb.artyplan.com\\\/wp-content\\\/uploads\\\/2025\\\/11\\\/Logo-artyplan-690x690-1.png\",\"contentUrl\":\"https:\\\/\\\/preweb.artyplan.com\\\/wp-content\\\/uploads\\\/2025\\\/11\\\/Logo-artyplan-690x690-1.png\",\"width\":690,\"height\":690,\"caption\":\"Artyplan\"},\"image\":{\"@id\":\"https:\\\/\\\/artyplanevents.com\\\/ca\\\/#\\\/schema\\\/logo\\\/image\\\/\"},\"sameAs\":[\"https:\\\/\\\/www.facebook.com\\\/artyplan\",\"https:\\\/\\\/x.com\\\/artyplan\"]},{\"@type\":\"Person\",\"@id\":\"https:\\\/\\\/artyplanevents.com\\\/ca\\\/#\\\/schema\\\/person\\\/7e099d8fb4e2e75f604bce6a0026fc08\",\"name\":\"jcartagena\",\"image\":{\"@type\":\"ImageObject\",\"inLanguage\":\"ca\",\"@id\":\"https:\\\/\\\/secure.gravatar.com\\\/avatar\\\/74b6898d9dd18bcd06e733678b696165da09bb7631730fd9477d49273abe408c?s=96&d=mm&r=g\",\"url\":\"https:\\\/\\\/secure.gravatar.com\\\/avatar\\\/74b6898d9dd18bcd06e733678b696165da09bb7631730fd9477d49273abe408c?s=96&d=mm&r=g\",\"contentUrl\":\"https:\\\/\\\/secure.gravatar.com\\\/avatar\\\/74b6898d9dd18bcd06e733678b696165da09bb7631730fd9477d49273abe408c?s=96&d=mm&r=g\",\"caption\":\"jcartagena\"},\"sameAs\":[\"https:\\\/\\\/preweb.artyplan.com\"],\"url\":\"https:\\\/\\\/artyplanevents.com\\\/ca\\\/author\\\/jcartagena\\\/\"}]}<\/script>\n<!-- \/ Yoast SEO plugin. -->","yoast_head_json":{"title":"Economia circular en el sector de la impressi\u00f3 | Artyplan","description":"L'economia circular transforma el teu negoci. Redueix costos, minimitzar l'impacte ambiental i millorar l'efici\u00e8ncia amb pr\u00e0ctiques sostenibles.","robots":{"index":"noindex","follow":"follow","max-snippet":"max-snippet:-1","max-image-preview":"max-image-preview:large","max-video-preview":"max-video-preview:-1"},"og_locale":"ca_ES","og_type":"article","og_title":"Economia circular en el sector de la impressi\u00f3 | Artyplan","og_description":"L'economia circular transforma el teu negoci. Redueix costos, minimitzar l'impacte ambiental i millorar l'efici\u00e8ncia amb pr\u00e0ctiques sostenibles.","og_url":"https:\/\/artyplanevents.com\/ca\/blog\/economia-circular-en-la-impressio-com-implementar-aquest-model-en-el-teu-negoci\/","og_site_name":"Artyplan","article_publisher":"https:\/\/www.facebook.com\/artyplan","article_published_time":"2025-02-03T22:00:00+00:00","article_modified_time":"2025-09-07T14:23:36+00:00","og_image":[{"width":1920,"height":600,"url":"https:\/\/artyplanevents.com\/wp-content\/uploads\/2025\/09\/economia-circular-blog.jpg","type":"image\/jpeg"}],"author":"jcartagena","twitter_card":"summary_large_image","twitter_creator":"@artyplan","twitter_site":"@artyplan","twitter_misc":{"Escrit per":"jcartagena","Temps estimat de lectura":"3 minuts"},"schema":{"@context":"https:\/\/schema.org","@graph":[{"@type":"Article","@id":"https:\/\/artyplanevents.com\/ca\/blog\/economia-circular-en-la-impressio-com-implementar-aquest-model-en-el-teu-negoci\/#article","isPartOf":{"@id":"https:\/\/artyplanevents.com\/ca\/blog\/economia-circular-en-la-impressio-com-implementar-aquest-model-en-el-teu-negoci\/"},"author":{"name":"jcartagena","@id":"https:\/\/artyplanevents.com\/ca\/#\/schema\/person\/7e099d8fb4e2e75f604bce6a0026fc08"},"headline":"Economia circular en la impressi\u00f3: Com implementar aquest model en el teu negoci","datePublished":"2025-02-03T22:00:00+00:00","dateModified":"2025-09-07T14:23:36+00:00","mainEntityOfPage":{"@id":"https:\/\/artyplanevents.com\/ca\/blog\/economia-circular-en-la-impressio-com-implementar-aquest-model-en-el-teu-negoci\/"},"wordCount":590,"publisher":{"@id":"https:\/\/artyplanevents.com\/ca\/#organization"},"image":{"@id":"https:\/\/artyplanevents.com\/ca\/blog\/economia-circular-en-la-impressio-com-implementar-aquest-model-en-el-teu-negoci\/#primaryimage"},"thumbnailUrl":"https:\/\/artyplanevents.com\/wp-content\/uploads\/2025\/09\/economia-circular-blog.jpg","articleSection":["Noticies"],"inLanguage":"ca"},{"@type":"WebPage","@id":"https:\/\/artyplanevents.com\/ca\/blog\/economia-circular-en-la-impressio-com-implementar-aquest-model-en-el-teu-negoci\/","url":"https:\/\/artyplanevents.com\/ca\/blog\/economia-circular-en-la-impressio-com-implementar-aquest-model-en-el-teu-negoci\/","name":"Economia circular en el sector de la impressi\u00f3 | Artyplan","isPartOf":{"@id":"https:\/\/artyplanevents.com\/ca\/#website"},"primaryImageOfPage":{"@id":"https:\/\/artyplanevents.com\/ca\/blog\/economia-circular-en-la-impressio-com-implementar-aquest-model-en-el-teu-negoci\/#primaryimage"},"image":{"@id":"https:\/\/artyplanevents.com\/ca\/blog\/economia-circular-en-la-impressio-com-implementar-aquest-model-en-el-teu-negoci\/#primaryimage"},"thumbnailUrl":"https:\/\/artyplanevents.com\/wp-content\/uploads\/2025\/09\/economia-circular-blog.jpg","datePublished":"2025-02-03T22:00:00+00:00","dateModified":"2025-09-07T14:23:36+00:00","description":"L'economia circular transforma el teu negoci. Redueix costos, minimitzar l'impacte ambiental i millorar l'efici\u00e8ncia amb pr\u00e0ctiques sostenibles.","breadcrumb":{"@id":"https:\/\/artyplanevents.com\/ca\/blog\/economia-circular-en-la-impressio-com-implementar-aquest-model-en-el-teu-negoci\/#breadcrumb"},"inLanguage":"ca","potentialAction":[{"@type":"ReadAction","target":["https:\/\/artyplanevents.com\/ca\/blog\/economia-circular-en-la-impressio-com-implementar-aquest-model-en-el-teu-negoci\/"]}]},{"@type":"ImageObject","inLanguage":"ca","@id":"https:\/\/artyplanevents.com\/ca\/blog\/economia-circular-en-la-impressio-com-implementar-aquest-model-en-el-teu-negoci\/#primaryimage","url":"https:\/\/artyplanevents.com\/wp-content\/uploads\/2025\/09\/economia-circular-blog.jpg","contentUrl":"https:\/\/artyplanevents.com\/wp-content\/uploads\/2025\/09\/economia-circular-blog.jpg","width":1920,"height":600,"caption":"economia circular impresion|economia circular impresion"},{"@type":"BreadcrumbList","@id":"https:\/\/artyplanevents.com\/ca\/blog\/economia-circular-en-la-impressio-com-implementar-aquest-model-en-el-teu-negoci\/#breadcrumb","itemListElement":[{"@type":"ListItem","position":1,"name":"Artyplan","item":"https:\/\/artyplanevents.com\/ca\/"},{"@type":"ListItem","position":2,"name":"Economia circular en la impressi\u00f3: Com implementar aquest model en el teu negoci"}]},{"@type":"WebSite","@id":"https:\/\/artyplanevents.com\/ca\/#website","url":"https:\/\/artyplanevents.com\/ca\/","name":"Artyplan","description":"","publisher":{"@id":"https:\/\/artyplanevents.com\/ca\/#organization"},"potentialAction":[{"@type":"SearchAction","target":{"@type":"EntryPoint","urlTemplate":"https:\/\/artyplanevents.com\/ca\/?s={search_term_string}"},"query-input":{"@type":"PropertyValueSpecification","valueRequired":true,"valueName":"search_term_string"}}],"inLanguage":"ca"},{"@type":"Organization","@id":"https:\/\/artyplanevents.com\/ca\/#organization","name":"Artyplan","url":"https:\/\/artyplanevents.com\/ca\/","logo":{"@type":"ImageObject","inLanguage":"ca","@id":"https:\/\/artyplanevents.com\/ca\/#\/schema\/logo\/image\/","url":"https:\/\/preweb.artyplan.com\/wp-content\/uploads\/2025\/11\/Logo-artyplan-690x690-1.png","contentUrl":"https:\/\/preweb.artyplan.com\/wp-content\/uploads\/2025\/11\/Logo-artyplan-690x690-1.png","width":690,"height":690,"caption":"Artyplan"},"image":{"@id":"https:\/\/artyplanevents.com\/ca\/#\/schema\/logo\/image\/"},"sameAs":["https:\/\/www.facebook.com\/artyplan","https:\/\/x.com\/artyplan"]},{"@type":"Person","@id":"https:\/\/artyplanevents.com\/ca\/#\/schema\/person\/7e099d8fb4e2e75f604bce6a0026fc08","name":"jcartagena","image":{"@type":"ImageObject","inLanguage":"ca","@id":"https:\/\/secure.gravatar.com\/avatar\/74b6898d9dd18bcd06e733678b696165da09bb7631730fd9477d49273abe408c?s=96&d=mm&r=g","url":"https:\/\/secure.gravatar.com\/avatar\/74b6898d9dd18bcd06e733678b696165da09bb7631730fd9477d49273abe408c?s=96&d=mm&r=g","contentUrl":"https:\/\/secure.gravatar.com\/avatar\/74b6898d9dd18bcd06e733678b696165da09bb7631730fd9477d49273abe408c?s=96&d=mm&r=g","caption":"jcartagena"},"sameAs":["https:\/\/preweb.artyplan.com"],"url":"https:\/\/artyplanevents.com\/ca\/author\/jcartagena\/"}]}},"_links":{"self":[{"href":"https:\/\/artyplanevents.com\/ca\/wp-json\/wp\/v2\/posts\/6094","targetHints":{"allow":["GET"]}}],"collection":[{"href":"https:\/\/artyplanevents.com\/ca\/wp-json\/wp\/v2\/posts"}],"about":[{"href":"https:\/\/artyplanevents.com\/ca\/wp-json\/wp\/v2\/types\/post"}],"author":[{"embeddable":true,"href":"https:\/\/artyplanevents.com\/ca\/wp-json\/wp\/v2\/users\/1"}],"replies":[{"embeddable":true,"href":"https:\/\/artyplanevents.com\/ca\/wp-json\/wp\/v2\/comments?post=6094"}],"version-history":[{"count":7,"href":"https:\/\/artyplanevents.com\/ca\/wp-json\/wp\/v2\/posts\/6094\/revisions"}],"predecessor-version":[{"id":8072,"href":"https:\/\/artyplanevents.com\/ca\/wp-json\/wp\/v2\/posts\/6094\/revisions\/8072"}],"wp:featuredmedia":[{"embeddable":true,"href":"https:\/\/artyplanevents.com\/ca\/wp-json\/wp\/v2\/media\/7567"}],"wp:attachment":[{"href":"https:\/\/artyplanevents.com\/ca\/wp-json\/wp\/v2\/media?parent=6094"}],"wp:term":[{"taxonomy":"category","embeddable":true,"href":"https:\/\/artyplanevents.com\/ca\/wp-json\/wp\/v2\/categories?post=6094"},{"taxonomy":"post_tag","embeddable":true,"href":"https:\/\/artyplanevents.com\/ca\/wp-json\/wp\/v2\/tags?post=6094"}],"curies":[{"name":"wp","href":"https:\/\/api.w.org\/{rel}","templated":true}]}}