{"id":6118,"date":"2025-03-03T00:00:00","date_gmt":"2025-03-02T22:00:00","guid":{"rendered":"https:\/\/preweb.artyplan.com\/sin-categorizar\/ventalls-i-tote-bags-personalitzats-imprescindibles-per-a-qualsevol-festival\/"},"modified":"2025-09-07T16:23:54","modified_gmt":"2025-09-07T14:23:54","slug":"ventalls-i-tote-bags-personalitzats-imprescindibles-per-a-qualsevol-festival","status":"publish","type":"post","link":"https:\/\/artyplanevents.com\/ca\/blog\/ventalls-i-tote-bags-personalitzats-imprescindibles-per-a-qualsevol-festival\/","title":{"rendered":"Ventalls i tote bags personalitzats: imprescindibles per a qualsevol festival"},"content":{"rendered":"<p>Els festivals de m\u00fasica i esdeveniments a l&#8217;aire lliure s\u00f3n experi\u00e8ncies inoblidables que combinen m\u00fasica, cultura i diversi\u00f3. Per a les marques i empreses, aquests esdeveniments representen una oportunitat \u00fanica per a destacar i connectar amb el p\u00fablic d&#8217;una manera creativa i efectiva. Dos productes promocionals que s&#8217;han convertit en imprescindibles per a qualsevol festival s\u00f3n els ventalls i les\u00a0tote\u00a0bags\u00a0personalitzades. Per qu\u00e8? Perqu\u00e8 combinen utilitat, visibilitat i estil.<\/p>\n<h2>Ventalls personalitzats: frescor amb impacte publicitari<\/h2>\n<p>Quan la temperatura puja i el sol brilla amb intensitat, els assistents als festivals busquen qualsevol manera de refrescar-se. Els ventalls personalitzats no sols compleixen aquesta funci\u00f3, sin\u00f3 que tamb\u00e9 s\u00f3n una excel\u00b7lent eina de br\u00e0nding. En portar impr\u00e8s el logo de la teva empresa o un disseny cridaner, es converteixen en un accessori que els assistents faran servir constantment i que captar\u00e0 l&#8217;atenci\u00f3 dels qui els envolten.<\/p>\n<p>Els ventalls personalitzats s\u00f3n un accessori pr\u00e0ctic que ajuda a combatre la calor en esdeveniments a l&#8217;aire lliure. Al mateix temps, ofereixen una superf\u00edcie perfecta per a destacar el logo i missatge de la teva empresa. La seva facilitat de distribuci\u00f3 i la seva utilitat garanteixen que la teva marca ser\u00e0 vista en nombroses ocasions.<\/p>\n<h3>Avantatges dels ventalls personalitzats<\/h3>\n<p>Els ventalls personalitzats s\u00f3n una eina promocional efectiva que combina practicitat i visibilitat. El seu disseny vers\u00e0til i el seu baix cost els converteixen en una excel\u00b7lent opci\u00f3 per a marques que busquen deixar una impressi\u00f3 duradora en el seu p\u00fablic. A continuaci\u00f3, et detallem algunes dels principals avantatges dels ventalls personalitzats:<\/p>\n<ul>\n<li><strong>Exposici\u00f3 cont\u00ednua<\/strong>: Un ventall en \u00fas \u00e9s una plataforma publicit\u00e0ria en moviment.<\/li>\n<li><strong>Practicitat<\/strong>: S\u00f3n lleugers, f\u00e0cils de duur i de gran utilitat en climes c\u00e0lids.<\/li>\n<li><strong>Cost accessible i alt impacte<\/strong>: S\u00f3n econ\u00f2mics de produir i ofereixen una gran visibilitat.<\/li>\n<li><strong>Versatilitat en disseny<\/strong>: Disponibles en diversos materials, colors i estils per a adaptar-se a qualsevol identitat visual.<\/li>\n<\/ul>\n<h2>Tote\u00a0bags: l&#8217;accessori perfecte per a qualsevol festival<\/h2>\n<p>Les\u00a0tote\u00a0bags\u00a0personalitzades s\u00f3n un altre element essencial en qualsevol esdeveniment. S\u00f3n ideals perqu\u00e8 els assistents portin les seves pertinences de manera c\u00f2moda, a m\u00e9s de ser reutilitzables i ecol\u00f2giques. Per a les marques, representen una oportunitat d&#8217;exposici\u00f3 cont\u00ednua, ja que els assistents les continuaran utilitzant fins i tot despr\u00e9s del festival.<\/p>\n<h3>Beneficis de les\u00a0tote\u00a0bags\u00a0personalitzades<img fetchpriority=\"high\" decoding=\"async\" class=\"size-medium wp-image-14097 alignright\" src=\"https:\/\/preweb.artyplan.com\/wp-content\/uploads\/2025\/09\/tote-bag-festival-de-musica-300x300.png\" alt=\"tote bag festival de musica\" width=\"300\" height=\"300\" \/><\/h3>\n<p>Les tote bags personalitzades s\u00f3n una opci\u00f3 promocional ideal per a empreses que busquen al mateix temps generar impacte i promoure la sostenibilitat. Amb el seu ampli espai per a dissenys i la seva durabilitat, aquestes bosses ofereixen una excel\u00b7lent visibilitat a llarg termini. Et presentem alguns dels beneficis clau de les tote bags personalitzades<\/p>\n<ul>\n<li><strong>Sostenibilitat<\/strong>: En ser reutilitzables, contribueixen a reduir l&#8217;\u00fas de bosses pl\u00e0stiques.<\/li>\n<li><strong>Gran superf\u00edcie d&#8217;impressi\u00f3<\/strong>: Permeten dissenys cridaners i creatius que reforcin la identitat de la marca.<\/li>\n<li><strong>Durabilitat<\/strong>: Acostumen a estar fabricades amb materials resistents, la qual cosa garanteix una llarga vida \u00fatil.<\/li>\n<li><strong>\u00das prolongat<\/strong>: Els assistents les utilitzaran en el seu dia a dia, assegurant visibilitat m\u00e9s enll\u00e0 de l&#8217;esdeveniment.<\/li>\n<\/ul>\n<p>Si la teva empresa busca destacar en festivals i esdeveniments massius, els ventalls i\u00a0<a href=\"https:\/\/artyplan.com\/ca\/productes-impressio\/serveis-dimpressio-de-petit-format\/papereria-corporativa\/bosses\/\" target=\"_blank\" rel=\"noopener\">tote\u00a0bags\u00a0personalitzats<\/a> s\u00f3n una inversi\u00f3 intel\u00b7ligent. No sols ofereixen utilitat als assistents, sin\u00f3 que tamb\u00e9 reforcen la pres\u00e8ncia de marca d&#8217;una manera original i efectiva. A Artyplan, tenim una \u00e0mplia varietat d&#8217;opcions de personalitzaci\u00f3 perqu\u00e8 la teva marca llueixi en cada festival. Contacta&#8217;ns i fem que la teva marca estigui a tot arreu!<\/p>\n","protected":false},"excerpt":{"rendered":"<p>Els festivals de m\u00fasica i esdeveniments a l&#8217;aire lliure s\u00f3n experi\u00e8ncies inoblidables que combinen m\u00fasica, cultura i diversi\u00f3. Per a les marques i empreses, aquests esdeveniments representen una oportunitat \u00fanica per a destacar i connectar amb el p\u00fablic d&#8217;una manera creativa i efectiva. Dos productes promocionals que s&#8217;han convertit en imprescindibles per a qualsevol festival [&hellip;]<\/p>\n","protected":false},"author":1,"featured_media":6117,"comment_status":"closed","ping_status":"closed","sticky":false,"template":"","format":"standard","meta":{"footnotes":""},"categories":[33],"tags":[],"class_list":["post-6118","post","type-post","status-publish","format-standard","has-post-thumbnail","hentry","category-noticies"],"yoast_head":"<!-- This site is optimized with the Yoast SEO plugin v27.4 - https:\/\/yoast.com\/product\/yoast-seo-wordpress\/ -->\n<title>Ventalls i Tote bags: Imprescindibles per a festivals<\/title>\n<meta name=\"description\" content=\"Augmenta la visibilitat de la teva marca en festivals amb ventalls i tote bags. Practicitat i exposici\u00f3, assegurant que la teva empresa destaqui.\" \/>\n<meta name=\"robots\" content=\"noindex, follow, max-snippet:-1, max-image-preview:large, max-video-preview:-1\" \/>\n<meta property=\"og:locale\" content=\"ca_ES\" \/>\n<meta property=\"og:type\" content=\"article\" \/>\n<meta property=\"og:title\" content=\"Ventalls i Tote bags: Imprescindibles per a festivals\" \/>\n<meta property=\"og:description\" content=\"Augmenta la visibilitat de la teva marca en festivals amb ventalls i tote bags. Practicitat i exposici\u00f3, assegurant que la teva empresa destaqui.\" \/>\n<meta property=\"og:url\" content=\"https:\/\/artyplanevents.com\/ca\/blog\/ventalls-i-tote-bags-personalitzats-imprescindibles-per-a-qualsevol-festival\/\" \/>\n<meta property=\"og:site_name\" content=\"Artyplan\" \/>\n<meta property=\"article:publisher\" content=\"https:\/\/www.facebook.com\/artyplan\" \/>\n<meta property=\"article:published_time\" content=\"2025-03-02T22:00:00+00:00\" \/>\n<meta property=\"article:modified_time\" content=\"2025-09-07T14:23:54+00:00\" \/>\n<meta property=\"og:image\" content=\"https:\/\/artyplanevents.com\/wp-content\/uploads\/2025\/09\/Abanico-festivales-de-musica-blog-2.png\" \/>\n\t<meta property=\"og:image:width\" content=\"1920\" \/>\n\t<meta property=\"og:image:height\" content=\"600\" \/>\n\t<meta property=\"og:image:type\" content=\"image\/png\" \/>\n<meta name=\"author\" content=\"jcartagena\" \/>\n<meta name=\"twitter:card\" content=\"summary_large_image\" \/>\n<meta name=\"twitter:creator\" content=\"@artyplan\" \/>\n<meta name=\"twitter:site\" content=\"@artyplan\" \/>\n<meta name=\"twitter:label1\" content=\"Escrit per\" \/>\n\t<meta name=\"twitter:data1\" content=\"jcartagena\" \/>\n\t<meta name=\"twitter:label2\" content=\"Temps estimat de lectura\" \/>\n\t<meta name=\"twitter:data2\" content=\"3 minuts\" \/>\n<script type=\"application\/ld+json\" class=\"yoast-schema-graph\">{\"@context\":\"https:\\\/\\\/schema.org\",\"@graph\":[{\"@type\":\"Article\",\"@id\":\"https:\\\/\\\/artyplanevents.com\\\/ca\\\/blog\\\/ventalls-i-tote-bags-personalitzats-imprescindibles-per-a-qualsevol-festival\\\/#article\",\"isPartOf\":{\"@id\":\"https:\\\/\\\/artyplanevents.com\\\/ca\\\/blog\\\/ventalls-i-tote-bags-personalitzats-imprescindibles-per-a-qualsevol-festival\\\/\"},\"author\":{\"name\":\"jcartagena\",\"@id\":\"https:\\\/\\\/artyplanevents.com\\\/ca\\\/#\\\/schema\\\/person\\\/7e099d8fb4e2e75f604bce6a0026fc08\"},\"headline\":\"Ventalls i tote bags personalitzats: imprescindibles per a qualsevol festival\",\"datePublished\":\"2025-03-02T22:00:00+00:00\",\"dateModified\":\"2025-09-07T14:23:54+00:00\",\"mainEntityOfPage\":{\"@id\":\"https:\\\/\\\/artyplanevents.com\\\/ca\\\/blog\\\/ventalls-i-tote-bags-personalitzats-imprescindibles-per-a-qualsevol-festival\\\/\"},\"wordCount\":624,\"publisher\":{\"@id\":\"https:\\\/\\\/artyplanevents.com\\\/ca\\\/#organization\"},\"image\":{\"@id\":\"https:\\\/\\\/artyplanevents.com\\\/ca\\\/blog\\\/ventalls-i-tote-bags-personalitzats-imprescindibles-per-a-qualsevol-festival\\\/#primaryimage\"},\"thumbnailUrl\":\"https:\\\/\\\/artyplanevents.com\\\/wp-content\\\/uploads\\\/2025\\\/09\\\/Abanico-festivales-de-musica-blog-2.png\",\"articleSection\":[\"Noticies\"],\"inLanguage\":\"ca\"},{\"@type\":\"WebPage\",\"@id\":\"https:\\\/\\\/artyplanevents.com\\\/ca\\\/blog\\\/ventalls-i-tote-bags-personalitzats-imprescindibles-per-a-qualsevol-festival\\\/\",\"url\":\"https:\\\/\\\/artyplanevents.com\\\/ca\\\/blog\\\/ventalls-i-tote-bags-personalitzats-imprescindibles-per-a-qualsevol-festival\\\/\",\"name\":\"Ventalls i Tote bags: Imprescindibles per a festivals\",\"isPartOf\":{\"@id\":\"https:\\\/\\\/artyplanevents.com\\\/ca\\\/#website\"},\"primaryImageOfPage\":{\"@id\":\"https:\\\/\\\/artyplanevents.com\\\/ca\\\/blog\\\/ventalls-i-tote-bags-personalitzats-imprescindibles-per-a-qualsevol-festival\\\/#primaryimage\"},\"image\":{\"@id\":\"https:\\\/\\\/artyplanevents.com\\\/ca\\\/blog\\\/ventalls-i-tote-bags-personalitzats-imprescindibles-per-a-qualsevol-festival\\\/#primaryimage\"},\"thumbnailUrl\":\"https:\\\/\\\/artyplanevents.com\\\/wp-content\\\/uploads\\\/2025\\\/09\\\/Abanico-festivales-de-musica-blog-2.png\",\"datePublished\":\"2025-03-02T22:00:00+00:00\",\"dateModified\":\"2025-09-07T14:23:54+00:00\",\"description\":\"Augmenta la visibilitat de la teva marca en festivals amb ventalls i tote bags. Practicitat i exposici\u00f3, assegurant que la teva empresa destaqui.\",\"breadcrumb\":{\"@id\":\"https:\\\/\\\/artyplanevents.com\\\/ca\\\/blog\\\/ventalls-i-tote-bags-personalitzats-imprescindibles-per-a-qualsevol-festival\\\/#breadcrumb\"},\"inLanguage\":\"ca\",\"potentialAction\":[{\"@type\":\"ReadAction\",\"target\":[\"https:\\\/\\\/artyplanevents.com\\\/ca\\\/blog\\\/ventalls-i-tote-bags-personalitzats-imprescindibles-per-a-qualsevol-festival\\\/\"]}]},{\"@type\":\"ImageObject\",\"inLanguage\":\"ca\",\"@id\":\"https:\\\/\\\/artyplanevents.com\\\/ca\\\/blog\\\/ventalls-i-tote-bags-personalitzats-imprescindibles-per-a-qualsevol-festival\\\/#primaryimage\",\"url\":\"https:\\\/\\\/artyplanevents.com\\\/wp-content\\\/uploads\\\/2025\\\/09\\\/Abanico-festivales-de-musica-blog-2.png\",\"contentUrl\":\"https:\\\/\\\/artyplanevents.com\\\/wp-content\\\/uploads\\\/2025\\\/09\\\/Abanico-festivales-de-musica-blog-2.png\",\"width\":1920,\"height\":600,\"caption\":\"abanico festivales musica||tote bag festival de musica\"},{\"@type\":\"BreadcrumbList\",\"@id\":\"https:\\\/\\\/artyplanevents.com\\\/ca\\\/blog\\\/ventalls-i-tote-bags-personalitzats-imprescindibles-per-a-qualsevol-festival\\\/#breadcrumb\",\"itemListElement\":[{\"@type\":\"ListItem\",\"position\":1,\"name\":\"Artyplan\",\"item\":\"https:\\\/\\\/artyplanevents.com\\\/ca\\\/\"},{\"@type\":\"ListItem\",\"position\":2,\"name\":\"Ventalls i tote bags personalitzats: imprescindibles per a qualsevol festival\"}]},{\"@type\":\"WebSite\",\"@id\":\"https:\\\/\\\/artyplanevents.com\\\/ca\\\/#website\",\"url\":\"https:\\\/\\\/artyplanevents.com\\\/ca\\\/\",\"name\":\"Artyplan\",\"description\":\"\",\"publisher\":{\"@id\":\"https:\\\/\\\/artyplanevents.com\\\/ca\\\/#organization\"},\"potentialAction\":[{\"@type\":\"SearchAction\",\"target\":{\"@type\":\"EntryPoint\",\"urlTemplate\":\"https:\\\/\\\/artyplanevents.com\\\/ca\\\/?s={search_term_string}\"},\"query-input\":{\"@type\":\"PropertyValueSpecification\",\"valueRequired\":true,\"valueName\":\"search_term_string\"}}],\"inLanguage\":\"ca\"},{\"@type\":\"Organization\",\"@id\":\"https:\\\/\\\/artyplanevents.com\\\/ca\\\/#organization\",\"name\":\"Artyplan\",\"url\":\"https:\\\/\\\/artyplanevents.com\\\/ca\\\/\",\"logo\":{\"@type\":\"ImageObject\",\"inLanguage\":\"ca\",\"@id\":\"https:\\\/\\\/artyplanevents.com\\\/ca\\\/#\\\/schema\\\/logo\\\/image\\\/\",\"url\":\"https:\\\/\\\/preweb.artyplan.com\\\/wp-content\\\/uploads\\\/2025\\\/11\\\/Logo-artyplan-690x690-1.png\",\"contentUrl\":\"https:\\\/\\\/preweb.artyplan.com\\\/wp-content\\\/uploads\\\/2025\\\/11\\\/Logo-artyplan-690x690-1.png\",\"width\":690,\"height\":690,\"caption\":\"Artyplan\"},\"image\":{\"@id\":\"https:\\\/\\\/artyplanevents.com\\\/ca\\\/#\\\/schema\\\/logo\\\/image\\\/\"},\"sameAs\":[\"https:\\\/\\\/www.facebook.com\\\/artyplan\",\"https:\\\/\\\/x.com\\\/artyplan\"]},{\"@type\":\"Person\",\"@id\":\"https:\\\/\\\/artyplanevents.com\\\/ca\\\/#\\\/schema\\\/person\\\/7e099d8fb4e2e75f604bce6a0026fc08\",\"name\":\"jcartagena\",\"image\":{\"@type\":\"ImageObject\",\"inLanguage\":\"ca\",\"@id\":\"https:\\\/\\\/secure.gravatar.com\\\/avatar\\\/74b6898d9dd18bcd06e733678b696165da09bb7631730fd9477d49273abe408c?s=96&d=mm&r=g\",\"url\":\"https:\\\/\\\/secure.gravatar.com\\\/avatar\\\/74b6898d9dd18bcd06e733678b696165da09bb7631730fd9477d49273abe408c?s=96&d=mm&r=g\",\"contentUrl\":\"https:\\\/\\\/secure.gravatar.com\\\/avatar\\\/74b6898d9dd18bcd06e733678b696165da09bb7631730fd9477d49273abe408c?s=96&d=mm&r=g\",\"caption\":\"jcartagena\"},\"sameAs\":[\"https:\\\/\\\/preweb.artyplan.com\"],\"url\":\"https:\\\/\\\/artyplanevents.com\\\/ca\\\/author\\\/jcartagena\\\/\"}]}<\/script>\n<!-- \/ Yoast SEO plugin. -->","yoast_head_json":{"title":"Ventalls i Tote bags: Imprescindibles per a festivals","description":"Augmenta la visibilitat de la teva marca en festivals amb ventalls i tote bags. Practicitat i exposici\u00f3, assegurant que la teva empresa destaqui.","robots":{"index":"noindex","follow":"follow","max-snippet":"max-snippet:-1","max-image-preview":"max-image-preview:large","max-video-preview":"max-video-preview:-1"},"og_locale":"ca_ES","og_type":"article","og_title":"Ventalls i Tote bags: Imprescindibles per a festivals","og_description":"Augmenta la visibilitat de la teva marca en festivals amb ventalls i tote bags. Practicitat i exposici\u00f3, assegurant que la teva empresa destaqui.","og_url":"https:\/\/artyplanevents.com\/ca\/blog\/ventalls-i-tote-bags-personalitzats-imprescindibles-per-a-qualsevol-festival\/","og_site_name":"Artyplan","article_publisher":"https:\/\/www.facebook.com\/artyplan","article_published_time":"2025-03-02T22:00:00+00:00","article_modified_time":"2025-09-07T14:23:54+00:00","og_image":[{"width":1920,"height":600,"url":"https:\/\/artyplanevents.com\/wp-content\/uploads\/2025\/09\/Abanico-festivales-de-musica-blog-2.png","type":"image\/png"}],"author":"jcartagena","twitter_card":"summary_large_image","twitter_creator":"@artyplan","twitter_site":"@artyplan","twitter_misc":{"Escrit per":"jcartagena","Temps estimat de lectura":"3 minuts"},"schema":{"@context":"https:\/\/schema.org","@graph":[{"@type":"Article","@id":"https:\/\/artyplanevents.com\/ca\/blog\/ventalls-i-tote-bags-personalitzats-imprescindibles-per-a-qualsevol-festival\/#article","isPartOf":{"@id":"https:\/\/artyplanevents.com\/ca\/blog\/ventalls-i-tote-bags-personalitzats-imprescindibles-per-a-qualsevol-festival\/"},"author":{"name":"jcartagena","@id":"https:\/\/artyplanevents.com\/ca\/#\/schema\/person\/7e099d8fb4e2e75f604bce6a0026fc08"},"headline":"Ventalls i tote bags personalitzats: imprescindibles per a qualsevol festival","datePublished":"2025-03-02T22:00:00+00:00","dateModified":"2025-09-07T14:23:54+00:00","mainEntityOfPage":{"@id":"https:\/\/artyplanevents.com\/ca\/blog\/ventalls-i-tote-bags-personalitzats-imprescindibles-per-a-qualsevol-festival\/"},"wordCount":624,"publisher":{"@id":"https:\/\/artyplanevents.com\/ca\/#organization"},"image":{"@id":"https:\/\/artyplanevents.com\/ca\/blog\/ventalls-i-tote-bags-personalitzats-imprescindibles-per-a-qualsevol-festival\/#primaryimage"},"thumbnailUrl":"https:\/\/artyplanevents.com\/wp-content\/uploads\/2025\/09\/Abanico-festivales-de-musica-blog-2.png","articleSection":["Noticies"],"inLanguage":"ca"},{"@type":"WebPage","@id":"https:\/\/artyplanevents.com\/ca\/blog\/ventalls-i-tote-bags-personalitzats-imprescindibles-per-a-qualsevol-festival\/","url":"https:\/\/artyplanevents.com\/ca\/blog\/ventalls-i-tote-bags-personalitzats-imprescindibles-per-a-qualsevol-festival\/","name":"Ventalls i Tote bags: Imprescindibles per a festivals","isPartOf":{"@id":"https:\/\/artyplanevents.com\/ca\/#website"},"primaryImageOfPage":{"@id":"https:\/\/artyplanevents.com\/ca\/blog\/ventalls-i-tote-bags-personalitzats-imprescindibles-per-a-qualsevol-festival\/#primaryimage"},"image":{"@id":"https:\/\/artyplanevents.com\/ca\/blog\/ventalls-i-tote-bags-personalitzats-imprescindibles-per-a-qualsevol-festival\/#primaryimage"},"thumbnailUrl":"https:\/\/artyplanevents.com\/wp-content\/uploads\/2025\/09\/Abanico-festivales-de-musica-blog-2.png","datePublished":"2025-03-02T22:00:00+00:00","dateModified":"2025-09-07T14:23:54+00:00","description":"Augmenta la visibilitat de la teva marca en festivals amb ventalls i tote bags. Practicitat i exposici\u00f3, assegurant que la teva empresa destaqui.","breadcrumb":{"@id":"https:\/\/artyplanevents.com\/ca\/blog\/ventalls-i-tote-bags-personalitzats-imprescindibles-per-a-qualsevol-festival\/#breadcrumb"},"inLanguage":"ca","potentialAction":[{"@type":"ReadAction","target":["https:\/\/artyplanevents.com\/ca\/blog\/ventalls-i-tote-bags-personalitzats-imprescindibles-per-a-qualsevol-festival\/"]}]},{"@type":"ImageObject","inLanguage":"ca","@id":"https:\/\/artyplanevents.com\/ca\/blog\/ventalls-i-tote-bags-personalitzats-imprescindibles-per-a-qualsevol-festival\/#primaryimage","url":"https:\/\/artyplanevents.com\/wp-content\/uploads\/2025\/09\/Abanico-festivales-de-musica-blog-2.png","contentUrl":"https:\/\/artyplanevents.com\/wp-content\/uploads\/2025\/09\/Abanico-festivales-de-musica-blog-2.png","width":1920,"height":600,"caption":"abanico festivales musica||tote bag festival de musica"},{"@type":"BreadcrumbList","@id":"https:\/\/artyplanevents.com\/ca\/blog\/ventalls-i-tote-bags-personalitzats-imprescindibles-per-a-qualsevol-festival\/#breadcrumb","itemListElement":[{"@type":"ListItem","position":1,"name":"Artyplan","item":"https:\/\/artyplanevents.com\/ca\/"},{"@type":"ListItem","position":2,"name":"Ventalls i tote bags personalitzats: imprescindibles per a qualsevol festival"}]},{"@type":"WebSite","@id":"https:\/\/artyplanevents.com\/ca\/#website","url":"https:\/\/artyplanevents.com\/ca\/","name":"Artyplan","description":"","publisher":{"@id":"https:\/\/artyplanevents.com\/ca\/#organization"},"potentialAction":[{"@type":"SearchAction","target":{"@type":"EntryPoint","urlTemplate":"https:\/\/artyplanevents.com\/ca\/?s={search_term_string}"},"query-input":{"@type":"PropertyValueSpecification","valueRequired":true,"valueName":"search_term_string"}}],"inLanguage":"ca"},{"@type":"Organization","@id":"https:\/\/artyplanevents.com\/ca\/#organization","name":"Artyplan","url":"https:\/\/artyplanevents.com\/ca\/","logo":{"@type":"ImageObject","inLanguage":"ca","@id":"https:\/\/artyplanevents.com\/ca\/#\/schema\/logo\/image\/","url":"https:\/\/preweb.artyplan.com\/wp-content\/uploads\/2025\/11\/Logo-artyplan-690x690-1.png","contentUrl":"https:\/\/preweb.artyplan.com\/wp-content\/uploads\/2025\/11\/Logo-artyplan-690x690-1.png","width":690,"height":690,"caption":"Artyplan"},"image":{"@id":"https:\/\/artyplanevents.com\/ca\/#\/schema\/logo\/image\/"},"sameAs":["https:\/\/www.facebook.com\/artyplan","https:\/\/x.com\/artyplan"]},{"@type":"Person","@id":"https:\/\/artyplanevents.com\/ca\/#\/schema\/person\/7e099d8fb4e2e75f604bce6a0026fc08","name":"jcartagena","image":{"@type":"ImageObject","inLanguage":"ca","@id":"https:\/\/secure.gravatar.com\/avatar\/74b6898d9dd18bcd06e733678b696165da09bb7631730fd9477d49273abe408c?s=96&d=mm&r=g","url":"https:\/\/secure.gravatar.com\/avatar\/74b6898d9dd18bcd06e733678b696165da09bb7631730fd9477d49273abe408c?s=96&d=mm&r=g","contentUrl":"https:\/\/secure.gravatar.com\/avatar\/74b6898d9dd18bcd06e733678b696165da09bb7631730fd9477d49273abe408c?s=96&d=mm&r=g","caption":"jcartagena"},"sameAs":["https:\/\/preweb.artyplan.com"],"url":"https:\/\/artyplanevents.com\/ca\/author\/jcartagena\/"}]}},"_links":{"self":[{"href":"https:\/\/artyplanevents.com\/ca\/wp-json\/wp\/v2\/posts\/6118","targetHints":{"allow":["GET"]}}],"collection":[{"href":"https:\/\/artyplanevents.com\/ca\/wp-json\/wp\/v2\/posts"}],"about":[{"href":"https:\/\/artyplanevents.com\/ca\/wp-json\/wp\/v2\/types\/post"}],"author":[{"embeddable":true,"href":"https:\/\/artyplanevents.com\/ca\/wp-json\/wp\/v2\/users\/1"}],"replies":[{"embeddable":true,"href":"https:\/\/artyplanevents.com\/ca\/wp-json\/wp\/v2\/comments?post=6118"}],"version-history":[{"count":7,"href":"https:\/\/artyplanevents.com\/ca\/wp-json\/wp\/v2\/posts\/6118\/revisions"}],"predecessor-version":[{"id":8088,"href":"https:\/\/artyplanevents.com\/ca\/wp-json\/wp\/v2\/posts\/6118\/revisions\/8088"}],"wp:featuredmedia":[{"embeddable":true,"href":"https:\/\/artyplanevents.com\/ca\/wp-json\/wp\/v2\/media\/6117"}],"wp:attachment":[{"href":"https:\/\/artyplanevents.com\/ca\/wp-json\/wp\/v2\/media?parent=6118"}],"wp:term":[{"taxonomy":"category","embeddable":true,"href":"https:\/\/artyplanevents.com\/ca\/wp-json\/wp\/v2\/categories?post=6118"},{"taxonomy":"post_tag","embeddable":true,"href":"https:\/\/artyplanevents.com\/ca\/wp-json\/wp\/v2\/tags?post=6118"}],"curies":[{"name":"wp","href":"https:\/\/api.w.org\/{rel}","templated":true}]}}